{"id":88792,"date":"2025-11-13T07:12:11","date_gmt":"2025-11-13T07:12:11","guid":{"rendered":"https:\/\/www.europesays.com\/fi\/88792\/"},"modified":"2025-11-13T07:12:11","modified_gmt":"2025-11-13T07:12:11","slug":"ruotsalaiskormy-kaynnisti-tapparan-murskajaiset-sheddenin-noste-sportissa-ei-kestanyt-kauan-urheilu","status":"publish","type":"post","link":"https:\/\/www.europesays.com\/fi\/88792\/","title":{"rendered":"Ruotsalaisk\u00f6rmy k\u00e4ynnisti Tapparan murskajaiset \u2013 Sheddenin noste Sportissa ei kest\u00e4nyt kauan | Urheilu"},"content":{"rendered":"<p>Vahvasti ennen maajoukkuetaukoa pelannut Tappara jatkoi keskiviikkona Vaasassa siit\u00e4, mihin joukkue ennen taukoa j\u00e4i.<\/p>\n<p>Vaikka Sportin ruotsalaishy\u00f6kk\u00e4\u00e4j\u00e4 Kalle Miketinac kuritti tamperelaisvieraita ylivoimalla jo ottelun nelj\u00e4nnell\u00e4 peliminuutilla, k\u00e4\u00e4ntyi ottelu Tapparalle lopulta t\u00e4ysin selvin lukemin 7\u20131.<\/p>\n<p>Tamperelaisten maalitalkoot aloitti ensimm\u00e4isess\u00e4 er\u00e4ss\u00e4 raamikas ruotsalaishy\u00f6kk\u00e4\u00e4j\u00e4 Emil Sylveg\u00e5rd, kun h\u00e4n laittoi maanmiehens\u00e4 Jonathan Anderssonin maalille toimittaman kiekon sis\u00e4\u00e4n. Enemm\u00e4n fyysisyydest\u00e4\u00e4n kuin pehmeist\u00e4 k\u00e4sist\u00e4\u00e4n tunnettu Sylveg\u00e5rd kirjautti lopulta tehopisteet 1+2=3.<\/p>\n<p>Kolmen pisteen ilta oli Tapparan nimelliseen ykk\u00f6sketjuun Oiva Keskisen ja Kasper Simontaipaleen (0+3) rinnalle nostetulle ruotsalaishy\u00f6kk\u00e4\u00e4j\u00e4lle ensimm\u00e4inen j\u00e4\u00e4kiekkoliigassa. Tamperelaisten kultakyp\u00e4r\u00e4 Joachim Blichfeld (2+2) ja Benjamin Rautiainen (1+3) viettiv\u00e4t niin ik\u00e4\u00e4n p\u00f6rssip\u00e4iv\u00e4\u00e4 ja kirjauttivat nelj\u00e4 tehopistett\u00e4.<\/p>\n<p>Pienen lokakuisen notkahduksen j\u00e4lkeen Tapparan juna on palannut takaisin raiteilleen. Voitolla Sportista tamperelaisryhm\u00e4 ponkaisi sarjataulukossa jo toiseksi, joskin tasapisteiss\u00e4 olevalla JYPill\u00e4 on pelattuna kaksi ottelua v\u00e4hemm\u00e4n.<\/p>\n<p>Sport voitti ennen maajoukkuetaukoa ensimm\u00e4isen ottelunsa uuden p\u00e4\u00e4valmentajansa Doug Sheddenin alaisuudessa, mutta keskiviikkona kotkapaitojen pelimerkit olivat sekaisin. Vaasalaiset saavat mahdollisuuden kurssin oikaisemiseen nopeasti, sill\u00e4 Sport matkustaa heti torstaina HPK:n vieraaksi.<\/p>\n","protected":false},"excerpt":{"rendered":"Vahvasti ennen maajoukkuetaukoa pelannut Tappara jatkoi keskiviikkona Vaasassa siit\u00e4, mihin joukkue ennen taukoa j\u00e4i. Vaikka Sportin ruotsalaishy\u00f6kk\u00e4\u00e4j\u00e4 Kalle&hellip;\n","protected":false},"author":2,"featured_media":88793,"comment_status":"","ping_status":"","sticky":false,"template":"","format":"standard","meta":{"footnotes":""},"categories":[158],"tags":[1144,33,31,30,1143,3822,4046,159,32,1145,10890,160,859],"class_list":{"0":"post-88792","1":"post","2":"type-post","3":"status-publish","4":"format-standard","5":"has-post-thumbnail","7":"category-urheilu","8":"tag-ammattilaisjaakiekko","9":"tag-fi","10":"tag-finland","11":"tag-finnish","12":"tag-jaakiekko","13":"tag-jyp","14":"tag-porssi-ja-arvopaperit-porssitoiminta","15":"tag-sports","16":"tag-suomi","17":"tag-talviurheilu","18":"tag-tappara","19":"tag-urheilu","20":"tag-vaasa"},"share_on_mastodon":{"url":"https:\/\/pubeurope.com\/@fi\/115541150630642405","error":""},"_links":{"self":[{"href":"https:\/\/www.europesays.com\/fi\/wp-json\/wp\/v2\/posts\/88792","targetHints":{"allow":["GET"]}}],"collection":[{"href":"https:\/\/www.europesays.com\/fi\/wp-json\/wp\/v2\/posts"}],"about":[{"href":"https:\/\/www.europesays.com\/fi\/wp-json\/wp\/v2\/types\/post"}],"author":[{"embeddable":true,"href":"https:\/\/www.europesays.com\/fi\/wp-json\/wp\/v2\/users\/2"}],"replies":[{"embeddable":true,"href":"https:\/\/www.europesays.com\/fi\/wp-json\/wp\/v2\/comments?post=88792"}],"version-history":[{"count":0,"href":"https:\/\/www.europesays.com\/fi\/wp-json\/wp\/v2\/posts\/88792\/revisions"}],"wp:featuredmedia":[{"embeddable":true,"href":"https:\/\/www.europesays.com\/fi\/wp-json\/wp\/v2\/media\/88793"}],"wp:attachment":[{"href":"https:\/\/www.europesays.com\/fi\/wp-json\/wp\/v2\/media?parent=88792"}],"wp:term":[{"taxonomy":"category","embeddable":true,"href":"https:\/\/www.europesays.com\/fi\/wp-json\/wp\/v2\/categories?post=88792"},{"taxonomy":"post_tag","embeddable":true,"href":"https:\/\/www.europesays.com\/fi\/wp-json\/wp\/v2\/tags?post=88792"}],"curies":[{"name":"wp","href":"https:\/\/api.w.org\/{rel}","templated":true}]}}