{"id":88800,"date":"2025-11-13T07:18:07","date_gmt":"2025-11-13T07:18:07","guid":{"rendered":"https:\/\/www.europesays.com\/fi\/88800\/"},"modified":"2025-11-13T07:18:07","modified_gmt":"2025-11-13T07:18:07","slug":"neljan-auton-peraanajo-tuusulanvaylalla-hs-fi","status":"publish","type":"post","link":"https:\/\/www.europesays.com\/fi\/88800\/","title":{"rendered":"Nelj\u00e4n auton per\u00e4\u00e4najo Tuusulanv\u00e4yl\u00e4ll\u00e4 | HS.fi"},"content":{"rendered":"<p>Onnettomuudet|Onnettomuus ruuhkautti liikennett\u00e4 noin kello kahdeksan aikaan torstaiaamuna.<\/p>\n<p>Lue tiivistelm\u00e4<\/p>\n<p>Tiivistelm\u00e4 on teko\u00e4lyn tekem\u00e4 ja ihmisen tarkistama.<\/p>\n<p class=\"article-body mb-nof-24 px-nof-16 sndp-summary-bullet-point-font\">Nelj\u00e4n auton ketjukolari tapahtui Tuusulanv\u00e4yl\u00e4ll\u00e4 Riihikallion kohdalla torstaiaamuna ennen kello kahdeksaa.<\/p>\n<p class=\"article-body mb-nof-24 px-nof-16 sndp-summary-bullet-point-font\">Onnettomuudessa loukkaantui liev\u00e4sti kuusi ihmist\u00e4, joista yksi kuljetettiin jatkohoitoon.<\/p>\n<p class=\"article-body mb-nof-24 px-nof-16 sndp-summary-bullet-point-font\">Pelastuslaitoksen mukaan onnettomuus sattui sateisessa ja pime\u00e4ss\u00e4 s\u00e4\u00e4ss\u00e4, mutta autojen nopeudet eiv\u00e4t olleet suuria.<\/p>\n<p class=\"article-body mb-nof-24 px-nof-16\">Nelj\u00e4n auton ketjukolari ruuhkautti liikennett\u00e4 Tuusulanv\u00e4yl\u00e4ll\u00e4 torstaiaamuna v\u00e4h\u00e4n ennen kello kahdeksaa, pelastuslaitos tiedotti.<\/p>\n<p class=\"article-body mb-nof-24 px-nof-16\">Autoissa oli yhteens\u00e4 kuusi ihmist\u00e4, kertoi Keski-Uudenmaan pelastuslaitoksen p\u00e4ivyst\u00e4v\u00e4 palomestari <a class=\"article-personlink\" href=\"https:\/\/www.hs.fi\/haku\/?query=Tomi%20Airaksinen\" rel=\"nofollow noopener\" target=\"_blank\">Tomi Airaksinen<\/a>. Heist\u00e4 yksi kuljetettiin jatkohoitoon.<\/p>\n<p class=\"article-body mb-nof-24 px-nof-16\">Onnettomuus aiheutti haittaa etel\u00e4n suuntaan, sill\u00e4 yksi kaista oli suljettuna. Onnettomuuspaikka oli Tuusulan it\u00e4v\u00e4yl\u00e4n etel\u00e4puolella, Finntrafficin mukaan Riihikallion kohdalla.<\/p>\n<p class=\"article-body mb-nof-24 px-nof-16\">Airaksisen mukaan autot eiv\u00e4t ajaneet kovaa onnettomuuden sattuessa. H\u00e4nen mukaansa turman aikaan satoi vett\u00e4 ja oli pime\u00e4\u00e4.<\/p>\n<p class=\"article-body mb-nof-24 px-nof-16\">Noin kello 8.30 aikaan liikenne sujui normaalisti ja autot oli siirretty sivuun tai ajettu pois.<\/p>\n","protected":false},"excerpt":{"rendered":"Onnettomuudet|Onnettomuus ruuhkautti liikennett\u00e4 noin kello kahdeksan aikaan torstaiaamuna. Lue tiivistelm\u00e4 Tiivistelm\u00e4 on teko\u00e4lyn tekem\u00e4 ja ihmisen tarkistama. Nelj\u00e4n&hellip;\n","protected":false},"author":2,"featured_media":79326,"comment_status":"","ping_status":"","sticky":false,"template":"","format":"standard","meta":{"footnotes":""},"categories":[12],"tags":[22,23,26,27,33,31,30,17,46,24,25,28,29,15,18,21,32,19,20,16],"class_list":{"0":"post-88800","1":"post","2":"type-post","3":"status-publish","4":"format-standard","5":"has-post-thumbnail","7":"category-suomi","8":"tag-breaking-news","9":"tag-breakingnews","10":"tag-featured-news","11":"tag-featurednews","12":"tag-fi","13":"tag-finland","14":"tag-finnish","15":"tag-headlines","16":"tag-helsingin-sanomat","17":"tag-latest-news","18":"tag-latestnews","19":"tag-main-news","20":"tag-mainnews","21":"tag-news","22":"tag-otsikot","23":"tag-paauutiset","24":"tag-suomi","25":"tag-top-stories","26":"tag-topstories","27":"tag-uutiset"},"share_on_mastodon":{"url":"https:\/\/pubeurope.com\/@fi\/115541174189458918","error":""},"_links":{"self":[{"href":"https:\/\/www.europesays.com\/fi\/wp-json\/wp\/v2\/posts\/88800","targetHints":{"allow":["GET"]}}],"collection":[{"href":"https:\/\/www.europesays.com\/fi\/wp-json\/wp\/v2\/posts"}],"about":[{"href":"https:\/\/www.europesays.com\/fi\/wp-json\/wp\/v2\/types\/post"}],"author":[{"embeddable":true,"href":"https:\/\/www.europesays.com\/fi\/wp-json\/wp\/v2\/users\/2"}],"replies":[{"embeddable":true,"href":"https:\/\/www.europesays.com\/fi\/wp-json\/wp\/v2\/comments?post=88800"}],"version-history":[{"count":0,"href":"https:\/\/www.europesays.com\/fi\/wp-json\/wp\/v2\/posts\/88800\/revisions"}],"wp:featuredmedia":[{"embeddable":true,"href":"https:\/\/www.europesays.com\/fi\/wp-json\/wp\/v2\/media\/79326"}],"wp:attachment":[{"href":"https:\/\/www.europesays.com\/fi\/wp-json\/wp\/v2\/media?parent=88800"}],"wp:term":[{"taxonomy":"category","embeddable":true,"href":"https:\/\/www.europesays.com\/fi\/wp-json\/wp\/v2\/categories?post=88800"},{"taxonomy":"post_tag","embeddable":true,"href":"https:\/\/www.europesays.com\/fi\/wp-json\/wp\/v2\/tags?post=88800"}],"curies":[{"name":"wp","href":"https:\/\/api.w.org\/{rel}","templated":true}]}}