{"id":88803,"date":"2025-11-13T07:31:09","date_gmt":"2025-11-13T07:31:09","guid":{"rendered":"https:\/\/www.europesays.com\/fi\/88803\/"},"modified":"2025-11-13T07:31:09","modified_gmt":"2025-11-13T07:31:09","slug":"jethro-rostedt-joutui-uhkaavaan-tilanteeseen-vietnamissa","status":"publish","type":"post","link":"https:\/\/www.europesays.com\/fi\/88803\/","title":{"rendered":"Jethro Rostedt joutui uhkaavaan tilanteeseen Vietnamissa"},"content":{"rendered":"<p>            Johanna Hintikka\n        <\/p>\n<p class=\"subtitle \">Jeti sai tilanteessa apua paikalliselta englannin kielen taitajalta.<\/p>\n<p class=\"article-content article-content-width !bg-background\">Kohuliikemies , 49, reissaa parhaillaan Aasiassa.<\/p>\n<p class=\"font-weight-bold m-font-weight-bold article-content article-content-width !bg-background\">Jethro Rostedt kommentoi Seiskalle oikeuden p\u00e4\u00e4t\u00f6st\u00e4:<\/p>\n<p class=\"article-content article-content-width !bg-background\">Jeti ilmoitti mielenkiintoisesta matkailuprojektistaan viikon vaihteessa someseuraajilleen. H\u00e4n kertoo tutustuvansa tulevien p\u00e4ivien ja mahdollisesti viikkojen aikana Indokiinan ihmeisiin.<\/p>\n<p>        <a itemprop=\"url\" href=\"https:\/\/www.seiska.fi\/kotimaa\/jethro-rostedt-sini-retkahti-taas-jalleen-kodittomana-aurinkorannikolla\/1974937\" rel=\"nofollow noopener\" target=\"_blank\"><\/p>\n<p>\nJethro Rostedt\n<\/p>\n<p class=\"section-date\">\n        <strong class=\"article-section\" data-section=\"kotimaa\"><br \/>\n            kotimaa<br \/>\n        <\/strong><br \/>\n        28.10. 11:05\n    <\/p>\n<p>Jethro Rostedt: Sini retkahti taas \u2013 j\u00e4lleen kodittomana Aurinkorannikolla\n    <\/p>\n<p itemprop=\"description\" class=\"subtitle \">\n    Vapaaehtoiset auttoivat Aurinkorannikolla kodittomana hengailleen Sinin Suomeen. Nainen oli hetken p\u00e4ihteet\u00f6n, mutta nyt kaikki on taas toisin.\n<\/p>\n<p>        <\/a><\/p>\n<p class=\"article-content article-content-width !bg-background\">Indokiinaksi kutsutaan Kaakkois-Aasian aluetta, johon kuuluvat ainakin Thaimaa, Singapore ja Vietnam.<\/p>\n<p class=\"article-content article-content-width !bg-background\">\u2013 Makumaailma, n\u00e4ht\u00e4vyyksi\u00e4 ja mahdottoman kylm\u00e4\u00e4 olutta. Voit seurata reissua mun twich-kanavalla, JetiStriimaa, Jethro ilmoittaa.<\/p>\n<p class=\"article-content article-content-width !bg-background\">H\u00e4n kertoo p\u00e4ivitt\u00e4v\u00e4ns\u00e4 seikkailujaan my\u00f6s Youtube-kanavalleen.<\/p>\n<p class=\"article-content article-content-width !bg-background\">Jetin ensimm\u00e4inen matkakohde on Vietnam, mihin herra on saapunut mit\u00e4 ilmeisimmin tiistaina (11.11.). H\u00e4n on julkaissut Instagram-tarinaansa valokuvan majoitusrakennuksensa karusta ilmeest\u00e4. Hotelli sijaitsee kuvan perusteella pienen sekatavarakaupan yl\u00e4kerrassa.<\/p>\n<p class=\"article-content article-content-width !bg-background\">Huoneeseen p\u00e4\u00e4sty\u00e4\u00e4n Jeti on uppoutunut televisio-ohjelmien pariin. Telkkarista on tullut muun muassa paikallinen Haluatko miljon\u00e4\u00e4riksi -ohjelma.<\/p>\n<p>&#8221;\u00c4ij\u00e4 tuli huutamaan&#8221;<\/p>\n<p class=\"article-content article-content-width !bg-background\">Jeti kertoo somessa my\u00f6s hieman pelottavasta kokemuksestaan, kun h\u00e4n t\u00f6rm\u00e4si kadulla vihaiselta vaikuttaneeseen paikallismieheen.<\/p>\n<p class=\"article-content article-content-width !bg-background\">\u2013\u00a0\u00c4ij\u00e4 tuli melko kovaan \u00e4\u00e4neen huutamaan jotain ja tietty vietnamiksi. En tietty ymm\u00e4rt\u00e4nyt sanaakaan ja rauhoitin tilanteen tarjoamalla ukolle bissen, Jethro kuvailee tapahtumaketjua.<\/p>\n<p>        <a itemprop=\"url\" href=\"https:\/\/www.seiska.fi\/kotimaa\/jethro-rostedt-laihdutti-53-kiloa-talta-han-nayttaa-nyt\/1960266\" rel=\"nofollow noopener\" target=\"_blank\"><\/p>\n<p>\nLaihdutti 53 kiloa\n<\/p>\n<p class=\"section-date\">\n        <strong class=\"article-section\" data-section=\"kotimaa\"><br \/>\n            kotimaa<br \/>\n        <\/strong><br \/>\n        14.10. 06:30\n    <\/p>\n<p>Jethro Rostedt laihdutti 53 kiloa \u2013 t\u00e4lt\u00e4 h\u00e4n n\u00e4ytt\u00e4\u00e4 nyt\n    <\/p>\n<p itemprop=\"description\" class=\"subtitle \">\n    Jethro kertoi podcastissa, miten huima painonpudotus on onnistunut\n<\/p>\n<p>        <\/a><\/p>\n<p class=\"article-content article-content-width !bg-background\">T\u00e4m\u00e4n j\u00e4lkeen paikalle oli saapunut nainen, joka oli ymm\u00e4rt\u00e4nyt Jetin h\u00e4mmennyksen.\u00a0<\/p>\n<p class=\"italic m-italic article-content article-content-width !bg-background\">\u2013 Paikalle tuli nainen, joka ymm\u00e4rsi my\u00f6s englantia ja kertoi, ett\u00e4 mulla on keng\u00e4t kuulemma pirun huonossa kunnossa. No siit\u00e4 sitten hommiin ja lopputulos, uusilla nauhoilla, on h\u00e4kellytt\u00e4v\u00e4.<\/p>\n<p class=\"article-content article-content-width !bg-background\">Jeti on napannut someensa valokuvan kadun reunalla istuvasta keng\u00e4nkiillottajasta sek\u00e4 valkoisena hohtavista popoistaan. H\u00e4n kertoo maksaneensa palvelusta kolme euroa.<\/p>\n<p>Laihdutusprojekti<\/p>\n<p class=\"article-content article-content-width !bg-background\">Viime kuussa Jethro kertoi avoimesti el\u00e4m\u00e4ntapamuutoksestaan. H\u00e4n oli vieraillut  Aurinkorannikon unelmia -podcastissa ja paljastanut pudottaneensa painoa yhteens\u00e4 53 kiloa.<\/p>\n<p>        <a itemprop=\"url\" href=\"https:\/\/www.seiska.fi\/katso\/jethro-rostedt-paljastaa-podcastissa-nain-paljon-han-tienasi-hittiohjelmalla\/1393661\" rel=\"nofollow noopener\" target=\"_blank\"><\/p>\n<p>\nJethro paljastaa podcastissa:\n<\/p>\n<p class=\"section-date\">\n        <strong class=\"article-section\" data-section=\"katso\"><br \/>\n            katso<br \/>\n        <\/strong><br \/>\n        13.10. 15:15\n    <\/p>\n<p>Jethro Rostedt paljastaa podcastissa: N\u00e4in paljon h\u00e4n tienasi hittiohjelmalla\n    <\/p>\n<p itemprop=\"description\" class=\"subtitle \">\n    Jethro Rostedt ly\u00f6 luvut tiskiin.\n<\/p>\n<p>        <\/a><\/p>\n<p class=\"article-content article-content-width !bg-background\">Jetin mielest\u00e4 painonpudotus l\u00e4htee aina ruokailutottumusten muutoksesta. Kuntosaliharjoittelun lis\u00e4\u00e4minen ei tuo oikotiet\u00e4 onneen.<\/p>\n<p class=\"article-content article-content-width !bg-background\">\u2013 Ainut tapa laihtua on t\u00e4sm\u00e4lleen se sama mill\u00e4 se on tullutkin. Eli lopeta se helvetin sy\u00f6minen, Jethro ohjeisti.<\/p>\n<p class=\"article-content article-content-width !bg-background\">\u2013 Jos s\u00e4 oot 50 kiloa ylipainoinen kuten m\u00e4kin, niin et s\u00e4 tee salilla hevon helvetti\u00e4k\u00e4\u00e4n.<\/p>\n","protected":false},"excerpt":{"rendered":"Johanna Hintikka Jeti sai tilanteessa apua paikalliselta englannin kielen taitajalta. Kohuliikemies , 49, reissaa parhaillaan Aasiassa. Jethro Rostedt&hellip;\n","protected":false},"author":2,"featured_media":88804,"comment_status":"","ping_status":"","sticky":false,"template":"","format":"standard","meta":{"footnotes":""},"categories":[136],"tags":[407,137,33,31,30,17931,9301,408,5440,1478,32,5357,109],"class_list":{"0":"post-88803","1":"post","2":"type-post","3":"status-publish","4":"format-standard","5":"has-post-thumbnail","7":"category-julkkikset","8":"tag-celebrities","9":"tag-entertainment","10":"tag-fi","11":"tag-finland","12":"tag-finnish","13":"tag-indokiina","14":"tag-jethro-rostedt","15":"tag-julkkikset","16":"tag-laihdutus","17":"tag-matkailu","18":"tag-suomi","19":"tag-vietnam","20":"tag-viihde"},"share_on_mastodon":{"url":"https:\/\/pubeurope.com\/@fi\/115541225186124986","error":""},"_links":{"self":[{"href":"https:\/\/www.europesays.com\/fi\/wp-json\/wp\/v2\/posts\/88803","targetHints":{"allow":["GET"]}}],"collection":[{"href":"https:\/\/www.europesays.com\/fi\/wp-json\/wp\/v2\/posts"}],"about":[{"href":"https:\/\/www.europesays.com\/fi\/wp-json\/wp\/v2\/types\/post"}],"author":[{"embeddable":true,"href":"https:\/\/www.europesays.com\/fi\/wp-json\/wp\/v2\/users\/2"}],"replies":[{"embeddable":true,"href":"https:\/\/www.europesays.com\/fi\/wp-json\/wp\/v2\/comments?post=88803"}],"version-history":[{"count":0,"href":"https:\/\/www.europesays.com\/fi\/wp-json\/wp\/v2\/posts\/88803\/revisions"}],"wp:featuredmedia":[{"embeddable":true,"href":"https:\/\/www.europesays.com\/fi\/wp-json\/wp\/v2\/media\/88804"}],"wp:attachment":[{"href":"https:\/\/www.europesays.com\/fi\/wp-json\/wp\/v2\/media?parent=88803"}],"wp:term":[{"taxonomy":"category","embeddable":true,"href":"https:\/\/www.europesays.com\/fi\/wp-json\/wp\/v2\/categories?post=88803"},{"taxonomy":"post_tag","embeddable":true,"href":"https:\/\/www.europesays.com\/fi\/wp-json\/wp\/v2\/tags?post=88803"}],"curies":[{"name":"wp","href":"https:\/\/api.w.org\/{rel}","templated":true}]}}