{"id":88836,"date":"2025-11-13T08:11:09","date_gmt":"2025-11-13T08:11:09","guid":{"rendered":"https:\/\/www.europesays.com\/fi\/88836\/"},"modified":"2025-11-13T08:11:09","modified_gmt":"2025-11-13T08:11:09","slug":"assat-kaappasi-suomen-mestarin","status":"publish","type":"post","link":"https:\/\/www.europesays.com\/fi\/88836\/","title":{"rendered":"\u00c4ss\u00e4t kaappasi Suomen mestarin"},"content":{"rendered":"<p>Linus Nyman siirtyy Porin \u00c4ssiin.<\/p>\n<p><img decoding=\"async\" class=\"image image-show image-preview\" src=\"https:\/\/www.europesays.com\/fi\/wp-content\/uploads\/2025\/11\/d90ae91fe6e476a51e524cccecb1723bfe9a82ae307fa411befecb05afbb770e.jpg\" alt=\"\"\/><img decoding=\"async\" class=\"image image-show\" src=\"https:\/\/www.europesays.com\/fi\/wp-content\/uploads\/2025\/11\/1763021469_536_d90ae91fe6e476a51e524cccecb1723bfe9a82ae307fa411befecb05afbb770e.jpg\" alt=\"\"\/><\/p>\n<p>Linus Nyman voitti Lukossa Suomen mestaruuden. Elmeri Elo \/ AOP<\/p>\n<p class=\"paragraph\">Suomen mestari <strong>Linus Nyman<\/strong>, 26, palaa SM-liigaan. Porin \u00c4ss\u00e4t tiedotti torstaina tehneens\u00e4 loppukauden pituisen sopimuksen suomalaislaiturin kanssa.<\/p>\n<p class=\"paragraph\">Sopimukseen sis\u00e4ltyy seuran optio my\u00f6s ensi kaudesta.<\/p>\n<p class=\"paragraph\">Nyman edusti Rauman Lukkoa kausilla 2018\u20132025. H\u00e4n voitti seuran riveiss\u00e4 Suomen mestaruuden kev\u00e4\u00e4ll\u00e4 2021. Kuluvan kauden laituri aloitti Ruotsin toiseksi korkeimmalla sarjatasolla IK Oskarshamnin joukkueessa, jossa h\u00e4n teki 14 ottelussa tehot 1+3.<\/p>\n<p class=\"paragraph\">Nyman on pelannut 375 ottelua SM-liigassa ja rikkonut 30 tehopisteen rajapyykin kolmesti. H\u00e4n on voittanut my\u00f6s alle 20-vuotiaiden maailmanmestaruuden.<\/p>\n<p class=\"paragraph\">Nyman liittyy \u00c4ssiin torstaina. Joukkue pelaa seuraavan kerran perjantaina TPS:\u00e4\u00e4 vastaan.<\/p>\n","protected":false},"excerpt":{"rendered":"Linus Nyman siirtyy Porin \u00c4ssiin. Linus Nyman voitti Lukossa Suomen mestaruuden. Elmeri Elo \/ AOP Suomen mestari Linus&hellip;\n","protected":false},"author":2,"featured_media":88837,"comment_status":"","ping_status":"","sticky":false,"template":"","format":"standard","meta":{"footnotes":""},"categories":[5],"tags":[35,22,23,26,27,33,31,30,17,1143,24,25,41,28,29,1146,15,18,21,4686,32,1145,19,20,16],"class_list":{"0":"post-88836","1":"post","2":"type-post","3":"status-publish","4":"format-standard","5":"has-post-thumbnail","7":"category-otsikot","8":"tag-24h","9":"tag-breaking-news","10":"tag-breakingnews","11":"tag-featured-news","12":"tag-featurednews","13":"tag-fi","14":"tag-finland","15":"tag-finnish","16":"tag-headlines","17":"tag-jaakiekko","18":"tag-latest-news","19":"tag-latestnews","20":"tag-liikunta-ja-urheilu","21":"tag-main-news","22":"tag-mainnews","23":"tag-miesten-jaakiekko","24":"tag-news","25":"tag-otsikot","26":"tag-paauutiset","27":"tag-suomen-jaakiekko","28":"tag-suomi","29":"tag-talviurheilu","30":"tag-top-stories","31":"tag-topstories","32":"tag-uutiset"},"share_on_mastodon":{"url":"https:\/\/pubeurope.com\/@fi\/115541382591639488","error":""},"_links":{"self":[{"href":"https:\/\/www.europesays.com\/fi\/wp-json\/wp\/v2\/posts\/88836","targetHints":{"allow":["GET"]}}],"collection":[{"href":"https:\/\/www.europesays.com\/fi\/wp-json\/wp\/v2\/posts"}],"about":[{"href":"https:\/\/www.europesays.com\/fi\/wp-json\/wp\/v2\/types\/post"}],"author":[{"embeddable":true,"href":"https:\/\/www.europesays.com\/fi\/wp-json\/wp\/v2\/users\/2"}],"replies":[{"embeddable":true,"href":"https:\/\/www.europesays.com\/fi\/wp-json\/wp\/v2\/comments?post=88836"}],"version-history":[{"count":0,"href":"https:\/\/www.europesays.com\/fi\/wp-json\/wp\/v2\/posts\/88836\/revisions"}],"wp:featuredmedia":[{"embeddable":true,"href":"https:\/\/www.europesays.com\/fi\/wp-json\/wp\/v2\/media\/88837"}],"wp:attachment":[{"href":"https:\/\/www.europesays.com\/fi\/wp-json\/wp\/v2\/media?parent=88836"}],"wp:term":[{"taxonomy":"category","embeddable":true,"href":"https:\/\/www.europesays.com\/fi\/wp-json\/wp\/v2\/categories?post=88836"},{"taxonomy":"post_tag","embeddable":true,"href":"https:\/\/www.europesays.com\/fi\/wp-json\/wp\/v2\/tags?post=88836"}],"curies":[{"name":"wp","href":"https:\/\/api.w.org\/{rel}","templated":true}]}}