{"id":88849,"date":"2025-11-13T08:35:08","date_gmt":"2025-11-13T08:35:08","guid":{"rendered":"https:\/\/www.europesays.com\/fi\/88849\/"},"modified":"2025-11-13T08:35:08","modified_gmt":"2025-11-13T08:35:08","slug":"ukrainan-sotakorvauslaina-ajautui-vastatuuleen-hs-fi","status":"publish","type":"post","link":"https:\/\/www.europesays.com\/fi\/88849\/","title":{"rendered":"Ukrainan sotakorvauslaina ajautui vastatuuleen | HS.fi"},"content":{"rendered":"<p>HS:n tiedot|Komission esitys Ven\u00e4j\u00e4n keskuspankin j\u00e4\u00e4dytettyjen varojen turvaamiseksi her\u00e4tt\u00e4\u00e4 vastustusta EU-j\u00e4senmaissa.<\/p>\n<p>12.11. 18:09<\/p>\n<p class=\"article-body mb-nof-24 px-nof-16\">Bryssel<\/p>\n<p>Lue tiivistelm\u00e4<\/p>\n<p>Tiivistelm\u00e4 on teko\u00e4lyn tekem\u00e4 ja ihmisen tarkistama.<\/p>\n<p class=\"article-body mb-nof-24 px-nof-16 sndp-summary-bullet-point-font\">Euroopan komissio tutkii uusia tapoja k\u00e4ytt\u00e4\u00e4 Ven\u00e4j\u00e4n keskuspankin j\u00e4\u00e4dytettyj\u00e4 varoja Ukrainan tukemiseen.<\/p>\n<p class=\"article-body mb-nof-24 px-nof-16 sndp-summary-bullet-point-font\">Suunnitelma 140 miljardin euron sotakorvauslainasta Ukrainalle on kohdannut vastustusta EU-j\u00e4senmaissa.<\/p>\n<p class=\"article-body mb-nof-24 px-nof-16 sndp-summary-bullet-point-font\">Valtiovarainministeri Riikka Purra pit\u00e4\u00e4 sotakorvauslainaa ainoana vaihtoehtona riitt\u00e4v\u00e4n tuen turvaamiseksi Ukrainalle.<\/p>\n<p class=\"article-body mb-nof-24 px-nof-16\">Suunnitelma Ven\u00e4j\u00e4n keskuspankin j\u00e4\u00e4dytettyjen varojen k\u00e4ytt\u00e4misest\u00e4 Ukrainan tueksi on ajautunut vastatuuleen EU-maiden keskuudessa. Kritiikki\u00e4 suunnitelmaa kohtaan ei esit\u00e4 yksin Belgia, jossa j\u00e4\u00e4dytetyt varat sijaitsevat ja jonka vastustukseen <a class=\"article-genericlink\" href=\"https:\/\/www.hs.fi\/politiikka\/art-2000011579106.html\" rel=\"nofollow noopener\" target=\"_blank\">suunnitelma t\u00f6rm\u00e4si lokakuun EU-huippukokouksessa<\/a>, vaan my\u00f6s muut EU-maat.<\/p>\n<p class=\"article-body mb-nof-24 px-nof-16\">J\u00e4\u00e4dytetyist\u00e4 varoista on tarkoitus luoda Ukrainalle 140 miljardin euron sotakorvauslaina, joka kattaisi maan l\u00e4hivuosien rahoitustarpeet. J\u00e4rjestelyll\u00e4 on kiire, sill\u00e4 Ukrainan arvioidaan tarvitsevan ulkopuolista rahoitusta jo ensi kev\u00e4\u00e4n\u00e4.<\/p>\n<p class=\"article-body mb-nof-24 px-nof-16\">Keskeinen osa suunnitelmaa on varmistaa, ett\u00e4 Ven\u00e4j\u00e4n keskuspankin varat pysyv\u00e4t j\u00e4\u00e4dytettyin\u00e4, kunnes Ven\u00e4j\u00e4 maksaa sotakorvaukset Ukrainalle.<\/p>\n<p class=\"article-body mb-nof-24 px-nof-16\">Nykyisin pakotteet t\u00e4ytyy uusia puolen vuoden v\u00e4lein j\u00e4senmaiden yksimielisell\u00e4 p\u00e4\u00e4t\u00f6ksell\u00e4. T\u00e4m\u00e4 kasvattaa rahoitusj\u00e4rjestelyyn liittyv\u00e4\u00e4 riski\u00e4, sill\u00e4 Ven\u00e4j\u00e4n varojen vapautuessa lasku Ukrainalle my\u00f6nnetyst\u00e4 rahoituksesta lankeaisi j\u00e4rjestelyn takaajille eli unionin j\u00e4senmaille.<\/p>\n<p class=\"article-body mb-nof-24 px-nof-16\">Euroopan komissio on esitt\u00e4nyt ratkaisuksi t\u00e4h\u00e4n uudenlaista laintulkintaa, joka mahdollistaisi pakotteiden voimassaolon jatkamisen m\u00e4\u00e4r\u00e4enemmist\u00f6ll\u00e4. Komissio katsoo, ett\u00e4 unionin perussopimus antaa mahdollisuuden yksimielisyysvaatimuksesta lipe\u00e4miselle.<\/p>\n<p class=\"article-body mb-nof-24 px-nof-16\">Useiden diplomaattil\u00e4hteiden mukaan alustavissa keskusteluissa monet EU-maat ovat kuitenkin suhtautuneet varauksellisesti komission esitykseen. J\u00e4senmaiden vastustuksen vuoksi komissio on ryhtynyt ty\u00f6st\u00e4m\u00e4\u00e4n vaihtoehtoisia malleja, joilla v\u00e4hennett\u00e4isiin pakotteiden raukeamiseen liittyv\u00e4\u00e4 riski\u00e4.<\/p>\n<p class=\"article-body mb-nof-24 px-nof-16\">Yksi vaihtoehdoista olisi k\u00e4ytt\u00e4\u00e4 rahoitusj\u00e4rjestelyn pohjana EU:n perussopimuksen kriisipyk\u00e4l\u00e4\u00e4 eli artikla 122:ta. Esimerkiksi t\u00e4n\u00e4 vuonna hyv\u00e4ksytty EU:n 150 miljardin euron <a class=\"article-genericlink\" href=\"https:\/\/www.hs.fi\/politiikka\/art-2000011073627.html\" rel=\"nofollow noopener\" target=\"_blank\">puolustuslainav\u00e4line<\/a> perustettiin saman pyk\u00e4l\u00e4n varaan, mik\u00e4 mahdollisti perustamisp\u00e4\u00e4t\u00f6ksen m\u00e4\u00e4r\u00e4enemmist\u00f6ll\u00e4. Pyk\u00e4l\u00e4\u00e4n turvauduttiin my\u00f6s, kun EU p\u00e4\u00e4tti tukitoimista korona- ja energiakriisin keskell\u00e4.<\/p>\n<p class=\"article-body mb-nof-24 px-nof-16\">Er\u00e4s diplomaattil\u00e4hde sanoo, ett\u00e4 komission alkuper\u00e4inen suunnitelma on kuitenkin yh\u00e4 p\u00f6yd\u00e4ll\u00e4 osana vaihtoehtoja.<\/p>\n<p class=\"article-body mb-nof-24 px-nof-16\">EU-maiden valtiovarainministereiden on tarkoitus k\u00e4sitell\u00e4 Ukrainan sotakorvauslainaa kokouksessaan torstaina.<\/p>\n<p class=\"article-body mb-nof-24 px-nof-16\">\u201dSanktioj\u00e4rjestelm\u00e4 on totta kai olennainen osa sotakorvauslainan edist\u00e4mist\u00e4\u201d, valtiovarainministeri <a class=\"article-personlink\" href=\"https:\/\/www.hs.fi\/haku\/?query=Riikka%20Purra\" rel=\"nofollow noopener\" target=\"_blank\">Riikka Purra<\/a> (ps) sanoi keskiviikkona Brysseliin saapuessaan.<\/p>\n<p class=\"article-body mb-nof-24 px-nof-16\">EU-huippukokous yritti sopia sotakorvauslainasta lokakuussa, mutta t\u00e4m\u00e4 ei onnistunut Belgian vastustuksen vuoksi. Ven\u00e4j\u00e4n keskuspankin varat sijaitsevat Belgiaan rekister\u00f6idyn arvopaperikeskus Euroclearin tilill\u00e4, ja <a class=\"article-genericlink\" href=\"https:\/\/www.hs.fi\/maailma\/art-2000011583087.html\" rel=\"nofollow noopener\" target=\"_blank\">Belgia pelk\u00e4\u00e4 j\u00e4rjestelyyn liittyvi\u00e4 riskej\u00e4<\/a>.<\/p>\n<p class=\"article-body mb-nof-24 px-nof-16\">Belgian vaatimuksesta komissio on valmistellut paperia, joka listaisi vaihtoehtoiset tavat Ukrainan tukemiseksi. Financial Timesille vuodetun luonnoksen mukaan vaihtoehdot ovat suorat tuet j\u00e4senmailta tai EU:n yhteisvelka.<\/p>\n<p class=\"article-body mb-nof-24 px-nof-16\">Suomi pit\u00e4\u00e4 sotakorvauslainaa ainoana todellisena vaihtoehtona.<\/p>\n<p class=\"article-body mb-nof-24 px-nof-16\">\u201dSe on ainoa vaihtoehto, joka turvaa riitt\u00e4v\u00e4n suuren tuen, mutta ei rasita kansallisia budjetteja\u201d, Purra sanoo.<\/p>\n<p class=\"article-body mb-nof-24 px-nof-16\">H\u00e4nen mukaansa neuvottelut Belgian kanssa ovat yh\u00e4 k\u00e4ynniss\u00e4. H\u00e4n toivoo, ett\u00e4 p\u00e4\u00e4t\u00f6s sotakorvauslainasta voisi synty\u00e4 viimeist\u00e4\u00e4n joulukuun EU-huippukokouksessa.<\/p>\n<p class=\"article-body mb-nof-24 px-nof-16\">\u201dUskon, ett\u00e4 t\u00e4st\u00e4 p\u00e4\u00e4st\u00e4\u00e4n ratkaisuun.\u201d<\/p>\n","protected":false},"excerpt":{"rendered":"HS:n tiedot|Komission esitys Ven\u00e4j\u00e4n keskuspankin j\u00e4\u00e4dytettyjen varojen turvaamiseksi her\u00e4tt\u00e4\u00e4 vastustusta EU-j\u00e4senmaissa. 12.11. 18:09 Bryssel Lue tiivistelm\u00e4 Tiivistelm\u00e4 on&hellip;\n","protected":false},"author":2,"featured_media":88850,"comment_status":"","ping_status":"","sticky":false,"template":"","format":"standard","meta":{"footnotes":""},"categories":[14],"tags":[22,23,26,27,33,31,30,17,46,24,25,28,29,15,18,21,32,19,20,56,16,59,60,61],"class_list":{"0":"post-88849","1":"post","2":"type-post","3":"status-publish","4":"format-standard","5":"has-post-thumbnail","7":"category-ulkomaat","8":"tag-breaking-news","9":"tag-breakingnews","10":"tag-featured-news","11":"tag-featurednews","12":"tag-fi","13":"tag-finland","14":"tag-finnish","15":"tag-headlines","16":"tag-helsingin-sanomat","17":"tag-latest-news","18":"tag-latestnews","19":"tag-main-news","20":"tag-mainnews","21":"tag-news","22":"tag-otsikot","23":"tag-paauutiset","24":"tag-suomi","25":"tag-top-stories","26":"tag-topstories","27":"tag-ulkomaat","28":"tag-uutiset","29":"tag-world","30":"tag-world-news","31":"tag-worldnews"},"share_on_mastodon":{"url":"https:\/\/pubeurope.com\/@fi\/115541476932373425","error":""},"_links":{"self":[{"href":"https:\/\/www.europesays.com\/fi\/wp-json\/wp\/v2\/posts\/88849","targetHints":{"allow":["GET"]}}],"collection":[{"href":"https:\/\/www.europesays.com\/fi\/wp-json\/wp\/v2\/posts"}],"about":[{"href":"https:\/\/www.europesays.com\/fi\/wp-json\/wp\/v2\/types\/post"}],"author":[{"embeddable":true,"href":"https:\/\/www.europesays.com\/fi\/wp-json\/wp\/v2\/users\/2"}],"replies":[{"embeddable":true,"href":"https:\/\/www.europesays.com\/fi\/wp-json\/wp\/v2\/comments?post=88849"}],"version-history":[{"count":0,"href":"https:\/\/www.europesays.com\/fi\/wp-json\/wp\/v2\/posts\/88849\/revisions"}],"wp:featuredmedia":[{"embeddable":true,"href":"https:\/\/www.europesays.com\/fi\/wp-json\/wp\/v2\/media\/88850"}],"wp:attachment":[{"href":"https:\/\/www.europesays.com\/fi\/wp-json\/wp\/v2\/media?parent=88849"}],"wp:term":[{"taxonomy":"category","embeddable":true,"href":"https:\/\/www.europesays.com\/fi\/wp-json\/wp\/v2\/categories?post=88849"},{"taxonomy":"post_tag","embeddable":true,"href":"https:\/\/www.europesays.com\/fi\/wp-json\/wp\/v2\/tags?post=88849"}],"curies":[{"name":"wp","href":"https:\/\/api.w.org\/{rel}","templated":true}]}}