{"id":88886,"date":"2025-11-13T09:38:08","date_gmt":"2025-11-13T09:38:08","guid":{"rendered":"https:\/\/www.europesays.com\/fi\/88886\/"},"modified":"2025-11-13T09:38:08","modified_gmt":"2025-11-13T09:38:08","slug":"huolestuttava-havainto-verkkovapauden-kaventumisesta-myos-lansimaissa","status":"publish","type":"post","link":"https:\/\/www.europesays.com\/fi\/88886\/","title":{"rendered":"Huolestuttava havainto verkkovapauden kaventumisesta \u2013 my\u00f6s l\u00e4nsimaissa"},"content":{"rendered":"<p><strong class=\"typography-bold\">Internetin vapautta rajoitetaan my\u00f6s l\u00e4nsimaissa.<\/strong><\/p>\n<p>Internetin vapautta on kavennettu jopa puolessa niist\u00e4 maista, joissa internet on luokiteltu vapaaksi, kertoo yhdysvaltalaisj\u00e4rjest\u00f6 <a class=\"underline\" data-testid=\"external-link\" href=\"https:\/\/freedomhouse.org\/report\/freedom-net\/2025\/uncertain-future-global-internet\" rel=\"noopener noreferrer nofollow\" target=\"_blank\" data-sentry-component=\"ExternalLink\" data-sentry-source-file=\"ExternalLink.tsx\">Freedom House<\/a> vuotuisessa Freedom on the Net -raportissaan.<\/p>\n<p>Vapaus verkossa on n\u00e4iss\u00e4 maissa murentunut eniten Georgiassa, jota seuraavat Saksa ja Yhdysvallat.<\/p>\n<p>Saksassa kristillisdemokraattien hallitus on nostanut syytteit\u00e4 poliitikoista tehdyist\u00e4 meemeist\u00e4 nojaten pyk\u00e4liin, jotka kielt\u00e4v\u00e4t halventamisen tai kunnianloukkauksen sek\u00e4 vihapuheen.\u00a0<\/p>\n<p><strong class=\"typography-bold\">Lue my\u00f6s: <\/strong><a class=\"underline\" data-testid=\"internal-link\" role=\"link\" data-sentry-element=\"Link\" data-sentry-component=\"InternalLink\" data-sentry-source-file=\"InternalLink.tsx\" href=\"https:\/\/www.mtvuutiset.fi\/artikkeli\/jimmy-kimmelin-ohjelma-palaa-sensurointi-toi-mieleen-suomen-synkat-vuodet-ja-putinin-mutisevan-menninkaisen\/9227544\" rel=\"nofollow noopener\" target=\"_blank\"><strong class=\"typography-bold\">Jimmy Kimmelin ohjelma palaa \u2013 sensurointi toi mieleen Suomen synk\u00e4t vuodet ja Putinin &#8221;Mutisevan mennink\u00e4isen&#8221;<\/strong><\/a><\/p>\n<p>Raportin mukaan Saksassa \u00e4\u00e4rioikeiston painostus toimittajia ja verkossa hallitusta arvostelleita ihmisi\u00e4 kohtaan on lis\u00e4nnyt my\u00f6s itsesensuuria. Samalla sek\u00e4 vihapuhe ett\u00e4 verkon ulkopuolella tapahtuneet v\u00e4kivaltaiset hy\u00f6kk\u00e4ykset ja uhkailut niin muslimeja kuin juutalaisiakin kohtaan ovat lis\u00e4\u00e4ntyneet.<\/p>\n<p>Lis\u00e4ksi Saksan verkkovapautta uhkasivat Ven\u00e4j\u00e4\u00e4n liittyneiden hakkerien kyberhy\u00f6kk\u00e4ykset kristillisdemokraatteja vastaan ennen europarlamenttivaaleja kes\u00e4ll\u00e4 2024.<\/p>\n","protected":false},"excerpt":{"rendered":"Internetin vapautta rajoitetaan my\u00f6s l\u00e4nsimaissa. Internetin vapautta on kavennettu jopa puolessa niist\u00e4 maista, joissa internet on luokiteltu vapaaksi,&hellip;\n","protected":false},"author":2,"featured_media":88887,"comment_status":"","ping_status":"","sticky":false,"template":"","format":"standard","meta":{"footnotes":""},"categories":[87],"tags":[33,31,30,148,32,91,92],"class_list":{"0":"post-88886","1":"post","2":"type-post","3":"status-publish","4":"format-standard","5":"has-post-thumbnail","7":"category-internet","8":"tag-fi","9":"tag-finland","10":"tag-finnish","11":"tag-internet","12":"tag-suomi","13":"tag-technology","14":"tag-teknologia"},"share_on_mastodon":{"url":"https:\/\/pubeurope.com\/@fi\/115541724599452674","error":""},"_links":{"self":[{"href":"https:\/\/www.europesays.com\/fi\/wp-json\/wp\/v2\/posts\/88886","targetHints":{"allow":["GET"]}}],"collection":[{"href":"https:\/\/www.europesays.com\/fi\/wp-json\/wp\/v2\/posts"}],"about":[{"href":"https:\/\/www.europesays.com\/fi\/wp-json\/wp\/v2\/types\/post"}],"author":[{"embeddable":true,"href":"https:\/\/www.europesays.com\/fi\/wp-json\/wp\/v2\/users\/2"}],"replies":[{"embeddable":true,"href":"https:\/\/www.europesays.com\/fi\/wp-json\/wp\/v2\/comments?post=88886"}],"version-history":[{"count":0,"href":"https:\/\/www.europesays.com\/fi\/wp-json\/wp\/v2\/posts\/88886\/revisions"}],"wp:featuredmedia":[{"embeddable":true,"href":"https:\/\/www.europesays.com\/fi\/wp-json\/wp\/v2\/media\/88887"}],"wp:attachment":[{"href":"https:\/\/www.europesays.com\/fi\/wp-json\/wp\/v2\/media?parent=88886"}],"wp:term":[{"taxonomy":"category","embeddable":true,"href":"https:\/\/www.europesays.com\/fi\/wp-json\/wp\/v2\/categories?post=88886"},{"taxonomy":"post_tag","embeddable":true,"href":"https:\/\/www.europesays.com\/fi\/wp-json\/wp\/v2\/tags?post=88886"}],"curies":[{"name":"wp","href":"https:\/\/api.w.org\/{rel}","templated":true}]}}