{"id":88890,"date":"2025-11-13T09:42:09","date_gmt":"2025-11-13T09:42:09","guid":{"rendered":"https:\/\/www.europesays.com\/fi\/88890\/"},"modified":"2025-11-13T09:42:09","modified_gmt":"2025-11-13T09:42:09","slug":"rovaniemi-sai-kansainvalista-tunnustusta-arkkitehtuuristaan-lappi","status":"publish","type":"post","link":"https:\/\/www.europesays.com\/fi\/88890\/","title":{"rendered":"Rovaniemi sai kansainv\u00e4list\u00e4 tunnustusta arkkitehtuuristaan | Lappi"},"content":{"rendered":"<p class=\"aw-1gybjub aw-5vja16 kEtdKx kmuxyA yle__article__paragraph\">Rovaniemi hyv\u00e4ksyttiin yhdeksi maailman ensimm\u00e4isist\u00e4 j\u00e4senist\u00e4 Unescon arkkitehtuurin alan verkostoon.<\/p>\n<p><img decoding=\"async\" alt=\"Lappia-talo on valaistu Ukrainan v\u00e4rein.\" src=\"https:\/\/www.europesays.com\/fi\/wp-content\/uploads\/2025\/11\/39-921844621db4a1214f9.jpeg\" class=\"aw-1l9m598 hKVVvP\"\/><\/p>\n<p>Avaa kuvien katselu<\/p>\n<p>Lappia-talo on yksi Alvar Aallon Rovaniemelle suunnittelemista rakennuksista ja n\u00e4kyv\u00e4 osa kaupungin arkkitehtuuria. Kuva: Jouni Porsanger \/ Rovaniemen kaupunki<\/p>\n<p class=\"aw-1gybjub aw-1p7kakr kEtdKx cEmitX yle__article__paragraph\">Rovaniemi on saanut kansainv\u00e4lisen tunnustuksen Alvar Aalto -juhlavuoden loppusuoralla. Kaupunki hyv\u00e4ksyttiin osaksi Unescon Creative Cities -verkostoa (UCCN).<\/p>\n<p class=\"aw-1gybjub aw-1p7kakr kEtdKx cEmitX yle__article__paragraph\">Verkosto kokoaa yhteen yli sadasta maasta yli nelj\u00e4 sataa kaupunkia, jotka edist\u00e4v\u00e4t omalla tavallaan luovuutta kest\u00e4v\u00e4n kehityksen voimavarana.<\/p>\n<p class=\"aw-1gybjub aw-1p7kakr kEtdKx cEmitX yle__article__paragraph\">Verkoston kaupungit sitoutuvat jakamaan hyvi\u00e4 k\u00e4yt\u00e4nt\u00f6j\u00e4, kehitt\u00e4m\u00e4\u00e4n kumppanuuksia, edist\u00e4m\u00e4\u00e4n luovuutta ja kulttuurialoja sek\u00e4 vahvistamaan osallistumista kulttuuriel\u00e4m\u00e4\u00e4n. Tavoite on my\u00f6s sitoa kulttuuri osaksi kaupunkien kehitt\u00e4missuunnitelmia.<\/p>\n<p class=\"aw-1gybjub aw-1p7kakr kEtdKx cEmitX yle__article__paragraph\">\u2013 Uskomme, ett\u00e4 verkoston j\u00e4senyys tulee osaltaan edist\u00e4m\u00e4\u00e4n kaupunkimme kulttuuri- ja taidematkailua, toteaa Rovaniemen kaupunginjohtaja <strong class=\"aw-ak79eh KyCXm yle__article__strong\">Ulla-Kirsikka Vainio<\/strong> kaupungin tiedotteessa.<\/p>\n","protected":false},"excerpt":{"rendered":"Rovaniemi hyv\u00e4ksyttiin yhdeksi maailman ensimm\u00e4isist\u00e4 j\u00e4senist\u00e4 Unescon arkkitehtuurin alan verkostoon. Avaa kuvien katselu Lappia-talo on yksi Alvar Aallon&hellip;\n","protected":false},"author":2,"featured_media":88891,"comment_status":"","ping_status":"","sticky":false,"template":"","format":"standard","meta":{"footnotes":""},"categories":[135],"tags":[4484,1001,389,387,388,390,137,33,31,30,71,108,667,1057,32,394,393,391,392,109],"class_list":{"0":"post-88890","1":"post","2":"type-post","3":"status-publish","4":"format-standard","5":"has-post-thumbnail","7":"category-taiteet-ja-suunnittelu","8":"tag-alvar-aalto","9":"tag-arkkitehtuuri","10":"tag-arts","11":"tag-arts-and-design","12":"tag-artsanddesign","13":"tag-design","14":"tag-entertainment","15":"tag-fi","16":"tag-finland","17":"tag-finnish","18":"tag-kotimaa","19":"tag-kulttuuri","20":"tag-lappi","21":"tag-rovaniemi","22":"tag-suomi","23":"tag-suunnittelu","24":"tag-taiteet","25":"tag-taiteet-ja-suunnittelu","26":"tag-taiteetsuunnittelu","27":"tag-viihde"},"share_on_mastodon":{"url":"https:\/\/pubeurope.com\/@fi\/115541740447032996","error":""},"_links":{"self":[{"href":"https:\/\/www.europesays.com\/fi\/wp-json\/wp\/v2\/posts\/88890","targetHints":{"allow":["GET"]}}],"collection":[{"href":"https:\/\/www.europesays.com\/fi\/wp-json\/wp\/v2\/posts"}],"about":[{"href":"https:\/\/www.europesays.com\/fi\/wp-json\/wp\/v2\/types\/post"}],"author":[{"embeddable":true,"href":"https:\/\/www.europesays.com\/fi\/wp-json\/wp\/v2\/users\/2"}],"replies":[{"embeddable":true,"href":"https:\/\/www.europesays.com\/fi\/wp-json\/wp\/v2\/comments?post=88890"}],"version-history":[{"count":0,"href":"https:\/\/www.europesays.com\/fi\/wp-json\/wp\/v2\/posts\/88890\/revisions"}],"wp:featuredmedia":[{"embeddable":true,"href":"https:\/\/www.europesays.com\/fi\/wp-json\/wp\/v2\/media\/88891"}],"wp:attachment":[{"href":"https:\/\/www.europesays.com\/fi\/wp-json\/wp\/v2\/media?parent=88890"}],"wp:term":[{"taxonomy":"category","embeddable":true,"href":"https:\/\/www.europesays.com\/fi\/wp-json\/wp\/v2\/categories?post=88890"},{"taxonomy":"post_tag","embeddable":true,"href":"https:\/\/www.europesays.com\/fi\/wp-json\/wp\/v2\/tags?post=88890"}],"curies":[{"name":"wp","href":"https:\/\/api.w.org\/{rel}","templated":true}]}}