{"id":88938,"date":"2025-11-13T10:59:10","date_gmt":"2025-11-13T10:59:10","guid":{"rendered":"https:\/\/www.europesays.com\/fi\/88938\/"},"modified":"2025-11-13T10:59:10","modified_gmt":"2025-11-13T10:59:10","slug":"seura-antti-tuiskun-uran-aallonpohja-rahapula-pakotti-luopumaan-asunnosta","status":"publish","type":"post","link":"https:\/\/www.europesays.com\/fi\/88938\/","title":{"rendered":"Seura: Antti Tuiskun uran aallonpohja \u2013 rahapula pakotti luopumaan asunnosta"},"content":{"rendered":"<p class=\"ingress\">Antti Tuisku kertoo uudessa Seurassa, miksi h\u00e4n luopui artistiurastaan ja ryhtyi kahdeksasta nelj\u00e4\u00e4n -hommiin.<\/p>\n<p><strong>Antti Tuisku<\/strong>, 41, suosittu popt\u00e4hti, toimii nyky\u00e4\u00e4n markkinointivastaavana omistamassaan kiinteist\u00f6nv\u00e4litysfirmassa. <a href=\"https:\/\/seura.fi\/viihde\/julkkikset\/outolintu-antti-tuisku\/\" target=\"_blank\" rel=\"noreferrer noopener nofollow\">Seuran<\/a> haastattelussa Antti kertoo, ett\u00e4 el\u00e4m\u00e4nmuutos on ollut virkist\u00e4v\u00e4\u00e4, mutta tietyt piirteet eiv\u00e4t h\u00e4nest\u00e4 ole kadonneet.<\/p>\n<p>\u201dAina v\u00e4lill\u00e4 j\u00e4\u00e4n t\u00f6iss\u00e4 itselleni kiinni sellaisesta ajatuksesta, ett\u00e4 apua, pit\u00e4isi olla tekem\u00e4ss\u00e4 jotain eik\u00e4 keitt\u00e4\u00e4 kahvia. Pit\u00e4isi osata kaikki heti ja olla mahdollisimman tehokas.\u201d<\/p>\n<p>Teki Antti mit\u00e4 tahansa, vaatimukset ovat aina korkealla. Artistiuran lopettamisen j\u00e4lkeen vuonna 2023 Antti huilasi nelj\u00e4 kuukautta, kunnes siirtyi toisen intohimonsa pariin: hiiht\u00e4miseen.<\/p>\n<p>\u201dHalusin oppia, millaista on olla huippu-urheilija\u201d, Antti kertoo Seurassa.<\/p>\n<p>Antti palasi Suomeen, ja nyt h\u00e4nell\u00e4 on oma hiihtojoukkue, AT Ski Team, jonka henkisen\u00e4 valmentajana h\u00e4n toimii. Samassa porukassa h\u00e4n harjoitteli ja toteutti p\u00e4hk\u00e4hullun unelmansa tulla SM-tason kilpahiiht\u00e4j\u00e4ksi nelikymppisen\u00e4. Vaikka harjoittelu ei p\u00e4\u00e4tynyt palkintopalleille, Antti sanoo Seuran haastattelussa saavuttaneensa kuitenkin jotain merkitt\u00e4v\u00e4\u00e4.<\/p>\n<p>\u201dOlen p\u00e4\u00e4ssyt tosi syv\u00e4lle hiihtomaailmaan, ja se on antanut minulle ihan hirve\u00e4sti.\u201d<\/p>\n<p>Juuri ilmestynyt Ylen dokumenttisarja Kuolemattomuusprojekti seuraa Antin el\u00e4m\u00e4\u00e4 useamman vuoden ajan. Ohjelma on l\u00e4pileikkaus paitsi Antti Tuiskun uskomattomaan hiihtourakkaan my\u00f6s h\u00e4nen taaksej\u00e4\u00e4neeseen uraansa artistina. Dokumentissa vieraillaan huippuhetkiss\u00e4 olympiastadionilla mutta puhutaan my\u00f6s ajanjaksosta, jolloin Antti joutui suosionsa notkahdettua vuosina 2008\u20132009 luopumaan asunnostaan Helsingin arvoalueella Ullanlinnassa ja muuttamaan rahapulassa managerinsa luokse.<\/p>\n<p>\u00a0\u201dSe tuntui n\u00f6yryytt\u00e4v\u00e4lt\u00e4, mutta oli toisaalta my\u00f6s t\u00e4rke\u00e4 hetki tutkia sit\u00e4, mitk\u00e4 olivat syvimm\u00e4t motiivini musiikin tekemiseen. Kokemuksesta oli lopulta hy\u00f6ty\u00e4 artistiksi kasvamisessa\u201d, Antti sanoo Seurassa.<\/p>\n<p>Uran lopettamisesta puhuminen tuntuu nyt vaikealta ja nostattaa tunteita pintaan. Antti ei oikein viel\u00e4k\u00e4\u00e4n tied\u00e4, miksi halusi lopettaa, kun oli vihdoin saavuttanut kaiken, mit\u00e4 artisti voi toivoa. H\u00e4n pohtii, ett\u00e4 taustalla oli varmasti \u201dtotaalista v\u00e4symyst\u00e4\u201d.<\/p>\n<p>\u201dV\u00e4syin loputtomiin paineisiin. Kun oli kiertue p\u00e4\u00e4ll\u00e4, oli pakko pysy\u00e4 terveen\u00e4. Piti my\u00f6s sopeutua alaan, joka muuttui koko ajan.\u201d<\/p>\n<p>Antti kuitenkin my\u00f6nt\u00e4\u00e4, ett\u00e4 luomisen tarve, taiteilijuus ja herkkyys eiv\u00e4t ole kadonneet minnek\u00e4\u00e4n.<\/p>\n<p>Lue Antti Tuiskun koko haastattelu Seurasta 46\/2025 tai osoitteesta <a href=\"https:\/\/seura.fi\/viihde\/julkkikset\/outolintu-antti-tuisku\/\" target=\"_blank\" rel=\"noreferrer noopener nofollow\">Seura.fi<\/a>.<\/p>\n<p>    Sinua voi kiinnostaa my\u00f6s:<\/p>\n<ol class=\"read-also__list\">\n<li>\n<p>            <img loading=\"lazy\" decoding=\"async\" class=\"card__image awpo-lqip awpo-lazy\" width=\"2000\" height=\"1335\" src=\"https:\/\/www.europesays.com\/fi\/wp-content\/uploads\/2025\/11\/5346601.jpeg\"\/>                <a href=\"https:\/\/anna.fi\/kategoria\/ihmiset\" class=\"card__vignette\" rel=\"nofollow noopener\" target=\"_blank\"><br \/>\n            Ihmiset          <\/a><\/p>\n<p>      <a href=\"https:\/\/anna.fi\/ihmiset\/entinen-antti-tuisku-halusi-olla-isompi-miehekkaampi-ja-samanlainen-kuin-muut\" class=\"card__link-overlay\" rel=\"nofollow noopener\" target=\"_blank\">Entinen Antti Tuisku halusi olla isompi, miehekk\u00e4\u00e4mpi ja samanlainen kuin muut<\/a><\/p>\n<\/li>\n<li>\n<p>            <img loading=\"lazy\" decoding=\"async\" class=\"card__image awpo-lqip awpo-lazy\" width=\"1260\" height=\"800\" src=\"https:\/\/www.europesays.com\/fi\/wp-content\/uploads\/2025\/11\/anttituisku1260-1.jpg\"\/>                <a href=\"https:\/\/anna.fi\/kategoria\/lifestyle\/muoti\" class=\"card__vignette\" rel=\"nofollow noopener\" target=\"_blank\"><br \/>\n            Muoti          <\/a><\/p>\n<p>      <a href=\"https:\/\/anna.fi\/lifestyle\/muoti\/antti-tuisku-tyyli\" class=\"card__link-overlay\" rel=\"nofollow noopener\" target=\"_blank\">Hurmaavat kuvat Antti Tuiskun eri el\u00e4m\u00e4nvaiheista \u2013 kaikki alkoi Forresterin muotitalosta: \u201dEi ole tyyli\u00e4, jota en uskaltaisi kokeilla\u201d<\/a><\/p>\n<\/li>\n<li>\n<p>            <img loading=\"lazy\" decoding=\"async\" class=\"card__image awpo-lqip awpo-lazy\" width=\"1234\" height=\"771\" src=\"https:\/\/www.europesays.com\/fi\/wp-content\/uploads\/2025\/11\/johannesetu-1.jpg\"\/>                <a href=\"https:\/\/anna.fi\/kategoria\/ihmiset\" class=\"card__vignette\" rel=\"nofollow noopener\" target=\"_blank\"><br \/>\n            Ihmiset          <\/a><\/p>\n<p>      <a href=\"https:\/\/anna.fi\/ihmiset\/johannes-brotherus-innostui-uudesta-lajista\" class=\"card__link-overlay\" rel=\"nofollow noopener\" target=\"_blank\">Laulaja Johannes Brotherus innostui kes\u00e4ll\u00e4 uudesta lajista \u2212 &#8221;Olen siin\u00e4 aika hyv\u00e4&#8221;<\/a><\/p>\n<\/li>\n<\/ol>\n","protected":false},"excerpt":{"rendered":"Antti Tuisku kertoo uudessa Seurassa, miksi h\u00e4n luopui artistiurastaan ja ryhtyi kahdeksasta nelj\u00e4\u00e4n -hommiin. Antti Tuisku, 41, suosittu&hellip;\n","protected":false},"author":2,"featured_media":88939,"comment_status":"","ping_status":"","sticky":false,"template":"","format":"standard","meta":{"footnotes":""},"categories":[136],"tags":[204,407,137,33,31,30,408,8162,32,109],"class_list":{"0":"post-88938","1":"post","2":"type-post","3":"status-publish","4":"format-standard","5":"has-post-thumbnail","7":"category-julkkikset","8":"tag-antti-tuisku","9":"tag-celebrities","10":"tag-entertainment","11":"tag-fi","12":"tag-finland","13":"tag-finnish","14":"tag-julkkikset","15":"tag-seura","16":"tag-suomi","17":"tag-viihde"},"share_on_mastodon":{"url":"https:\/\/pubeurope.com\/@fi\/115542043187981804","error":""},"_links":{"self":[{"href":"https:\/\/www.europesays.com\/fi\/wp-json\/wp\/v2\/posts\/88938","targetHints":{"allow":["GET"]}}],"collection":[{"href":"https:\/\/www.europesays.com\/fi\/wp-json\/wp\/v2\/posts"}],"about":[{"href":"https:\/\/www.europesays.com\/fi\/wp-json\/wp\/v2\/types\/post"}],"author":[{"embeddable":true,"href":"https:\/\/www.europesays.com\/fi\/wp-json\/wp\/v2\/users\/2"}],"replies":[{"embeddable":true,"href":"https:\/\/www.europesays.com\/fi\/wp-json\/wp\/v2\/comments?post=88938"}],"version-history":[{"count":0,"href":"https:\/\/www.europesays.com\/fi\/wp-json\/wp\/v2\/posts\/88938\/revisions"}],"wp:featuredmedia":[{"embeddable":true,"href":"https:\/\/www.europesays.com\/fi\/wp-json\/wp\/v2\/media\/88939"}],"wp:attachment":[{"href":"https:\/\/www.europesays.com\/fi\/wp-json\/wp\/v2\/media?parent=88938"}],"wp:term":[{"taxonomy":"category","embeddable":true,"href":"https:\/\/www.europesays.com\/fi\/wp-json\/wp\/v2\/categories?post=88938"},{"taxonomy":"post_tag","embeddable":true,"href":"https:\/\/www.europesays.com\/fi\/wp-json\/wp\/v2\/tags?post=88938"}],"curies":[{"name":"wp","href":"https:\/\/api.w.org\/{rel}","templated":true}]}}