{"id":8894,"date":"2025-08-18T04:05:09","date_gmt":"2025-08-18T04:05:09","guid":{"rendered":"https:\/\/www.europesays.com\/fi\/8894\/"},"modified":"2025-08-18T04:05:09","modified_gmt":"2025-08-18T04:05:09","slug":"intia-hylkasi-f-35-havittajan-putin-iski-poytaan-kultaisen-tarjouksen","status":"publish","type":"post","link":"https:\/\/www.europesays.com\/fi\/8894\/","title":{"rendered":"Intia hylk\u00e4si F-35-h\u00e4vitt\u00e4j\u00e4n \u2013 Putin iski p\u00f6yt\u00e4\u00e4n \u201dkultaisen tarjouksen\u201d"},"content":{"rendered":"<p>Donald Trumpin m\u00e4\u00e4r\u00e4\u00e4m\u00e4t tullit ovat ty\u00f6nt\u00e4m\u00e4ss\u00e4 Intiaa Ven\u00e4j\u00e4n syliin ainakin asehankinnoissa.<\/p>\n<p><img decoding=\"async\" class=\"image image-show image-preview\" src=\"https:\/\/www.europesays.com\/fi\/wp-content\/uploads\/2025\/08\/3f5a130596c31f2f5f337fdf0b481aec50e3c316ca83d33ef2cb5476909e9710.jpg\" alt=\"\"\/><img decoding=\"async\" class=\"image image-show\" src=\"https:\/\/www.europesays.com\/fi\/wp-content\/uploads\/2025\/08\/1755489909_236_3f5a130596c31f2f5f337fdf0b481aec50e3c316ca83d33ef2cb5476909e9710.jpg\" alt=\"\"\/><\/p>\n<p>Intialle tarjous. Ven\u00e4l\u00e4inen Su-57-h\u00e4vitt\u00e4j\u00e4 esiintyy lenton\u00e4yt\u00f6ksess\u00e4 Kiinan kansainv\u00e4lisess\u00e4 ilmailun\u00e4yttelyss\u00e4 Zhuhai&#8217;ssa 12. marraskuuta 2024. ZumaWire \/ MVPHOTOS<\/p>\n<p class=\"paragraph\">Intia on vet\u00e4ytynyt neuvotteluista koskien mahdollista F-35-h\u00e4vitt\u00e4jien hankintaa Yhdysvalloista. P\u00e4\u00e4t\u00f6ksen taustalla ovat presidentti <strong>Donald Trumpin<\/strong> m\u00e4\u00e4r\u00e4\u00e4m\u00e4t 25 prosentin tullit intialaisille tuotteille, <a href=\"https:\/\/nationalinterest.org\/blog\/buzz\/india-will-not-buy-f-35-fighter-jets-from-the-us-hk-080125\" rel=\"noopener nofollow\" target=\"_blank\">kirjoittaa verkkolehti The National Interest<\/a>.<\/p>\n<p class=\"paragraph\">Intia on ilmoittanut olevansa kiinnostuneempi puolustuskumppanuudesta, jossa asej\u00e4rjestelm\u00e4t suunnitellaan ja valmistetaan yhteisty\u00f6ss\u00e4 Intian maaper\u00e4ll\u00e4.<\/p>\n<p class=\"paragraph\">Intialaisen Times of India -lehden <a href=\"https:\/\/timesofindia.indiatimes.com\/videos\/international\/putin-offers-golden-deal-as-india-rejects-trumps-f-35-russian-su-57-jet-now-in-play\/videoshow\/123075146.cms\" rel=\"noopener nofollow\" target=\"_blank\">mukaan<\/a> Ven\u00e4j\u00e4n kehitt\u00e4m\u00e4 Su-57 on t\u00e4ll\u00e4 hetkell\u00e4 Intian ainoa realistinen viidennen sukupolven h\u00e4vitt\u00e4j\u00e4vaihtoehto l\u00e4hitulevaisuudessa.<\/p>\n<p class=\"paragraph\">Lehden mukaan Ven\u00e4j\u00e4n presidentti <strong>Vladimir Putin<\/strong> n\u00e4kee tilanteessa tilaisuuden, ja Ven\u00e4j\u00e4n valtion asevientiyhti\u00f6 Rosoboronexport on kuvannut Su-57-tarjousta &#8221;kultaiseksi diiliksi&#8221; Intian ilmavoimille.<\/p>\n<p class=\"paragraph\">Intia on aiemmin valmistanut Su-30MKI-h\u00e4vitt\u00e4ji\u00e4 Ven\u00e4j\u00e4lt\u00e4 hankitun lisenssin perusteella. Nyt Su-57-tarjoukseen sis\u00e4ltyisi mahdollisuus hy\u00f6dynt\u00e4\u00e4 t\u00e4t\u00e4 olemassa olevaa Su-30MKI-infrastruktuuria uuden h\u00e4vitt\u00e4j\u00e4kaluston paikallista tuotantoa varten.<\/p>\n<p class=\"paragraph\">Neuvotteluissa on k\u00e4sitelty my\u00f6s valmiiden Su-57-koneiden toimituksia sek\u00e4 teknologian jakamista osana pitk\u00e4n aikav\u00e4lin yhteisty\u00f6t\u00e4.<\/p>\n<p class=\"paragraph\">Times of Indian mukaan Yhdysvaltojen painostus ja tullit voivat kuitenkin asettaa my\u00f6s Su-57-kaupan vaakalaudalle.<\/p>\n<p class=\"paragraph\">Juttu on julkaistu alun perin <a href=\"https:\/\/www.tekniikkatalous.fi\/\" rel=\"noopener nofollow\" target=\"_blank\">Tekniikka&amp;Taloudessa<\/a>.<\/p>\n","protected":false},"excerpt":{"rendered":"Donald Trumpin m\u00e4\u00e4r\u00e4\u00e4m\u00e4t tullit ovat ty\u00f6nt\u00e4m\u00e4ss\u00e4 Intiaa Ven\u00e4j\u00e4n syliin ainakin asehankinnoissa. Intialle tarjous. Ven\u00e4l\u00e4inen Su-57-h\u00e4vitt\u00e4j\u00e4 esiintyy lenton\u00e4yt\u00f6ksess\u00e4 Kiinan&hellip;\n","protected":false},"author":2,"featured_media":8895,"comment_status":"","ping_status":"","sticky":false,"template":"","format":"standard","meta":{"footnotes":""},"categories":[14],"tags":[802,22,23,26,27,33,31,30,17,24,25,28,29,15,18,21,142,637,144,2535,32,19,20,56,16,59,60,61],"class_list":{"0":"post-8894","1":"post","2":"type-post","3":"status-publish","4":"format-standard","5":"has-post-thumbnail","7":"category-ulkomaat","8":"tag-armeijat-ja-aseelliset-joukot","9":"tag-breaking-news","10":"tag-breakingnews","11":"tag-featured-news","12":"tag-featurednews","13":"tag-fi","14":"tag-finland","15":"tag-finnish","16":"tag-headlines","17":"tag-latest-news","18":"tag-latestnews","19":"tag-main-news","20":"tag-mainnews","21":"tag-news","22":"tag-otsikot","23":"tag-paauutiset","24":"tag-poliitikot","25":"tag-politiikka","26":"tag-presidentti","27":"tag-puolustuspolitiikka","28":"tag-suomi","29":"tag-top-stories","30":"tag-topstories","31":"tag-ulkomaat","32":"tag-uutiset","33":"tag-world","34":"tag-world-news","35":"tag-worldnews"},"share_on_mastodon":{"url":"","error":""},"_links":{"self":[{"href":"https:\/\/www.europesays.com\/fi\/wp-json\/wp\/v2\/posts\/8894","targetHints":{"allow":["GET"]}}],"collection":[{"href":"https:\/\/www.europesays.com\/fi\/wp-json\/wp\/v2\/posts"}],"about":[{"href":"https:\/\/www.europesays.com\/fi\/wp-json\/wp\/v2\/types\/post"}],"author":[{"embeddable":true,"href":"https:\/\/www.europesays.com\/fi\/wp-json\/wp\/v2\/users\/2"}],"replies":[{"embeddable":true,"href":"https:\/\/www.europesays.com\/fi\/wp-json\/wp\/v2\/comments?post=8894"}],"version-history":[{"count":0,"href":"https:\/\/www.europesays.com\/fi\/wp-json\/wp\/v2\/posts\/8894\/revisions"}],"wp:featuredmedia":[{"embeddable":true,"href":"https:\/\/www.europesays.com\/fi\/wp-json\/wp\/v2\/media\/8895"}],"wp:attachment":[{"href":"https:\/\/www.europesays.com\/fi\/wp-json\/wp\/v2\/media?parent=8894"}],"wp:term":[{"taxonomy":"category","embeddable":true,"href":"https:\/\/www.europesays.com\/fi\/wp-json\/wp\/v2\/categories?post=8894"},{"taxonomy":"post_tag","embeddable":true,"href":"https:\/\/www.europesays.com\/fi\/wp-json\/wp\/v2\/tags?post=8894"}],"curies":[{"name":"wp","href":"https:\/\/api.w.org\/{rel}","templated":true}]}}