{"id":88954,"date":"2025-11-13T11:13:11","date_gmt":"2025-11-13T11:13:11","guid":{"rendered":"https:\/\/www.europesays.com\/fi\/88954\/"},"modified":"2025-11-13T11:13:11","modified_gmt":"2025-11-13T11:13:11","slug":"yle-iivo-niskasen-ja-valmentajan-tiet-erosivat","status":"publish","type":"post","link":"https:\/\/www.europesays.com\/fi\/88954\/","title":{"rendered":"Yle: Iivo Niskasen ja valmentajan tiet erosivat"},"content":{"rendered":"<p>Hiihto|Olympiavoittajan tiet valmentaja Olli Ohtosen kanssa erosivat, Yle kertoo.<\/p>\n<p class=\"article-body mb-nof-24 px-nof-16\">Suomen hiihdon supert\u00e4hti <a class=\"article-personlink\" href=\"https:\/\/www.hs.fi\/haku\/?query=Iivo%20Niskanen\" rel=\"nofollow noopener\" target=\"_blank\">Iivo Niskanen<\/a> valmentaa jatkossa itse itse\u00e4\u00e4n, kertoo <a class=\"article-genericlink\" href=\"https:\/\/yle.fi\/a\/74-20193798\" rel=\"nofollow noopener\" target=\"_blank\">Yle.<\/a><\/p>\n<p class=\"article-body mb-nof-24 px-nof-16\">Niskasta on aiemmin valmentanut <a class=\"article-personlink\" href=\"https:\/\/www.hs.fi\/haku\/?query=Olli%20Ohtonen\" rel=\"nofollow noopener\" target=\"_blank\">Olli Ohtonen<\/a>, mutta kaksikon tiet ovat nyt Ylen tietojen mukaan eronneet.<\/p>\n<p class=\"article-body mb-nof-24 px-nof-16\">Ohtonen valmensi Niskasta vuodesta 2013 alkaen. Tuona aikana Niskanen voitti kolme olympiakultaa sek\u00e4 maailmanmestaruuden.<\/p>\n<p><img decoding=\"async\" src=\"https:\/\/www.europesays.com\/fi\/wp-content\/uploads\/2025\/11\/1763032389_780_468.jpg\" alt=\"Iivo Niskanen ja Olli Ohtonen vuonna 2018.\" class=\"_Img_1rerz_1\" style=\"aspect-ratio:1.5\" loading=\"eager\"\/><\/p>\n<p class=\"article-picture-caption\">Iivo Niskanen ja Olli Ohtonen vuonna 2018. Kuva:\u00a0Antti H\u00e4m\u00e4l\u00e4inen<\/p>\n<p class=\"article-body mb-nof-24 px-nof-16\">Viime kev\u00e4\u00e4n Trondheimin MM-kisat j\u00e4iv\u00e4t Niskaselta v\u00e4liin sairastumisen takia, ja h\u00e4n j\u00e4i ilman mitalia my\u00f6s vuoden 2023 Planican MM-kisoissa. Niskasen edelliset henkil\u00f6kohtaiset arvokisamitalit ovat Pekingin olympialaisista vuodelta 2022.<\/p>\n<p class=\"article-body mb-nof-24 px-nof-16\">Tavanomaisesta poiketen Niskanen ei kilpaile viikonloppuna Oloksen Tykkikisoissa. Niskasen, 33, poisj\u00e4\u00e4ntiin Muoniosta ei liity dramatiikkaa, vaan kisaa ei ollut alun perink\u00e4\u00e4n piirretty olympiavoittajan kalenteriin.<\/p>\n<p class=\"article-body mb-nof-24 px-nof-16\">Kuopiolainen kilpailee seuraavan kerran Rukan Suomen cupissa runsaan viikon kuluttua.<\/p>\n","protected":false},"excerpt":{"rendered":"Hiihto|Olympiavoittajan tiet valmentaja Olli Ohtosen kanssa erosivat, Yle kertoo. Suomen hiihdon supert\u00e4hti Iivo Niskanen valmentaa jatkossa itse itse\u00e4\u00e4n,&hellip;\n","protected":false},"author":2,"featured_media":88955,"comment_status":"","ping_status":"","sticky":false,"template":"","format":"standard","meta":{"footnotes":""},"categories":[5],"tags":[22,23,26,27,33,31,30,17,46,24,25,28,29,15,18,21,32,19,20,16],"class_list":{"0":"post-88954","1":"post","2":"type-post","3":"status-publish","4":"format-standard","5":"has-post-thumbnail","7":"category-otsikot","8":"tag-breaking-news","9":"tag-breakingnews","10":"tag-featured-news","11":"tag-featurednews","12":"tag-fi","13":"tag-finland","14":"tag-finnish","15":"tag-headlines","16":"tag-helsingin-sanomat","17":"tag-latest-news","18":"tag-latestnews","19":"tag-main-news","20":"tag-mainnews","21":"tag-news","22":"tag-otsikot","23":"tag-paauutiset","24":"tag-suomi","25":"tag-top-stories","26":"tag-topstories","27":"tag-uutiset"},"share_on_mastodon":{"url":"https:\/\/pubeurope.com\/@fi\/115542098333735819","error":""},"_links":{"self":[{"href":"https:\/\/www.europesays.com\/fi\/wp-json\/wp\/v2\/posts\/88954","targetHints":{"allow":["GET"]}}],"collection":[{"href":"https:\/\/www.europesays.com\/fi\/wp-json\/wp\/v2\/posts"}],"about":[{"href":"https:\/\/www.europesays.com\/fi\/wp-json\/wp\/v2\/types\/post"}],"author":[{"embeddable":true,"href":"https:\/\/www.europesays.com\/fi\/wp-json\/wp\/v2\/users\/2"}],"replies":[{"embeddable":true,"href":"https:\/\/www.europesays.com\/fi\/wp-json\/wp\/v2\/comments?post=88954"}],"version-history":[{"count":0,"href":"https:\/\/www.europesays.com\/fi\/wp-json\/wp\/v2\/posts\/88954\/revisions"}],"wp:featuredmedia":[{"embeddable":true,"href":"https:\/\/www.europesays.com\/fi\/wp-json\/wp\/v2\/media\/88955"}],"wp:attachment":[{"href":"https:\/\/www.europesays.com\/fi\/wp-json\/wp\/v2\/media?parent=88954"}],"wp:term":[{"taxonomy":"category","embeddable":true,"href":"https:\/\/www.europesays.com\/fi\/wp-json\/wp\/v2\/categories?post=88954"},{"taxonomy":"post_tag","embeddable":true,"href":"https:\/\/www.europesays.com\/fi\/wp-json\/wp\/v2\/tags?post=88954"}],"curies":[{"name":"wp","href":"https:\/\/api.w.org\/{rel}","templated":true}]}}