{"id":88984,"date":"2025-11-13T12:03:08","date_gmt":"2025-11-13T12:03:08","guid":{"rendered":"https:\/\/www.europesays.com\/fi\/88984\/"},"modified":"2025-11-13T12:03:08","modified_gmt":"2025-11-13T12:03:08","slug":"palestiinalaismedia-israelilaiset-siirtokuntalaiset-sytyttivat-moskeijan-tuleen-lansirannalla-uutisia-lyhyesti","status":"publish","type":"post","link":"https:\/\/www.europesays.com\/fi\/88984\/","title":{"rendered":"Palestiinalaismedia: Israelilaiset siirtokuntalaiset sytyttiv\u00e4t moskeijan tuleen L\u00e4nsirannalla | Uutisia lyhyesti"},"content":{"rendered":"<p class=\"aw-1gybjub aw-5vja16 kEtdKx kmuxyA yle__article__paragraph\">Israelin puolustusvoimien edustaja on my\u00f6nt\u00e4nyt Haaretzille israelilaisten siirtokuntalaisten tuhot\u00f6iden lis\u00e4\u00e4ntyneen rajusti.<\/p>\n<p class=\"aw-1gybjub aw-1p7kakr kEtdKx cEmitX yle__article__paragraph\">Israelilaiset siirtokuntalaiset sytyttiv\u00e4t moskeijan tuleen L\u00e4nsirannalla, uutisoi palestiinalainen uutistoimisto Wafa israelilaislehti <a class=\"aw-iao6s4 iHOxEa yle__article__link\" href=\"https:\/\/www.haaretz.com\/west-bank\/2025-11-13\/ty-article\/.premium\/palestinian-reports-settlers-torch-vandalize-west-bank-mosque\/0000019a-7c19-d259-af9a-fedf94d00000?fromLogin=success\" role=\"link\" rel=\"nofollow noopener\" target=\"_blank\">Haaretzin<\/a> mukaan.<\/p>\n<p class=\"aw-1gybjub aw-1p7kakr kEtdKx cEmitX yle__article__paragraph\">Wafan mukaan siirtokuntalaiset sytyttiv\u00e4t tuleen moskeijan sis\u00e4\u00e4nk\u00e4ynnin, mink\u00e4 j\u00e4lkeen he maalasivat uhkailevia kirjoituksia moskeijan ulkoseiniin. Haaretz julkaisi valokuvia mustaksi palaneen moskeijan sis\u00e4lt\u00e4, joista n\u00e4kyi liekkien ulottuneen sis\u00e4tiloihin ja aiheuttaneen siell\u00e4 tuhoja. Kenenk\u00e4\u00e4n ei kerrottu loukkaantuneen.<\/p>\n<p class=\"aw-1gybjub aw-1p7kakr kEtdKx cEmitX yle__article__paragraph\">Wafalle puhuneen palestiinalaisaktivistin mukaan paikalliset asukkaat onnistuivat est\u00e4m\u00e4\u00e4n palon levi\u00e4misen koko rakennukseen.<\/p>\n<p class=\"aw-1gybjub aw-1p7kakr kEtdKx cEmitX yle__article__paragraph\">Israelin puolustusvoimien edustaja my\u00f6nsi aiemmin viikolla Haaretzille, ett\u00e4 israelilaisten siirtokuntalaisten tuhoty\u00f6t ovat lis\u00e4\u00e4ntyneet rajusti L\u00e4nsirannalla. Israelin mukaan tekij\u00e4t ovat kuitenkin ryhm\u00e4 \u201dteini-ik\u00e4isi\u00e4 anarkisteja\u201d, jotka eiv\u00e4t edusta valtaosaa L\u00e4nsirannan yli puolesta miljoonasta siirtokuntalaisesta.<\/p>\n<p class=\"aw-1gybjub aw-1p7kakr kEtdKx cEmitX yle__article__paragraph\">\u2013 Me emme pelk\u00e4\u00e4 <strong class=\"aw-ak79eh KyCXm yle__article__strong\">Avi Bluthia<\/strong>, luki Haaretzin mukaan yhdess\u00e4 ulkosein\u00e4\u00e4n kirjoitetussa graffitissa. Sill\u00e4 viitataan L\u00e4nsirannalla olevien israelilaisten miehitysjoukkojen komentajaan.<\/p>\n<p class=\"aw-1gybjub aw-1p7kakr kEtdKx cEmitX yle__article__paragraph\">Israel on miehitt\u00e4nyt L\u00e4nsirantaa vuodesta 1967.<\/p>\n<p>YK: Noin kahdeksan v\u00e4kivallantekoa p\u00e4iv\u00e4ss\u00e4<\/p>\n<p class=\"aw-1gybjub aw-1p7kakr kEtdKx cEmitX yle__article__paragraph\">YK julkaisi lauantaina raportin, jonka mukaan L\u00e4nsirannalla siirtokuntalaisten tekemien v\u00e4kivaltaisuuksien kuukausittainen m\u00e4\u00e4r\u00e4 oli viime kuussa korkein l\u00e4hes kahteen vuosikymmeneen.<\/p>\n<p class=\"aw-1gybjub aw-1p7kakr kEtdKx cEmitX yle__article__paragraph\">Raportin mukaan pelk\u00e4st\u00e4\u00e4n lokakuun aikana tapahtui yli 260 v\u00e4kivallantekoa eli keskim\u00e4\u00e4rin kahdeksan hy\u00f6kk\u00e4yst\u00e4 p\u00e4iv\u00e4ss\u00e4. YK alkoi dokumentoida v\u00e4kivaltaisuuksia vuodesta 2006.<\/p>\n<p class=\"aw-1gybjub aw-1p7kakr kEtdKx cEmitX yle__article__paragraph\">\u2013 Vuodesta 2006 l\u00e4htien (YK:n h\u00e4t\u00e4aputoimisto) <a class=\"aw-iao6s4 iHOxEa yle__article__link\" href=\"https:\/\/www.un.org\/unispal\/document\/ocha-press-release-7nov25\/\" role=\"link\" rel=\"nofollow noopener\" target=\"_blank\">OCHA <\/a>on dokumentoinut yli 9 600 t\u00e4llaista hy\u00f6kk\u00e4yst\u00e4. N\u00e4ist\u00e4 noin 1 500 tapahtui pelk\u00e4st\u00e4\u00e4n t\u00e4m\u00e4n vuoden aikana, mik\u00e4 vastaa noin 15 prosenttia kokonaistapauksista, raportissa todettiin.<\/p>\n<p class=\"aw-1gybjub aw-1p7kakr kEtdKx cEmitX yle__article__paragraph\">Viime kes\u00e4n\u00e4 Kansainv\u00e4linen tuomioistuin (ICJ) linjasi, ett\u00e4 Israelin miehitys on laiton. Lausunnossa Israelia vaadittiin lopettamaan L\u00e4nsirannan miehitt\u00e4minen ja korvaamaan miehityksest\u00e4 aiheutuneet vahingot. Lopettamisen sijaan Israel on viime vuosina kiihdytt\u00e4nyt ennest\u00e4\u00e4n siirtokuntapolitiikkaansa.<\/p>\n","protected":false},"excerpt":{"rendered":"Israelin puolustusvoimien edustaja on my\u00f6nt\u00e4nyt Haaretzille israelilaisten siirtokuntalaisten tuhot\u00f6iden lis\u00e4\u00e4ntyneen rajusti. Israelilaiset siirtokuntalaiset sytyttiv\u00e4t moskeijan tuleen L\u00e4nsirannalla, uutisoi&hellip;\n","protected":false},"author":2,"featured_media":74,"comment_status":"","ping_status":"","sticky":false,"template":"","format":"standard","meta":{"footnotes":""},"categories":[14],"tags":[22,23,26,27,33,31,30,17,993,3364,24,25,996,28,29,15,18,21,995,32,19,20,56,16,59,60,61],"class_list":{"0":"post-88984","1":"post","2":"type-post","3":"status-publish","4":"format-standard","5":"has-post-thumbnail","7":"category-ulkomaat","8":"tag-breaking-news","9":"tag-breakingnews","10":"tag-featured-news","11":"tag-featurednews","12":"tag-fi","13":"tag-finland","14":"tag-finnish","15":"tag-headlines","16":"tag-israel","17":"tag-israelin-siirtokunnat","18":"tag-latest-news","19":"tag-latestnews","20":"tag-levottomuudet","21":"tag-main-news","22":"tag-mainnews","23":"tag-news","24":"tag-otsikot","25":"tag-paauutiset","26":"tag-palestiinalaisalueet","27":"tag-suomi","28":"tag-top-stories","29":"tag-topstories","30":"tag-ulkomaat","31":"tag-uutiset","32":"tag-world","33":"tag-world-news","34":"tag-worldnews"},"share_on_mastodon":{"url":"https:\/\/pubeurope.com\/@fi\/115542294958099992","error":""},"_links":{"self":[{"href":"https:\/\/www.europesays.com\/fi\/wp-json\/wp\/v2\/posts\/88984","targetHints":{"allow":["GET"]}}],"collection":[{"href":"https:\/\/www.europesays.com\/fi\/wp-json\/wp\/v2\/posts"}],"about":[{"href":"https:\/\/www.europesays.com\/fi\/wp-json\/wp\/v2\/types\/post"}],"author":[{"embeddable":true,"href":"https:\/\/www.europesays.com\/fi\/wp-json\/wp\/v2\/users\/2"}],"replies":[{"embeddable":true,"href":"https:\/\/www.europesays.com\/fi\/wp-json\/wp\/v2\/comments?post=88984"}],"version-history":[{"count":0,"href":"https:\/\/www.europesays.com\/fi\/wp-json\/wp\/v2\/posts\/88984\/revisions"}],"wp:featuredmedia":[{"embeddable":true,"href":"https:\/\/www.europesays.com\/fi\/wp-json\/wp\/v2\/media\/74"}],"wp:attachment":[{"href":"https:\/\/www.europesays.com\/fi\/wp-json\/wp\/v2\/media?parent=88984"}],"wp:term":[{"taxonomy":"category","embeddable":true,"href":"https:\/\/www.europesays.com\/fi\/wp-json\/wp\/v2\/categories?post=88984"},{"taxonomy":"post_tag","embeddable":true,"href":"https:\/\/www.europesays.com\/fi\/wp-json\/wp\/v2\/tags?post=88984"}],"curies":[{"name":"wp","href":"https:\/\/api.w.org\/{rel}","templated":true}]}}