{"id":89522,"date":"2025-11-14T01:58:10","date_gmt":"2025-11-14T01:58:10","guid":{"rendered":"https:\/\/www.europesays.com\/fi\/89522\/"},"modified":"2025-11-14T01:58:10","modified_gmt":"2025-11-14T01:58:10","slug":"purra-ja-orpo-torppaavat-yhteisvelan-ukrainan-tukemiseksi-venajalta-jaadytetyt-varat-moraalisesti-oikea-vaihtoehto-uutissuomalainen","status":"publish","type":"post","link":"https:\/\/www.europesays.com\/fi\/89522\/","title":{"rendered":"Purra ja Orpo torppaavat yhteisvelan Ukrainan tukemiseksi: &#8221;Ven\u00e4j\u00e4lt\u00e4 j\u00e4\u00e4dytetyt varat moraalisesti oikea vaihtoehto&#8221; | Uutissuomalainen"},"content":{"rendered":"<p>Jos EU-maat eiv\u00e4t l\u00f6yd\u00e4 sopua j\u00e4\u00e4dytettyjen ven\u00e4l\u00e4isvarojen k\u00e4yt\u00f6st\u00e4 Ukrainan tukemiseksi, yksi vaihtoehto on lainan hakeminen markkinoilta EU:n yhteist\u00e4 budjettia vastaan eli k\u00e4yt\u00e4nn\u00f6ss\u00e4 yhteisvelka. N\u00e4in sanoi torstaina EU-komission puheenjohtaja Ursula von der Leyen.<\/p>\n<p>Toinen vaihtoehto on, ett\u00e4 j\u00e4senmaat hankkivat Ukrainan tukemiseen tarvittavan p\u00e4\u00e4oman itse hallitusten v\u00e4lisill\u00e4 sopimuksilla.<\/p>\n<p>EU on valmistellut 140 miljardin euron sotakorvauslainaa budjettivajeesta k\u00e4rsiv\u00e4n Ukrainan tukemiseksi. Lainaan k\u00e4ytett\u00e4isiin Ven\u00e4j\u00e4lt\u00e4 j\u00e4\u00e4dytettyjen varojen k\u00e4teistuottoja. Ukraina maksaisi lainan takaisin EU:lle vain, jos Ven\u00e4j\u00e4 maksaisi sille sotakorvauksia.<\/p>\n<p>Lainan valmistelun aloittamisesta yritettiin sopia lokakuun EU-huippukokouksessa, mutta asia kaatui etenkin Belgian vastustukseen. Maa hallinnoi valtaosaa Ven\u00e4j\u00e4lt\u00e4 j\u00e4\u00e4dytetyist\u00e4 varoista Euroclear-rahoituslaitoksessaan, ja sill\u00e4 on ollut varojen k\u00e4ytt\u00f6\u00f6n liittyvi\u00e4 oikeudellisia ja taloudellisia huolia.<\/p>\n<p>Siksi pelk\u00e4n sotakorvauslainan valmistelun sijasta EU-huippukokous sopi lokakuussa, ett\u00e4 komissio alkaa sen sijaan valmistella erilaisia rahoitusvaihtoehtoja Ukrainan tukemiseksi.<\/p>\n<p>N\u00e4m\u00e4 kolme vaihtoehtoa von der Leyen esitteli torstaina pit\u00e4m\u00e4ss\u00e4\u00e4n puheessa EU-parlamentille. Vaihtoehdoista yksi on edelleen Ven\u00e4j\u00e4n j\u00e4\u00e4dytettyihin varoihin perustuva sotakorvauslaina, ja se on von der Leyenin mukaan yh\u00e4 ensisijainen vaihtoehto Ukrainan tukemiseksi.<\/p>\n<p>\u2013\u2009T\u00e4m\u00e4 on tehokkain tapa tukea Ukrainan puolustusta ja taloutta. Ja selkein tapa osoittaa Ven\u00e4j\u00e4lle, ett\u00e4 aika ei ole sen puolella, h\u00e4n sanoi.<\/p>\n<p>\t\t\t\tPurra: Olen hyvin optimistinen<\/p>\n<p>Monet velkaantuneet j\u00e4senmaat eiv\u00e4t suhtaudu ajatukseen yhteisvelasta ilahtuneesti, kuten eiv\u00e4t my\u00f6sk\u00e4\u00e4n Ukrainan tukemiseen omista budjeteistaan.<\/p>\n<p>Asiasta keskusteltiin torstaina EU:n valtiovarainministereiden kokouksessa Brysseliss\u00e4. Suomea kokouksessa edustanut valtiovarainministeri Riikka Purra (ps.) sanoi, ett\u00e4 my\u00f6s komission mukaan ainut realistinen malli on Ven\u00e4j\u00e4n j\u00e4\u00e4dytettyihin varoihin perustuva sotakorvauslaina.<\/p>\n<p>\u2013\u2009Hyvin vahvasti my\u00f6s EU:n j\u00e4senvaltioilta tulee viesti\u00e4 siihen, ett\u00e4 nimenomaan j\u00e4\u00e4dytettyihin varoihin perustuva malli on se paras vaihtoehto, jolla edet\u00e4.<\/p>\n<p>T\u00e4m\u00e4 on Suomenkin kanta asiaan.<\/p>\n<p>\u2013\u2009Olen edelleen hyvin optimistinen siit\u00e4, ett\u00e4 t\u00e4ss\u00e4 p\u00e4\u00e4st\u00e4\u00e4n ratkaisuun, joka perustuu nimenomaan j\u00e4\u00e4dytettyjen varojen k\u00e4ytt\u00f6\u00f6n, Purra sanoi.<\/p>\n<p>H\u00e4n sanoi optimisminsa pohjautuvan siihen, ett\u00e4 parempiakaan vaihtoehtoja ei tunnu olevan olemassa.<\/p>\n<p>\u2013\u2009T\u00e4m\u00e4 optimismi ei lainkaan kiell\u00e4 sit\u00e4, etteik\u00f6 asiaan liittyisi viel\u00e4 vaikeita selvitett\u00e4vi\u00e4 asioita. Mutta kun ratkaisuun on p\u00e4\u00e4st\u00e4v\u00e4 ja kaikki ovat samaa mielt\u00e4 siit\u00e4, ett\u00e4 Ukraina apua tarvitsee, niin ei niit\u00e4 vaihtoehtoja loppujen lopuksi taida paljon enemp\u00e4\u00e4 olla.<\/p>\n<p>\t\t\t\tUnkari huolettaa<\/p>\n<p>Suomelle on ollut my\u00f6s t\u00e4rke\u00e4\u00e4 varmistaa, ett\u00e4 varat eiv\u00e4t p\u00e4\u00e4dy takaisin Ven\u00e4j\u00e4lle ilman, ett\u00e4 Ven\u00e4j\u00e4 on maksanut sotakorvauksensa Ukrainalle. Purra arvioikin, ett\u00e4 lainarakennelman vaativin asia on t\u00e4ll\u00e4 hetkell\u00e4 pakotelains\u00e4\u00e4d\u00e4nt\u00f6\u00f6n teht\u00e4v\u00e4t muutokset.<\/p>\n<p>Asia liittyy pakotteiden uusimiseen, joka on ollut yksi Belgian huolista.<\/p>\n<p>EU:n Ven\u00e4j\u00e4-pakotteet on uusittava kuuden kuukauden v\u00e4lein, ja jos jokin j\u00e4senmaa p\u00e4\u00e4tt\u00e4isi est\u00e4\u00e4 niiden jatkon, Ven\u00e4j\u00e4 saisi mahdollisuuden vet\u00e4\u00e4 varansa pois EU:sta.<\/p>\n<p>Muun muassa t\u00e4h\u00e4n dilemmaan komissio on yritt\u00e4nyt hakea ratkaisua. Yksi ratkaisuyrityksist\u00e4 on ollut, ett\u00e4 pakotteista voitaisiin p\u00e4\u00e4tt\u00e4\u00e4 jatkossa m\u00e4\u00e4r\u00e4enemmist\u00f6ll\u00e4 yksimielisen p\u00e4\u00e4t\u00f6ksen sijaan. T\u00e4m\u00e4 malli on kuitenkin ollut juridisesti kinkkinen.<\/p>\n<p>Kuluneen vuoden aikana Unkari on heitt\u00e4ytynyt usein vastahankaan pakotteiden uusimisessa, vaikka onkin lopulta aina taipunut asiaan.<\/p>\n<p>\t\t\t\tOrpo: Emme keskustele yhteisvelasta<\/p>\n<p>Ukrainan rahoituksesta yritet\u00e4\u00e4n saada aikaan sopu viimeist\u00e4\u00e4n joulukuun EU-huippukokouksessa. Asialla on kiire, sill\u00e4 Ukrainan varojen on arvioitu olevan loppumassa ensi kev\u00e4\u00e4n\u00e4.<\/p>\n<p>140 miljardin euron sotakorvauslainan on arvioitu riitt\u00e4v\u00e4n budjettivajeesta k\u00e4rsiv\u00e4lle Ukrainalle kahdeksi vuodeksi.<\/p>\n<p>My\u00f6s p\u00e4\u00e4ministeri Petteri Orpo (kok.) sanoi toimittajille eduskunnassa torstaina, ett\u00e4 h\u00e4n ei n\u00e4e mit\u00e4\u00e4n muuta vaihtoehtoa kuin j\u00e4\u00e4dytettyjen varojen k\u00e4yt\u00f6n.<\/p>\n<p>\u2013\u2009Koska muut vaihtoehdot ovat: se, ett\u00e4 ei tueta Ukrainaa \u2013 mahdoton. Toinen on se, ett\u00e4 j\u00e4senmaat maksavat lis\u00e4\u00e4. T\u00e4h\u00e4n ei ole budjeteissa varaa. Kolmas on yhteisvelka. Sekin l\u00e4hes mahdoton, jos ajattelen, miten eri Euroopan maat ja Suomikin suhtautuvat siihen. Silloin meill\u00e4 on t\u00e4m\u00e4 vaihtoehto, joka on moraalisesti oikein.<\/p>\n<p>Onko Suomen kanta yhteisvelkaan t\u00e4ysin kielteinen?<\/p>\n<p>\u2013\u2009Emme me keskustele siit\u00e4 t\u00e4ll\u00e4 hetkell\u00e4, koska me haluamme keskustella j\u00e4\u00e4dytettyjen varojen k\u00e4yt\u00f6st\u00e4, h\u00e4n sanoi vastauksena STT:n kysymykseen.<\/p>\n<p>Purra varoitti, ett\u00e4 Ukrainan osalta kyse on laajemmastakin turvallisuuskysymyksest\u00e4.<\/p>\n<p>\u2013\u2009Jos emme pysty l\u00f6yt\u00e4m\u00e4\u00e4n ratkaisua Ukrainan rahoituskysymykseen, niin riski tietenkin muualla kasvaa mittaamattoman suureksi. Kyse on paljon laajemmistakin turvallisuuskysymyksist\u00e4.<\/p>\n","protected":false},"excerpt":{"rendered":"Jos EU-maat eiv\u00e4t l\u00f6yd\u00e4 sopua j\u00e4\u00e4dytettyjen ven\u00e4l\u00e4isvarojen k\u00e4yt\u00f6st\u00e4 Ukrainan tukemiseksi, yksi vaihtoehto on lainan hakeminen markkinoilta EU:n yhteist\u00e4&hellip;\n","protected":false},"author":2,"featured_media":89523,"comment_status":"","ping_status":"","sticky":false,"template":"","format":"standard","meta":{"footnotes":""},"categories":[14],"tags":[22,23,1617,26,27,33,31,30,17,70,5679,24,25,28,29,15,18,21,142,637,886,32,19,20,56,4385,16,59,60,61],"class_list":{"0":"post-89522","1":"post","2":"type-post","3":"status-publish","4":"format-standard","5":"has-post-thumbnail","7":"category-ulkomaat","8":"tag-breaking-news","9":"tag-breakingnews","10":"tag-euroopan-unioni","11":"tag-featured-news","12":"tag-featurednews","13":"tag-fi","14":"tag-finland","15":"tag-finnish","16":"tag-headlines","17":"tag-kansainvalinen-politiikka","18":"tag-kansainvaliset-organisaatiot-ja-sopimukset","19":"tag-latest-news","20":"tag-latestnews","21":"tag-main-news","22":"tag-mainnews","23":"tag-news","24":"tag-otsikot","25":"tag-paauutiset","26":"tag-poliitikot","27":"tag-politiikka","28":"tag-puolueet","29":"tag-suomi","30":"tag-top-stories","31":"tag-topstories","32":"tag-ulkomaat","33":"tag-ulkopolitiikka-ja-kansainvalinen-politiikka","34":"tag-uutiset","35":"tag-world","36":"tag-world-news","37":"tag-worldnews"},"share_on_mastodon":{"url":"","error":"Validation failed: Text character limit of 500 exceeded"},"_links":{"self":[{"href":"https:\/\/www.europesays.com\/fi\/wp-json\/wp\/v2\/posts\/89522","targetHints":{"allow":["GET"]}}],"collection":[{"href":"https:\/\/www.europesays.com\/fi\/wp-json\/wp\/v2\/posts"}],"about":[{"href":"https:\/\/www.europesays.com\/fi\/wp-json\/wp\/v2\/types\/post"}],"author":[{"embeddable":true,"href":"https:\/\/www.europesays.com\/fi\/wp-json\/wp\/v2\/users\/2"}],"replies":[{"embeddable":true,"href":"https:\/\/www.europesays.com\/fi\/wp-json\/wp\/v2\/comments?post=89522"}],"version-history":[{"count":0,"href":"https:\/\/www.europesays.com\/fi\/wp-json\/wp\/v2\/posts\/89522\/revisions"}],"wp:featuredmedia":[{"embeddable":true,"href":"https:\/\/www.europesays.com\/fi\/wp-json\/wp\/v2\/media\/89523"}],"wp:attachment":[{"href":"https:\/\/www.europesays.com\/fi\/wp-json\/wp\/v2\/media?parent=89522"}],"wp:term":[{"taxonomy":"category","embeddable":true,"href":"https:\/\/www.europesays.com\/fi\/wp-json\/wp\/v2\/categories?post=89522"},{"taxonomy":"post_tag","embeddable":true,"href":"https:\/\/www.europesays.com\/fi\/wp-json\/wp\/v2\/tags?post=89522"}],"curies":[{"name":"wp","href":"https:\/\/api.w.org\/{rel}","templated":true}]}}