{"id":89542,"date":"2025-11-14T02:24:09","date_gmt":"2025-11-14T02:24:09","guid":{"rendered":"https:\/\/www.europesays.com\/fi\/89542\/"},"modified":"2025-11-14T02:24:09","modified_gmt":"2025-11-14T02:24:09","slug":"kolumbia-ei-keskeytakaan-tiedusteluvaihtoa-yhdysvaltojen-kanssa","status":"publish","type":"post","link":"https:\/\/www.europesays.com\/fi\/89542\/","title":{"rendered":"Kolumbia ei keskeyt\u00e4k\u00e4\u00e4n tiedusteluvaihtoa Yhdysvaltojen kanssa"},"content":{"rendered":"<p>Venepommitukset|Maan presidentti Gustavo Petro sanoi tiistaina, ett\u00e4 Kolumbia keskeytt\u00e4\u00e4 tiedusteluvaihdon Yhdysvaltain kanssa.<\/p>\n<p class=\"article-body mb-nof-24 px-nof-16\">Kolumbia ei aio toteuttaa uhkaustaan tiedusteluvaihdon keskeytt\u00e4misest\u00e4 Yhdysvaltojen kanssa. Kolumbian sis\u00e4ministerin mukaan tiedusteluvaihto Yhdysvaltojen kanssa jatkuu.<\/p>\n<p class=\"article-body mb-nof-24 px-nof-16\">Sis\u00e4ministeri <a class=\"article-personlink\" href=\"https:\/\/www.hs.fi\/haku\/?query=Armando%20Benedetti\" rel=\"nofollow noopener\" target=\"_blank\">Armando Benedetti<\/a> sanoi torstaina, ett\u00e4 presidentti <a class=\"article-personlink\" href=\"https:\/\/www.hs.fi\/haku\/?query=Gustavo%20Petron\" rel=\"nofollow noopener\" target=\"_blank\">Gustavo Petron<\/a> lausuntoja asiasta on tulkittu v\u00e4\u00e4rin.<\/p>\n<p class=\"article-body mb-nof-24 px-nof-16\">Petro sanoi tiistaina <a class=\"article-genericlink\" href=\"https:\/\/x.com\/petrogustavo\/status\/1988393441999593891\" rel=\"nofollow\">viestipalvelu X:ss\u00e4<\/a>, ett\u00e4 maan tiedustelupalveluita on m\u00e4\u00e4r\u00e4tty keskeytt\u00e4m\u00e4\u00e4n kaikki yhteydenpito ja kanssak\u00e4yminen Yhdysvaltain turvallisuudesta vastaavien palveluiden kanssa. P\u00e4\u00e4t\u00f6s oli vastaus Yhdysvaltojen Karibialla ja Tyynell\u00e4merell\u00e4 tekemiin veneiskuihin.<\/p>\n","protected":false},"excerpt":{"rendered":"Venepommitukset|Maan presidentti Gustavo Petro sanoi tiistaina, ett\u00e4 Kolumbia keskeytt\u00e4\u00e4 tiedusteluvaihdon Yhdysvaltain kanssa. Kolumbia ei aio toteuttaa uhkaustaan tiedusteluvaihdon&hellip;\n","protected":false},"author":2,"featured_media":79326,"comment_status":"","ping_status":"","sticky":false,"template":"","format":"standard","meta":{"footnotes":""},"categories":[14],"tags":[22,23,26,27,33,31,30,17,46,24,25,28,29,15,18,21,32,19,20,56,16,59,60,61],"class_list":{"0":"post-89542","1":"post","2":"type-post","3":"status-publish","4":"format-standard","5":"has-post-thumbnail","7":"category-ulkomaat","8":"tag-breaking-news","9":"tag-breakingnews","10":"tag-featured-news","11":"tag-featurednews","12":"tag-fi","13":"tag-finland","14":"tag-finnish","15":"tag-headlines","16":"tag-helsingin-sanomat","17":"tag-latest-news","18":"tag-latestnews","19":"tag-main-news","20":"tag-mainnews","21":"tag-news","22":"tag-otsikot","23":"tag-paauutiset","24":"tag-suomi","25":"tag-top-stories","26":"tag-topstories","27":"tag-ulkomaat","28":"tag-uutiset","29":"tag-world","30":"tag-world-news","31":"tag-worldnews"},"share_on_mastodon":{"url":"https:\/\/pubeurope.com\/@fi\/115545680461766100","error":""},"_links":{"self":[{"href":"https:\/\/www.europesays.com\/fi\/wp-json\/wp\/v2\/posts\/89542","targetHints":{"allow":["GET"]}}],"collection":[{"href":"https:\/\/www.europesays.com\/fi\/wp-json\/wp\/v2\/posts"}],"about":[{"href":"https:\/\/www.europesays.com\/fi\/wp-json\/wp\/v2\/types\/post"}],"author":[{"embeddable":true,"href":"https:\/\/www.europesays.com\/fi\/wp-json\/wp\/v2\/users\/2"}],"replies":[{"embeddable":true,"href":"https:\/\/www.europesays.com\/fi\/wp-json\/wp\/v2\/comments?post=89542"}],"version-history":[{"count":0,"href":"https:\/\/www.europesays.com\/fi\/wp-json\/wp\/v2\/posts\/89542\/revisions"}],"wp:featuredmedia":[{"embeddable":true,"href":"https:\/\/www.europesays.com\/fi\/wp-json\/wp\/v2\/media\/79326"}],"wp:attachment":[{"href":"https:\/\/www.europesays.com\/fi\/wp-json\/wp\/v2\/media?parent=89542"}],"wp:term":[{"taxonomy":"category","embeddable":true,"href":"https:\/\/www.europesays.com\/fi\/wp-json\/wp\/v2\/categories?post=89542"},{"taxonomy":"post_tag","embeddable":true,"href":"https:\/\/www.europesays.com\/fi\/wp-json\/wp\/v2\/tags?post=89542"}],"curies":[{"name":"wp","href":"https:\/\/api.w.org\/{rel}","templated":true}]}}