{"id":89567,"date":"2025-11-14T03:12:13","date_gmt":"2025-11-14T03:12:13","guid":{"rendered":"https:\/\/www.europesays.com\/fi\/89567\/"},"modified":"2025-11-14T03:12:13","modified_gmt":"2025-11-14T03:12:13","slug":"meteorologi-anniina-valtonen-varoittaa-saalahetyksen-katsojia","status":"publish","type":"post","link":"https:\/\/www.europesays.com\/fi\/89567\/","title":{"rendered":"Meteorologi Anniina Valtonen varoittaa s\u00e4\u00e4l\u00e4hetyksen katsojia"},"content":{"rendered":"<p>\n            20230120, Helsinki. Kultainen Venla Gaala 2023.Kuvassa Anniina Valtonen.<br \/>\n            TIMO KORHONEN\n        <\/p>\n<p class=\"subtitle \">Meteorologi Anniina Valtonen joutui kotona koville.<\/p>\n<p class=\"article-content article-content-width !bg-background\">Ylen ruutukasvona tunnettu meteorologi  julkaisi <a href=\"https:\/\/www.instagram.com\/anniinavaltonen_puoli7\/\" aria-label=\"Anniina Valtosen Instagram\" target=\"_blank\" rel=\"nofollow noopener\">Instagram<\/a>-p\u00e4ivityksen 13.11., johon pienten lasten vanhemmilla lienee hyvin samaistumispintaa.<\/p>\n<p class=\"article-content article-content-width !bg-background\">Omakuvalla kuvitetun p\u00e4ivityksen kylkeen h\u00e4n on kirjoittanut pitk\u00e4n tekstin, jossa kertoo er\u00e4\u00e4st\u00e4 pikkulapsiperheelle tutusta tilanteesta: nimitt\u00e4in y\u00f6her\u00e4\u00e4misest\u00e4.<\/p>\n<p class=\"article-content article-content-width !bg-background\">Normaalistikin jaksamista haastavat lapsen y\u00f6her\u00e4ilyt voivat tuntua erityisen hankalilta, jos ty\u00f6vuoro alkaa kukonlaulun aikaan, kuten meteorologeilla.<\/p>\n<p>        <a itemprop=\"url\" href=\"https:\/\/www.seiska.fi\/katso\/anniina-valtonen-sai-kitkeraa-palautetta\/1830662\" rel=\"nofollow noopener\" target=\"_blank\"><\/p>\n<p>\nAnniina Valtonen\n<\/p>\n<p class=\"section-date\">\n        <strong class=\"article-section\" data-section=\"katso\"><br \/>\n            katso<br \/>\n        <\/strong><br \/>\n        9.6. 14:15\n    <\/p>\n<p>Anniina Valtonen sai kitker\u00e4\u00e4 palautetta\n    <\/p>\n<p itemprop=\"description\" class=\"subtitle \">\n    Meteorologi saa mit\u00e4 kummallisimpia katsojapalautteita.\n<\/p>\n<p>        <\/a><\/p>\n<p>Nukuttamisoperaatio<\/p>\n<p class=\"article-content article-content-width !bg-background\">Julkaisunsa kuvatekstiss\u00e4 Anniina kertoo, kuinka h\u00e4nen parivuotias lapsensa her\u00e4si illalla itkem\u00e4\u00e4n.<\/p>\n<p class=\"article-content article-content-width !bg-background\"> \u2013 Olemme mieheni kanssa sopineet, ett\u00e4 aamuvuoro\u00f6in\u00e4 h\u00e4n hoitaa mahdolliset y\u00f6her\u00e4tykset, sill\u00e4 kelloni her\u00e4tt\u00e4\u00e4 2.45.<\/p>\n<p>        <a itemprop=\"url\" href=\"https:\/\/www.seiska.fi\/katso\/anniina-valtonen-tekee-viimeisen-puoli-seitseman-lahetyksen-paljastaa-uuden-tyon\/1704396\" rel=\"nofollow noopener\" target=\"_blank\"><\/p>\n<p>\nAnniina Valtonen\n<\/p>\n<p class=\"section-date\">\n        <strong class=\"article-section\" data-section=\"katso\"><br \/>\n            katso<br \/>\n        <\/strong><br \/>\n        16.5. 10:46\n    <\/p>\n<p>Anniina Valtonen tekee viimeisen Puoli seitsem\u00e4n -l\u00e4hetyksen &#8211; paljastaa uuden ty\u00f6n\n    <\/p>\n<p itemprop=\"description\" class=\"subtitle \">\n    Suosikkijuontaja j\u00e4tt\u00e4\u00e4 hyv\u00e4stit Puoli seitsem\u00e4n -ohjelmalle. L\u00e4hetyksess\u00e4 poikkeuksellinen ratkaisu.\n<\/p>\n<p>        <\/a><\/p>\n<p class=\"article-content article-content-width !bg-background\">Yrityksest\u00e4 huolimatta Anniinan puoliso ei kuitenkaan saanut lasta rauhoittumaan, sill\u00e4 parivuotiaalle kelpasi ainoastaan &#8221;\u00e4idin syli.&#8221; Niinp\u00e4 yhdentoista j\u00e4lkeen Anniina talsi lapsensa huoneeseen.<\/p>\n<p class=\"article-content article-content-width !bg-background\"> \u2013\u00a0Tavoitan mieheni h\u00e4mmentyneen ja huojentuneen katseen. Kehoitan h\u00e4nt\u00e4 menem\u00e4\u00e4n takaisin nukkumaan. <\/p>\n<p>Pitk\u00e4n yritt\u00e4misen j\u00e4lkeen<\/p>\n<p>                <img decoding=\"async\" src=\"https:\/\/www.europesays.com\/fi\/wp-content\/uploads\/2025\/11\/1992086.webp\" width=\"576\" height=\"274\" title=\"Anniina juonsi Ylen Puoli seitsem\u00e4n -ohjelmaa vuosien 2022-2025 v\u00e4lill\u00e4. Kuvassa Anniina juhlii Venla-voittoaan vuonna 2022.\" alt=\"Anniina Valtonen tuulettaa vuoden 2025 Venla-gaalassa. K\u00e4dess\u00e4\u00e4n h\u00e4nell\u00e4 on Venla-patsas. H\u00e4n on pukeutunut oranssiin alaosaan ja valkoiseen lyhythihaiseen yl\u00e4osaan.\" loading=\"lazy\" \/>            <\/p>\n<p>\n            Anniina juonsi Ylen Puoli seitsem\u00e4n -ohjelmaa vuosien 2022-2025 v\u00e4lill\u00e4. Kuvassa Anniina juhlii Venla-voittoaan vuonna 2022.<br \/>\n            kristian wallin\n        <\/p>\n<p class=\"article-content article-content-width !bg-background\">Selvisi, ett\u00e4 lapsi olisi halunnut leikki\u00e4 nukkumisen sijaan.\u00a0<\/p>\n<p class=\"article-content article-content-width !bg-background\">Niinp\u00e4 Anniina keksi kertoa, ett\u00e4 kaikki lelut ja pelit ovat nukkumassa.\u00a0<\/p>\n<p class=\"article-content article-content-width !bg-background\"> \u2013\u00a0Lauloin h\u00e4nelle tuutulauluja ja lopulta h\u00e4n totesi, ett\u00e4 voi k\u00e4yd\u00e4 omaan s\u00e4nkyyns\u00e4 nukkumaan. J\u00e4in h\u00e4nen viereens\u00e4 odottamaan, ett\u00e4 nukkumatti vierailee uudestaan h\u00e4nen luonaan. <\/p>\n<p>        <a itemprop=\"url\" href=\"https:\/\/www.seiska.fi\/kotimaa\/anniina-valtonen-avautuu-puoli-seiska-shokkilahdostaan-osasin-odottaa\/1659060\" rel=\"nofollow noopener\" target=\"_blank\"><\/p>\n<p>\nAvautuu Puoli seiska -shokkil\u00e4hd\u00f6st\u00e4\u00e4n\n<\/p>\n<p class=\"section-date\">\n        <strong class=\"article-section\" data-section=\"kotimaa\"><br \/>\n            kotimaa<br \/>\n        <\/strong><br \/>\n        28.3. 20:30\n    <\/p>\n<p>Anniina Valtonen avautuu Puoli seiska -shokkil\u00e4hd\u00f6st\u00e4\u00e4n: &#8221;Osasin odottaa&#8221;\n    <\/p>\n<p itemprop=\"description\" class=\"subtitle \">\n    Pari p\u00e4iv\u00e4\u00e4 sitten uutisoitiin, ett\u00e4 Anniina Valtosen pesti Puoli seitsem\u00e4n -ohjelman juontajana p\u00e4\u00e4ttyy.\n<\/p>\n<p>        <\/a><\/p>\n<p class=\"article-content article-content-width !bg-background\"> \u2013 Mietin, miten selvi\u00e4n aamuvuorosta t\u00e4llaisen y\u00f6n j\u00e4lkeen.<\/p>\n<p class=\"article-content article-content-width !bg-background\">Suosikkimeteorologi kertoo p\u00e4\u00e4sseens\u00e4 nukkumaan vasta 20 yli yksi y\u00f6ll\u00e4. Reilu tuntia my\u00f6hemmin kello her\u00e4tti Anniinan.<\/p>\n<p class=\"article-content article-content-width !bg-background\"> \u2013\u00a0Hyv\u00e4t s\u00e4\u00e4l\u00e4hetyksen katsojat. Nukkumatti ei vieraillut luonani viime y\u00f6n\u00e4 laisinkaan, Anniina p\u00e4\u00e4tt\u00e4\u00e4 pitk\u00e4n tekstins\u00e4.<\/p>\n<p><script async src=\"\/\/www.instagram.com\/embed.js\"><\/script><\/p>\n","protected":false},"excerpt":{"rendered":"20230120, Helsinki. Kultainen Venla Gaala 2023.Kuvassa Anniina Valtonen. TIMO KORHONEN Meteorologi Anniina Valtonen joutui kotona koville. Ylen ruutukasvona&hellip;\n","protected":false},"author":2,"featured_media":89568,"comment_status":"","ping_status":"","sticky":false,"template":"","format":"standard","meta":{"footnotes":""},"categories":[130],"tags":[10445,137,33,31,30,5602,7346,32,109,18018],"class_list":{"0":"post-89567","1":"post","2":"type-post","3":"status-publish","4":"format-standard","5":"has-post-thumbnail","7":"category-viihde","8":"tag-anniina-valtonen","9":"tag-entertainment","10":"tag-fi","11":"tag-finland","12":"tag-finnish","13":"tag-kultainen-venla","14":"tag-meteorologi","15":"tag-suomi","16":"tag-viihde","17":"tag-yoheraaminen"},"share_on_mastodon":{"url":"https:\/\/pubeurope.com\/@fi\/115545869255488739","error":""},"_links":{"self":[{"href":"https:\/\/www.europesays.com\/fi\/wp-json\/wp\/v2\/posts\/89567","targetHints":{"allow":["GET"]}}],"collection":[{"href":"https:\/\/www.europesays.com\/fi\/wp-json\/wp\/v2\/posts"}],"about":[{"href":"https:\/\/www.europesays.com\/fi\/wp-json\/wp\/v2\/types\/post"}],"author":[{"embeddable":true,"href":"https:\/\/www.europesays.com\/fi\/wp-json\/wp\/v2\/users\/2"}],"replies":[{"embeddable":true,"href":"https:\/\/www.europesays.com\/fi\/wp-json\/wp\/v2\/comments?post=89567"}],"version-history":[{"count":0,"href":"https:\/\/www.europesays.com\/fi\/wp-json\/wp\/v2\/posts\/89567\/revisions"}],"wp:featuredmedia":[{"embeddable":true,"href":"https:\/\/www.europesays.com\/fi\/wp-json\/wp\/v2\/media\/89568"}],"wp:attachment":[{"href":"https:\/\/www.europesays.com\/fi\/wp-json\/wp\/v2\/media?parent=89567"}],"wp:term":[{"taxonomy":"category","embeddable":true,"href":"https:\/\/www.europesays.com\/fi\/wp-json\/wp\/v2\/categories?post=89567"},{"taxonomy":"post_tag","embeddable":true,"href":"https:\/\/www.europesays.com\/fi\/wp-json\/wp\/v2\/tags?post=89567"}],"curies":[{"name":"wp","href":"https:\/\/api.w.org\/{rel}","templated":true}]}}