{"id":89750,"date":"2025-11-14T08:43:08","date_gmt":"2025-11-14T08:43:08","guid":{"rendered":"https:\/\/www.europesays.com\/fi\/89750\/"},"modified":"2025-11-14T08:43:08","modified_gmt":"2025-11-14T08:43:08","slug":"hs-tavoitti-15-vuotiaan-louvren-mysteerimiehen","status":"publish","type":"post","link":"https:\/\/www.europesays.com\/fi\/89750\/","title":{"rendered":"HS tavoitti 15-vuotiaan Louvren mysteerimiehen"},"content":{"rendered":"<p>Ranska|Louvren suuren korury\u00f6st\u00f6n p\u00e4iv\u00e4n\u00e4 kuvaan tallentui etsiv\u00e4n n\u00e4k\u00f6inen nuori mies huopahattu p\u00e4\u00e4ss\u00e4\u00e4n. Nyt h\u00e4n kertoo, miksi h\u00e4n antoi ihmisten arvailla p\u00e4iv\u00e4tolkulla, kuka kuvassa on.<\/p>\n<p>Video:  Pedro Elias Garzon Delvaux<\/p>\n<p>Lue tiivistelm\u00e4<\/p>\n<p>Tiivistelm\u00e4 on teko\u00e4lyn tekem\u00e4 ja ihmisen tarkistama.<\/p>\n<p class=\"article-body mb-nof-24 px-nof-16 sndp-summary-bullet-point-font\">Louvren korury\u00f6st\u00f6n p\u00e4iv\u00e4n\u00e4 AP:n kuvaan tallentui Pedro Elias Garzon Delvaux, 15, huopahattu p\u00e4\u00e4ss\u00e4\u00e4n.<\/p>\n<p class=\"article-body mb-nof-24 px-nof-16 sndp-summary-bullet-point-font\">Teini ei paljastanut heti henkil\u00f6llisyytt\u00e4\u00e4n, koska halusi pit\u00e4\u00e4 yll\u00e4 mysteerin tuntua.<\/p>\n<p class=\"article-body mb-nof-24 px-nof-16 sndp-summary-bullet-point-font\">Garzon Delvaux oli pukeutunut 1940-luvun tyyliin museovierailua varten, mutta ei p\u00e4\u00e4ssyt sis\u00e4\u00e4n ry\u00f6st\u00f6n takia.<\/p>\n<p class=\"article-body mb-nof-24 px-nof-16 sndp-summary-bullet-point-font\">Nuorukaisen kuva levisi sosiaalisessa mediassa ja her\u00e4tti spekulaatioita, kunnes Der Spiegel paljasti h\u00e4nen henkil\u00f6llisyytens\u00e4.<\/p>\n<p class=\"article-body mb-nof-24 px-nof-16\">\u201dHatun on oltava hieman vinossa kulmassa kasvoihin n\u00e4hden, koska sill\u00e4 tavalla syntyy mysteerin tunne\u201d, sanoo <a class=\"article-personlink\" href=\"https:\/\/www.hs.fi\/haku\/?query=Pedro%20Elias%20Garzon%20Delvaux\" rel=\"nofollow noopener\" target=\"_blank\">Pedro Elias Garzon Delvaux<\/a>.<\/p>\n<p class=\"article-body mb-nof-24 px-nof-16\">Mysteerin tunne.<\/p>\n<p class=\"article-body mb-nof-24 px-nof-16\">Se oli kaiken keski\u00f6ss\u00e4, kun 15-vuotias Garzon Delvaux p\u00e4\u00e4tti hieman jekuttaa Louvren lokakuista korury\u00f6st\u00f6\u00e4 seuranneita ihmisi\u00e4 ymp\u00e4ri maailmaa.<\/p>\n<p class=\"article-body mb-nof-24 px-nof-16\">Nyt h\u00e4n kertoo HS:lle videopuhelussa, mit\u00e4 tapahtui, kun uutistoimisto AP:n kuva h\u00e4nest\u00e4 etsiv\u00e4n n\u00e4k\u00f6isen\u00e4 alkoi levit\u00e4 sosiaalisessa mediassa.<\/p>\n<p><img decoding=\"async\" src=\"https:\/\/www.europesays.com\/fi\/wp-content\/uploads\/2025\/11\/1763109788_613_468.jpg\" alt=\"Pedro Elias Garzon Delvaux l\u00e4hetti HS:lle kuvan itsest\u00e4\u00e4n. Se on torstailta 12. marraskuuta.\" class=\"_Img_1rerz_1\" style=\"aspect-ratio:0.7614583333333333\" loading=\"eager\"\/><\/p>\n<p class=\"article-picture-caption\">Pedro Elias Garzon Delvaux l\u00e4hetti HS:lle kuvan itsest\u00e4\u00e4n. Se on torstailta 12. marraskuuta. Kuva:\u00a0Pedro Elias Garzon Delvaux<\/p>\n<p class=\"article-body mb-nof-24 px-nof-16\">Pedro Elias Garzon Delvaux oli tullut viett\u00e4m\u00e4\u00e4n sunnuntaita \u00e4itins\u00e4 ja isois\u00e4ns\u00e4 kanssa Pariisiin. Tarkoituksena oli menn\u00e4 katsomaan taidemuseon p\u00e4\u00e4n\u00e4yttely\u00e4. Oli lokakuun 19. p\u00e4iv\u00e4.<\/p>\n<p class=\"article-body mb-nof-24 px-nof-16\">Garzon Delvaux oli pukeutunut kolmiosaiseen pukuun. P\u00e4\u00e4ss\u00e4\u00e4n h\u00e4nell\u00e4 oli hieman vinossa oleva huopahattu, fedora. H\u00e4n oli innostunut 1940-luvun tyylist\u00e4 aiemmin t\u00e4n\u00e4 vuonna ja pukeutui mielell\u00e4\u00e4n tyylikk\u00e4\u00e4sti erikoistilanteisiin kuten museovierailuille.<\/p>\n<p class=\"article-body mb-nof-24 px-nof-16\">Louvreen ei kuitenkaan p\u00e4\u00e4ssyt sis\u00e4\u00e4n.<\/p>\n<p class=\"article-body mb-nof-24 px-nof-16\">\u201dKuvan ottamisen j\u00e4lkeen meni varmaakin parikymment\u00e4 sekuntia, kun saimme tiet\u00e4\u00e4, ett\u00e4 Louvressa oli juuri tapahtunut ry\u00f6st\u00f6\u201d, Garzon Delvaux kertoo.<\/p>\n<p class=\"article-body mb-nof-24 px-nof-16\">He joutuivat palaamaan taidetta n\u00e4kem\u00e4tt\u00e4 kotikaupunkiinsa Rambouillet\u2019iin, joka sijaitsee Pariisin etel\u00e4puolella.<\/p>\n<p class=\"article-body mb-nof-24 px-nof-16\">Pian Pedro Elias Garzon Delvaux perheens\u00e4 ja yst\u00e4viens\u00e4 kanssa huomasi, ett\u00e4 h\u00e4nen kuvastaan on tulossa somessa villi\u00e4 vauhtia levi\u00e4v\u00e4 mysteeri.<\/p>\n<p class=\"article-body mb-nof-24 px-nof-16\">Ihmiset yrittiv\u00e4t arvailla, kuka hattup\u00e4inen nuori mies on.<\/p>\n<p><img decoding=\"async\" src=\"https:\/\/www.europesays.com\/fi\/wp-content\/uploads\/2025\/11\/1763109788_674_468.jpg\" alt=\"\" class=\"_Img_1rerz_1\" style=\"aspect-ratio:1.5\" loading=\"eager\"\/><\/p>\n<p class=\"article-picture-caption\">Kuva:\u00a0Thibault Camus \/ AP<\/p>\n<p class=\"article-body mb-nof-24 px-nof-16\">Liittyik\u00f6 h\u00e4n korury\u00f6st\u00f6\u00f6n?<\/p>\n<p class=\"article-body mb-nof-24 px-nof-16\">Oliko kuva tehty teko\u00e4lyll\u00e4?<\/p>\n<p class=\"article-body mb-nof-24 px-nof-16\">Syntyi meemej\u00e4 ja sarjakuvia.<\/p>\n<p class=\"article-body mb-nof-24 px-nof-16\">Ei se ollut teko\u00e4lyn tuottama kuva. Pedro Elias, kuten h\u00e4n itse\u00e4\u00e4n mieluiten kutsuu, halusi vain pit\u00e4\u00e4 mysteeri\u00e4 jonkin aikaa yll\u00e4 ja ennen kaikkea nauttia siit\u00e4.<\/p>\n<p class=\"article-body mb-nof-24 px-nof-16\">Siksi h\u00e4n ei kiiruhtanut soittamaan uutistoimisto AP:lle ja kertomaan, ett\u00e4 kuvan huopahattumies on teini ranskalaisesta pikkukaupungista.<\/p>\n<p class=\"article-body mb-nof-24 px-nof-16\">\u201dPid\u00e4n murhaajatarinoista, vakoojaseikkailuista ja mysteerin tunteesta!\u201d<\/p>\n<p class=\"article-body mb-nof-24 px-nof-16\">\u201dParin p\u00e4iv\u00e4n p\u00e4\u00e4st\u00e4 muutin Instagram-tilini julkiseksi. Odottelimme siin\u00e4 rauhassa, huomaako kukaan mit\u00e4\u00e4n\u201d, h\u00e4n kertoo.<\/p>\n<p class=\"article-body mb-nof-24 px-nof-16\">Kului monta p\u00e4iv\u00e4\u00e4. Kaverit hekottelivat koulussa, ett\u00e4 pian Pedro Eliakseen ottaa yhteytt\u00e4 elokuvatuotantoryhm\u00e4 tai mallitoimisto.<\/p>\n<p class=\"article-body mb-nof-24 px-nof-16\">Ensimm\u00e4inen yhteydenotto tuli kuitenkin naapurimaasta, suurelta saksalaiselta lehdelt\u00e4, Der Spiegelilt\u00e4.<\/p>\n<p class=\"article-body mb-nof-24 px-nof-16\">Somen villinneen Louvren mysteerimiehen salaisuus oli ratkaistu.<\/p>\n<p class=\"article-body mb-nof-24 px-nof-16\">Marraskuisena torstaina Pedro Elias Garzon Delvaux on kiirehtinyt koulusta kotiin ja puhuu puhelua kotitalonsa olohuoneesta Suomeen.<\/p>\n<p class=\"article-body mb-nof-24 px-nof-16\">Harva suomalainen kahdeksasluokkalainen pukeutuu n\u00e4in tyylikk\u00e4\u00e4sti. Tosin eiv\u00e4t pukuun pukeudu ranskalaisetkaan teinit.<\/p>\n<p class=\"article-body mb-nof-24 px-nof-16\">\u201dTyyli syntyi viime kev\u00e4\u00e4n\u00e4, kun pukeuduin kouluni karnevaaliin ranskalaiseksi toisen maailmansodan vastarintajohtajaksi <a class=\"article-personlink\" href=\"https:\/\/www.hs.fi\/haku\/?query=Jean%20Mouliniksi\" rel=\"nofollow noopener\" target=\"_blank\">Jean Mouliniksi<\/a>\u201d, h\u00e4n kertoo.<\/p>\n<p class=\"article-body mb-nof-24 px-nof-16\">\u201dFedora-hattu oli viime vuonna kuolleen iso\u00e4itini. Pitk\u00e4 takki kuului aiemmin t\u00e4dille. Puvuntakki oli is\u00e4ni vanha ja sininen solmio on isois\u00e4lt\u00e4ni\u201d, Garzon Delvaux kertoo.<\/p>\n<p class=\"article-body mb-nof-24 px-nof-16\">Puku tuntui p\u00e4\u00e4ll\u00e4 niin hyv\u00e4lt\u00e4, ett\u00e4 h\u00e4n on pit\u00e4nyt karnevaalin j\u00e4lkeen ainakin kerran viikossa koulussa. Nyt tosin joka p\u00e4iv\u00e4.<\/p>\n<p class=\"article-body mb-nof-24 px-nof-16\">Pedro Eliaksen mielest\u00e4 koko jutun paras puoli on se, ett\u00e4 se levitti iloa.<\/p>\n<p class=\"article-body mb-nof-24 px-nof-16\">\u201dMinusta on t\u00e4rke\u00e4\u00e4, ett\u00e4 t\u00e4llaisia hauskoja asioita tapahtuu. Netti on t\u00e4ynn\u00e4 ik\u00e4vi\u00e4 asioita. Siksi on kivaa, ett\u00e4 vaihteeksi t\u00e4llainen pieni juttu, hattukuva, on levinnyt. Tarvitsemme t\u00e4llaisia tarinoita.\u201d<\/p>\n","protected":false},"excerpt":{"rendered":"Ranska|Louvren suuren korury\u00f6st\u00f6n p\u00e4iv\u00e4n\u00e4 kuvaan tallentui etsiv\u00e4n n\u00e4k\u00f6inen nuori mies huopahattu p\u00e4\u00e4ss\u00e4\u00e4n. Nyt h\u00e4n kertoo, miksi h\u00e4n antoi&hellip;\n","protected":false},"author":2,"featured_media":89751,"comment_status":"","ping_status":"","sticky":false,"template":"","format":"standard","meta":{"footnotes":""},"categories":[135],"tags":[389,387,388,390,137,33,31,30,46,32,394,393,391,392,109],"class_list":{"0":"post-89750","1":"post","2":"type-post","3":"status-publish","4":"format-standard","5":"has-post-thumbnail","7":"category-taiteet-ja-suunnittelu","8":"tag-arts","9":"tag-arts-and-design","10":"tag-artsanddesign","11":"tag-design","12":"tag-entertainment","13":"tag-fi","14":"tag-finland","15":"tag-finnish","16":"tag-helsingin-sanomat","17":"tag-suomi","18":"tag-suunnittelu","19":"tag-taiteet","20":"tag-taiteet-ja-suunnittelu","21":"tag-taiteetsuunnittelu","22":"tag-viihde"},"share_on_mastodon":{"url":"https:\/\/pubeurope.com\/@fi\/115547170852280636","error":""},"_links":{"self":[{"href":"https:\/\/www.europesays.com\/fi\/wp-json\/wp\/v2\/posts\/89750","targetHints":{"allow":["GET"]}}],"collection":[{"href":"https:\/\/www.europesays.com\/fi\/wp-json\/wp\/v2\/posts"}],"about":[{"href":"https:\/\/www.europesays.com\/fi\/wp-json\/wp\/v2\/types\/post"}],"author":[{"embeddable":true,"href":"https:\/\/www.europesays.com\/fi\/wp-json\/wp\/v2\/users\/2"}],"replies":[{"embeddable":true,"href":"https:\/\/www.europesays.com\/fi\/wp-json\/wp\/v2\/comments?post=89750"}],"version-history":[{"count":0,"href":"https:\/\/www.europesays.com\/fi\/wp-json\/wp\/v2\/posts\/89750\/revisions"}],"wp:featuredmedia":[{"embeddable":true,"href":"https:\/\/www.europesays.com\/fi\/wp-json\/wp\/v2\/media\/89751"}],"wp:attachment":[{"href":"https:\/\/www.europesays.com\/fi\/wp-json\/wp\/v2\/media?parent=89750"}],"wp:term":[{"taxonomy":"category","embeddable":true,"href":"https:\/\/www.europesays.com\/fi\/wp-json\/wp\/v2\/categories?post=89750"},{"taxonomy":"post_tag","embeddable":true,"href":"https:\/\/www.europesays.com\/fi\/wp-json\/wp\/v2\/tags?post=89750"}],"curies":[{"name":"wp","href":"https:\/\/api.w.org\/{rel}","templated":true}]}}