{"id":89842,"date":"2025-11-14T11:00:11","date_gmt":"2025-11-14T11:00:11","guid":{"rendered":"https:\/\/www.europesays.com\/fi\/89842\/"},"modified":"2025-11-14T11:00:11","modified_gmt":"2025-11-14T11:00:11","slug":"jyvaskylan-kaupunginteatterissa-seitsemasta-veljeksesta-puolet-on-naisia-keski-suomi","status":"publish","type":"post","link":"https:\/\/www.europesays.com\/fi\/89842\/","title":{"rendered":"Jyv\u00e4skyl\u00e4n kaupungin\u00adteatterissa seitsem\u00e4st\u00e4 veljeksest\u00e4 puolet on naisia | Keski-Suomi"},"content":{"rendered":"<p>Juttu tiivistettyn\u00e4<\/p>\n<ul class=\"aw-1jjocuh iJTSwP yle__article__list yle__article__list--ul\">\n<li class=\"aw-1j7gwms gNYKfi\">Jyv\u00e4skyl\u00e4n kaupunginteatterissa esitet\u00e4\u00e4n klassikkoteos Seitsem\u00e4n veljest\u00e4 ohjaaja Juha Hurmeen johdolla.<\/li>\n<li class=\"aw-1j7gwms gNYKfi\">Esityksess\u00e4 s\u00e4ilytet\u00e4\u00e4n alkuper\u00e4inen tarina, mutta poistetaan perinteisi\u00e4 esitystapoja.<\/li>\n<li class=\"aw-1j7gwms gNYKfi\">Kolmea veljeksist\u00e4 esitt\u00e4\u00e4 naisn\u00e4yttelij\u00e4. Hurmeen mukaan roolittaminen alleviivaa, ett\u00e4 tarina k\u00e4sittelee ihmiskuntaa, ei vain miehi\u00e4.<\/li>\n<li class=\"aw-1j7gwms gNYKfi\">Esitys perustuu Hurmeen tekem\u00e4\u00e4n uuteen \u201dk\u00e4\u00e4nn\u00f6kseen\u201d, joka tekee Kiven kielest\u00e4 nykykatsojalle helpommin ymm\u00e4rrett\u00e4v\u00e4\u00e4.<\/li>\n<\/ul>\n<p class=\"aw-1gybjub aw-1p7kakr kEtdKx cEmitX yle__article__paragraph\">T\u00e4m\u00e4 on teko\u00e4lyn avulla tuotettu, toimittajan tarkistama tiivistelm\u00e4.<\/p>\n<p class=\"aw-1gybjub aw-1p7kakr kEtdKx cEmitX yle__article__paragraph\"><strong class=\"aw-ak79eh KyCXm yle__article__strong\">Aleksis Kiven<\/strong> Seitsem\u00e4n veljest\u00e4 on suomalaisten teattereiden klassikkoteos. Karkeasti arvioituna siit\u00e4 on esitetty yleis\u00f6lle v\u00e4hint\u00e4\u00e4n pari sataa erilaista tulkintaa.<\/p>\n<p class=\"aw-1gybjub aw-1p7kakr kEtdKx cEmitX yle__article__paragraph\">T\u00e4n\u00e4 talvena vanhaan j\u00e4rk\u00e4leeseen tarttuu Jyv\u00e4skyl\u00e4n kaupunginteatteri, ohjaaja <strong class=\"aw-ak79eh KyCXm yle__article__strong\">Juha Hurmeen<\/strong> johdolla.<\/p>\n<p class=\"aw-1gybjub aw-1p7kakr kEtdKx cEmitX yle__article__paragraph\">Hurmeen mukaan tuorein versio on yht\u00e4 aikaa patakonservatiivinen ja t\u00e4ysin anarkistinen.<\/p>\n<p class=\"aw-1gybjub aw-1p7kakr kEtdKx cEmitX yle__article__paragraph\">Tarinaa ei ole modernisoitu, mutta Hurme kertoo r\u00e4j\u00e4ytt\u00e4neens\u00e4 kaikki Seitsem\u00e4n veljeksen esitystapaan vuosikymmenten varrella kasvaneet perinteet.<\/p>\n<p>Seitsem\u00e4n veljest\u00e4 n\u00e4ytt\u00e4m\u00f6ll\u00e4 ja valkokankaalla<\/p>\n<ul class=\"aw-1jjocuh iJTSwP yle__article__list yle__article__list--ul\">\n<li class=\"aw-1j7gwms gNYKfi\">Aleksis Kiven kirjoittama Seitsem\u00e4n veljest\u00e4 ilmestyi kev\u00e4\u00e4ll\u00e4 1870.<\/li>\n<li class=\"aw-1j7gwms gNYKfi\">Kantaesitys oli vuonna 1898 Suomalaisessa teatterissa.<\/li>\n<li class=\"aw-1j7gwms gNYKfi\"><a class=\"aw-iao6s4 iHOxEa yle__article__link\" href=\"http:\/\/ilona.tinfo.fi\/default.aspx?lang=fi\" role=\"link\" rel=\"nofollow noopener\" target=\"_blank\">Esitystietokanta Ilonan<\/a> mukaan Seitsem\u00e4n veljest\u00e4 -teatteriproduktioita on t\u00e4h\u00e4n menness\u00e4 ollut yhteens\u00e4 144, mutta listaus ei ole kattava. Siit\u00e4 puuttuvat muun muassa harrastajateattereiden tuotannot.<\/li>\n<li class=\"aw-1j7gwms gNYKfi\">Harrastajateattereista pelk\u00e4st\u00e4\u00e4n Nurmij\u00e4rvel\u00e4inen <a class=\"aw-iao6s4 iHOxEa yle__article__link\" href=\"https:\/\/www.kivijuhlat.fi\/yhdistys\" role=\"link\" rel=\"nofollow noopener\" target=\"_blank\">Kivi-juhlat ry:n<\/a> on esitt\u00e4nyt Seitsem\u00e4\u00e4 veljest\u00e4 Taaborinvuorella vuoden 1959 j\u00e4lkeen yhteens\u00e4 noin 40 vuonna.<\/li>\n<li class=\"aw-1j7gwms gNYKfi\">Tunnetuin teatteriversio on <a class=\"aw-iao6s4 iHOxEa yle__article__link\" href=\"https:\/\/yle.fi\/a\/20-101187\" role=\"link\" rel=\"nofollow noopener\" target=\"_blank\">Kalle Holmbergin Turun Kaupunginteatterille ohjaama Seitsem\u00e4n veljest\u00e4<\/a>, jonka ensi-ilta oli vuonna 1972. P\u00e4\u00e4rooleissa oli aikakauden tunnetuimpia n\u00e4yttelij\u00f6it\u00e4, mm. Heikki Kinnunen, Esko Salminen ja Vesa-Matti Loiri. N\u00e4ytelm\u00e4st\u00e4 tehtiin my\u00f6s televisionti.<\/li>\n<li class=\"aw-1j7gwms gNYKfi\">Kohutuin versio lienee Jouko Turkan ohjaaman 12-jaksoinen televisiototeutus Seitsem\u00e4n veljest\u00e4, joka julkaistiin 1989.<\/li>\n<li class=\"aw-1j7gwms gNYKfi\">Naiset ovat n\u00e4ytelleet veljeksi\u00e4 aiemmin ainakin ruotsinkielisiss\u00e4 versioissa, muun muassa Teater Marsin produktiossa 2001 ja Teater Geistin teoksessa 2016.<\/li>\n<li class=\"aw-1j7gwms gNYKfi\">Kirjailija Mauri Kunnas on tehnyt Seitsem\u00e4st\u00e4 veljeksest\u00e4 lapsille sopivan mukaelman, Seitsem\u00e4n koiraveljest\u00e4. My\u00f6s siit\u00e4 on tehty teatteriversioita.<\/li>\n<\/ul>\n<p class=\"aw-1gybjub aw-1p7kakr kEtdKx cEmitX yle__article__paragraph\">L\u00e4hteet: Teatterimuseo, Wikipedia, Yle Areena, <a class=\"aw-iao6s4 iHOxEa yle__article__link\" href=\"http:\/\/kivijuhlat.fi\" role=\"link\" rel=\"nofollow noopener\" target=\"_blank\">kivijuhlat.fi<\/a><\/p>\n<p class=\"aw-1gybjub aw-1p7kakr kEtdKx cEmitX yle__article__paragraph\">Jyv\u00e4skyl\u00e4ss\u00e4 ei painita olkipahnoilla pellavapaidoissa. Lavastus on k\u00e4yt\u00e4nn\u00f6ss\u00e4 olematon ja veljekset ovat pukeutuneet tavallisiin, rentoihin vaatteisiin.<\/p>\n<p class=\"aw-1gybjub aw-1p7kakr kEtdKx cEmitX yle__article__paragraph\">Tavoitteena on ollut kuoria esiin tekstin hauskuus. Hurmeen mukaan huumori on vuosikymmenten aikana kadonnut \u201dkansallismielisen hymistelyn\u201d alle.<\/p>\n<p class=\"aw-1gybjub aw-1p7kakr kEtdKx cEmitX yle__article__paragraph\">Hyv\u00e4\u00e4 ei ole tehnyt my\u00f6sk\u00e4\u00e4n se, ett\u00e4 Seitsem\u00e4\u00e4 veljest\u00e4 on pit\u00e4nyt lukea kouluissa.<\/p>\n<p class=\"aw-1gybjub aw-1p7kakr kEtdKx cEmitX yle__article__paragraph\">\u2013 Iloa on tapettu sill\u00e4, ett\u00e4 liian nuoret on pakotettu tutustumaan teokseen, jolloin se on tuntunut yksinomaan vastenmieliselt\u00e4.<\/p>\n<p><img decoding=\"async\" alt=\"aleksis kivi, seitsem\u00e4n veljest\u00e4, jouko turkka, tv-sarja, pojat nujuaa pellolla, 1989,\" src=\"https:\/\/www.europesays.com\/fi\/wp-content\/uploads\/2025\/11\/17-69432583c2192dc926.jpeg\" loading=\"lazy\" class=\"aw-1l9m598 hKVVvP\"\/><\/p>\n<p>Avaa kuvien katselu<\/p>\n<p>Jouko Turkan ohjaama televisiosarja Seitsem\u00e4n veljest\u00e4 loi klassikon esitystapaan uuden perinteen. Mumisevat ja kuolaavat veljekset eiv\u00e4t olleet kaikkien mieleen, mutta Turkka sai my\u00f6s kiitosta televisiokerronnan uudistamisesta. Kuva: Yle \/ Antero Tenhunen<\/p>\n<p class=\"aw-1gybjub aw-1p7kakr kEtdKx cEmitX yle__article__paragraph\">Vaatetusta lukuun ottamatta Hurme ei ole tuonut veljeksi\u00e4 nykyaikaan.<\/p>\n<p class=\"aw-1gybjub aw-1p7kakr kEtdKx cEmitX yle__article__paragraph\">Aleksis Kiven teoksen muuttaminen niin, ett\u00e4 seitsem\u00e4n veljest\u00e4 vaikkapa ajelisivat autolla ja selaisivat k\u00e4nnykk\u00e4\u00e4, on Hurmeen mielest\u00e4 ajatuksena oksettavaa roskaa.<\/p>\n<p class=\"aw-1gybjub aw-1p7kakr kEtdKx cEmitX yle__article__paragraph\">\u2013 Kertomus on universaali, ajaton ja niin taitavasti laadittu, ett\u00e4 se ei vaadi halpoja kikkoja, Hurme sanoo.<\/p>\n<p class=\"aw-1gybjub aw-1p7kakr kEtdKx cEmitX yle__article__paragraph\"><strong class=\"aw-ak79eh KyCXm yle__article__strong\">T\u00e4lt\u00e4 n\u00e4ytt\u00e4\u00e4 Seitsem\u00e4n veljest\u00e4 Jyv\u00e4skyl\u00e4n kaupunginteatterissa vuonna 2025:<\/strong><\/p>\n<p>Video: Petri Aaltonen \/ Yle<\/p>\n<p class=\"aw-1gybjub aw-1p7kakr kEtdKx cEmitX yle__article__paragraph\">Hurmeen mielest\u00e4 Kiven klassikolla on paljon annettavaa nykyihmiselle ja seitsem\u00e4ll\u00e4 veljeksell\u00e4 samoja ongelmia kuin nuorilla t\u00e4n\u00e4\u00e4n.<\/p>\n<p class=\"aw-1gybjub aw-1p7kakr kEtdKx cEmitX yle__article__paragraph\">Tarinan ytimess\u00e4 on seitsem\u00e4n nuorisorikollista, jotka eiv\u00e4t saa kontaktia paikalliseen yhteis\u00f6\u00f6n ja kirjaimellisesti syrj\u00e4ytyv\u00e4t mets\u00e4\u00e4n.<\/p>\n<p class=\"aw-1gybjub aw-1p7kakr kEtdKx cEmitX yle__article__paragraph\">\u2013 He sulkevat yhteiskunnan pois ja perustavat oman opintopiirin tai retriitin. Se kuulostaa ihan modernilta, v\u00e4h\u00e4n niin kuin Elokapinalta, Hurme sanoo.<\/p>\n<p>Naisn\u00e4yttelij\u00e4t tekev\u00e4t veljeksist\u00e4 ihmisi\u00e4<\/p>\n<p class=\"aw-1gybjub aw-1p7kakr kEtdKx cEmitX yle__article__paragraph\">Jyv\u00e4skyl\u00e4ss\u00e4 Juhanin, Laurin ja Eeron rooleissa n\u00e4hd\u00e4\u00e4n naisn\u00e4yttelij\u00f6it\u00e4.<\/p>\n<p class=\"aw-1gybjub aw-1p7kakr kEtdKx cEmitX yle__article__paragraph\">Ohjaajan mukaan ratkaisu on suoraa jatkumoa Aleksis Kiven vapaamielisyydelle. Roolituksella halutaan alleviivata, ett\u00e4 kyseess\u00e4 ei ole tarina miehist\u00e4 vaan ihmiskunnasta.<\/p>\n<p class=\"aw-1gybjub aw-1p7kakr kEtdKx cEmitX yle__article__paragraph\">\u2013 T\u00e4m\u00e4 ei ole mik\u00e4\u00e4n miesvisio, vaan kertoo ihmisist\u00e4, heid\u00e4n toilailuistaan ja pyrkimyksist\u00e4\u00e4n, Hurme sanoo.<\/p>\n<p><img decoding=\"async\" alt=\"Miesohjaaja katsoo kameraan teatterin l\u00e4mpi\u00f6ss\u00e4.\" src=\"https:\/\/www.europesays.com\/fi\/wp-content\/uploads\/2025\/11\/39-15514866911fec73a00d.jpeg\" loading=\"lazy\" class=\"aw-1l9m598 hKVVvP\"\/><\/p>\n<p>Avaa kuvien katselu<\/p>\n<p>Juha Hurmeen mielest\u00e4 Aleksis Kiven tuotannosta puuttuu kaikenlainen \u00e4ij\u00e4ily. Seitsem\u00e4n veljest\u00e4 on h\u00e4nen mukaansa herkk\u00e4 ihmiskuvaus.  Kuva: Petri Aaltonen \/ Yle<\/p>\n<p class=\"aw-1gybjub aw-1p7kakr kEtdKx cEmitX yle__article__paragraph\">Viime vuosina esitt\u00e4v\u00e4ss\u00e4 taiteessa on k\u00e4yty useita kiivaita keskusteluja siit\u00e4, <a class=\"aw-iao6s4 iHOxEa yle__article__link\" href=\"https:\/\/yle.fi\/a\/3-10290048\" role=\"link\" rel=\"nofollow noopener\" target=\"_blank\">kuka saa esitt\u00e4\u00e4 ket\u00e4kin<\/a>. Saako laiha esitt\u00e4\u00e4 lihavaa, vaaleaihoinen tummaihoista tai hetero homoa?<\/p>\n<p class=\"aw-1gybjub aw-1p7kakr kEtdKx cEmitX yle__article__paragraph\">Hurmeen mukaan keskustelun l\u00e4ht\u00f6kohdat ovat olleet terveet, mutta vakavilta ylily\u00f6nneilt\u00e4 ei ole v\u00e4ltytty.<\/p>\n<p class=\"aw-1gybjub aw-1p7kakr kEtdKx cEmitX yle__article__paragraph\">\u2013 Itse ajattelen, ett\u00e4 minulla on oikeus n\u00e4ytell\u00e4 kaikkia seksuaalisia suuntauksia ja kaikkia sukupuolia, vaikka ihan kuvitteellisiakin. Se ei ole vain n\u00e4yttelij\u00e4n oikeus, vaan velvollisuus.<\/p>\n<p>Nuoret eiv\u00e4t ymm\u00e4rr\u00e4 Kiven kielt\u00e4<\/p>\n<p class=\"aw-1gybjub aw-1p7kakr kEtdKx cEmitX yle__article__paragraph\">Yli kymmenen vuotta sitten Juha Hurme huomasi, ett\u00e4 teatterikorkeakoulun opiskelijat eiv\u00e4t ymm\u00e4rt\u00e4neet Aleksis Kiven teksti\u00e4.<\/p>\n<p class=\"aw-1gybjub aw-1p7kakr kEtdKx cEmitX yle__article__paragraph\">H\u00e4n huolestui, sill\u00e4 on itse pikkupojasta l\u00e4htien palvonut Kiven tuotantoa ja lukee sit\u00e4 edelleen p\u00e4ivitt\u00e4in.<\/p>\n<p class=\"aw-1gybjub aw-1p7kakr kEtdKx cEmitX yle__article__paragraph\">\u2013 Ajattelin, ett\u00e4 jos paljon lukevat ammattilaiset eiv\u00e4t sit\u00e4 tajua, niin kohta ei tajua kukaan ja teos liukuu nuorten sukupolvien ulottumattomiin, Hurme sanoo.<\/p>\n<p class=\"aw-1gybjub aw-1p7kakr kEtdKx cEmitX yle__article__paragraph\">H\u00e4n ryhtyi modernisoimaan Seitsem\u00e4n veljeksen kielt\u00e4. T\u00e4n\u00e4 talvena Jyv\u00e4skyl\u00e4ss\u00e4 n\u00e4ht\u00e4v\u00e4 teos perustuu Hurmeen \u201dk\u00e4\u00e4nn\u00f6kseen\u201d.<\/p>\n<p><img decoding=\"async\" alt=\"\" src=\"https:\/\/www.europesays.com\/fi\/wp-content\/uploads\/2025\/11\/13-12-1022-4-1090707-main.jpeg\" class=\"aw-1l9m598 hKVVvP\"\/><\/p>\n<p class=\"aw-1gybjub aw-1p7kakr kEtdKx cEmitX yle__article__paragraph\">Ero alkuper\u00e4iseen on l\u00e4hes huomaamaton. Muutoksia on tehty muun muassa tekstin sanaj\u00e4rjestykseen.<\/p>\n<p class=\"aw-1gybjub aw-1p7kakr kEtdKx cEmitX yle__article__paragraph\">Kivi k\u00e4ytti paljon k\u00e4\u00e4nnetty\u00e4 sanaj\u00e4rjestyst\u00e4, jota nykyihmisen on hankala lukea. Niit\u00e4 Hurme on oikonut suoraksi. My\u00f6s vanhoja maatalouteen liittyvi\u00e4 sanoja on \u201dsuomennettu\u201d.<\/p>\n<p class=\"aw-1gybjub aw-1p7kakr kEtdKx cEmitX yle__article__paragraph\">Hurme kuvailee ty\u00f6t\u00e4 restauroinniksi ja vertaa sit\u00e4 pinttyneen maalauksen puhdistamiseen. Lopputulos ei ole uusi, mutta teoksen alkuper\u00e4inen kauneus korostuu.<\/p>\n<p class=\"aw-1gybjub aw-1p7kakr kEtdKx cEmitX yle__article__paragraph\">\u2013 Nyt tekstin merkitys ja kupliva, hurja huumori tulevat paremmin esille.<\/p>\n<p class=\"aw-1gybjub aw-1p7kakr kEtdKx cEmitX yle__article__paragraph\">Perjantaina ensi-iltansa saava Seitsem\u00e4n veljest\u00e4 on Juha Hurmeen mielest\u00e4 h\u00e4nen uransa kruununjalokivi.<\/p>\n<p class=\"aw-1gybjub aw-1p7kakr kEtdKx cEmitX yle__article__paragraph\">Se on my\u00f6s Hurmeen pitk\u00e4n teatteriuran p\u00e4\u00e4t\u00f6sty\u00f6, mutta ei v\u00e4ltt\u00e4m\u00e4tt\u00e4 viimeinen teos.<\/p>\n<p class=\"aw-1gybjub aw-1p7kakr kEtdKx cEmitX yle__article__paragraph\">\u2013 Olen el\u00e4kel\u00e4inen, joka tykk\u00e4\u00e4 puuhailla kaikenlaista, ja on selv\u00e4\u00e4, ett\u00e4 olen kirjailija ja teatterintekij\u00e4 t\u00e4st\u00e4 eteenp\u00e4inkin, Hurme sanoo.<\/p>\n","protected":false},"excerpt":{"rendered":"Juttu tiivistettyn\u00e4 Jyv\u00e4skyl\u00e4n kaupunginteatterissa esitet\u00e4\u00e4n klassikkoteos Seitsem\u00e4n veljest\u00e4 ohjaaja Juha Hurmeen johdolla. Esityksess\u00e4 s\u00e4ilytet\u00e4\u00e4n alkuper\u00e4inen tarina, mutta poistetaan&hellip;\n","protected":false},"author":2,"featured_media":89843,"comment_status":"","ping_status":"","sticky":false,"template":"","format":"standard","meta":{"footnotes":""},"categories":[130],"tags":[18049,137,33,31,30,18048,425,474,71,108,8971,18050,32,3336,109],"class_list":{"0":"post-89842","1":"post","2":"type-post","3":"status-publish","4":"format-standard","5":"has-post-thumbnail","7":"category-viihde","8":"tag-aleksis-kivi","9":"tag-entertainment","10":"tag-fi","11":"tag-finland","12":"tag-finnish","13":"tag-juha-hurme","14":"tag-jyvaskyla","15":"tag-keski-suomi","16":"tag-kotimaa","17":"tag-kulttuuri","18":"tag-naytelmat","19":"tag-seitseman-veljesta","20":"tag-suomi","21":"tag-teatteri","22":"tag-viihde"},"share_on_mastodon":{"url":"https:\/\/pubeurope.com\/@fi\/115547709574730804","error":""},"_links":{"self":[{"href":"https:\/\/www.europesays.com\/fi\/wp-json\/wp\/v2\/posts\/89842","targetHints":{"allow":["GET"]}}],"collection":[{"href":"https:\/\/www.europesays.com\/fi\/wp-json\/wp\/v2\/posts"}],"about":[{"href":"https:\/\/www.europesays.com\/fi\/wp-json\/wp\/v2\/types\/post"}],"author":[{"embeddable":true,"href":"https:\/\/www.europesays.com\/fi\/wp-json\/wp\/v2\/users\/2"}],"replies":[{"embeddable":true,"href":"https:\/\/www.europesays.com\/fi\/wp-json\/wp\/v2\/comments?post=89842"}],"version-history":[{"count":0,"href":"https:\/\/www.europesays.com\/fi\/wp-json\/wp\/v2\/posts\/89842\/revisions"}],"wp:featuredmedia":[{"embeddable":true,"href":"https:\/\/www.europesays.com\/fi\/wp-json\/wp\/v2\/media\/89843"}],"wp:attachment":[{"href":"https:\/\/www.europesays.com\/fi\/wp-json\/wp\/v2\/media?parent=89842"}],"wp:term":[{"taxonomy":"category","embeddable":true,"href":"https:\/\/www.europesays.com\/fi\/wp-json\/wp\/v2\/categories?post=89842"},{"taxonomy":"post_tag","embeddable":true,"href":"https:\/\/www.europesays.com\/fi\/wp-json\/wp\/v2\/tags?post=89842"}],"curies":[{"name":"wp","href":"https:\/\/api.w.org\/{rel}","templated":true}]}}