{"id":89860,"date":"2025-11-14T11:22:11","date_gmt":"2025-11-14T11:22:11","guid":{"rendered":"https:\/\/www.europesays.com\/fi\/89860\/"},"modified":"2025-11-14T11:22:11","modified_gmt":"2025-11-14T11:22:11","slug":"helloween-ja-beast-in-black-helsingin-jaahallissa-katso-hulppea-kuvagalleria-soundi-fi","status":"publish","type":"post","link":"https:\/\/www.europesays.com\/fi\/89860\/","title":{"rendered":"Helloween ja Beast in Black Helsingin j\u00e4\u00e4hallissa \u2013 katso hulppea kuvagalleria &#8211; Soundi.fi"},"content":{"rendered":"<ol>\n<li><a href=\"https:\/\/news.google.com\/rss\/articles\/CBMiqgFBVV95cUxQY2E4VUNXM2xkOXAxNGF0UXpTX3YwMEZ0WDZjVzYxM2NROFhzQ2ZnWlo2Y1FBZE0zeFlpMW9MUUhUbW9QLW16UmgxV2NZYVdPeHRCMzNHNlZhRm9GdUtDNEdnZXR0TnZtZk5UYXJoRDRDZ1NrbEhqMVRSMDRDNXp1NFJIWV90YnlQM2ZBQUJIalJ5WTVRbS1Vd0JpSkM4aXRraW85Wl9CYURSZw?oc=5\" target=\"_blank\" rel=\"nofollow noopener\">Helloween ja Beast in Black Helsingin j\u00e4\u00e4hallissa \u2013 katso hulppea kuvagalleria<\/a>&nbsp;&nbsp;Soundi.fi<\/li>\n<li><a href=\"https:\/\/news.google.com\/rss\/articles\/CBMimwFBVV95cUxOV3FFRmFZU1hlSlB5VVVBVmFZMjZaNmhkVXB0dVN3S04tcm9EVUpmSG9uNjZVOVB1ZmZZV0twMVI4RmgtOGprTkpJMlZfZzZFaEJOb2FGQ1RuWmllWjhPQzdIcENqclNWNF9pdnAxenE1V2FGbGxCWTZsLXpkeVNHSnhMWHNST2dpT0t3Y3BqVW52NERHRzVwODA4dw?oc=5\" target=\"_blank\" rel=\"nofollow noopener\">Nyt koettiin yksi kaikkien aikojen keikoista \u2013 Helloween Helsingiss\u00e4<\/a>&nbsp;&nbsp;Inferno.fi<\/li>\n<li><a href=\"https:\/\/news.google.com\/rss\/articles\/CBMisAFBVV95cUxPUFh6OFFDTVVWUzlOTWxTcnhfeWpYcnZfOVNad0c3ZkJwU21rY3M0X3JlbDhJYVFXTWp5VHhPR282U2JlT2xNbUUxeEk1X0VwcTdoZVBYazZDem9fdWNaY1Q3Zk5fSzJPM1JIaUxQby1VLVo0ZGlVTEVHX3ZTaWhaQkNsNmVnNzlFbXU4bEhLeV9UYXhMa0lSRk1zVFJNQnczM2c0aFoyVmlfaGVvcEdaMg?oc=5\" target=\"_blank\" rel=\"nofollow noopener\">Livearvio: V\u00e4kev\u00e4\u00e4 intoa ja intensiteetti\u00e4 \u2013 Helloween ja Beast in Black Helsingiss\u00e4<\/a>&nbsp;&nbsp;Soundi.fi<\/li>\n<li><a href=\"https:\/\/news.google.com\/rss\/articles\/CBMijwFBVV95cUxNenRPajM3QVkwbVZRdHFnMkVuZEZOV2plektDdWtLd3pZVjZEMEg4ZWJ4Z0pTVjlwVkw3cmdZbTJKMG83QWVBaWdlbVdoN3ZZakI3cUNkekE4WWU1OHRfY2VWRW04dUcyOTRBRWE0cUZYVC13bV9GV1o3WDJvdS1JMUtPWnhVZWFYWkFud1FfMA?oc=5\" target=\"_blank\" rel=\"nofollow noopener\">Helloweenin 40-vuotisjuhlakiertue laskeutui Helsingin j\u00e4\u00e4halliin<\/a>&nbsp;&nbsp;Kaaoszine<\/li>\n<\/ol>\n","protected":false},"excerpt":{"rendered":"Helloween ja Beast in Black Helsingin j\u00e4\u00e4hallissa \u2013 katso hulppea kuvagalleria&nbsp;&nbsp;Soundi.fi Nyt koettiin yksi kaikkien aikojen keikoista \u2013&hellip;\n","protected":false},"author":2,"featured_media":89861,"comment_status":"","ping_status":"","sticky":false,"template":"","format":"standard","meta":{"footnotes":""},"categories":[132],"tags":[137,33,31,30,972,195,47,32,109],"class_list":{"0":"post-89860","1":"post","2":"type-post","3":"status-publish","4":"format-standard","5":"has-post-thumbnail","7":"category-musiikki","8":"tag-entertainment","9":"tag-fi","10":"tag-finland","11":"tag-finnish","12":"tag-kuvagalleria","13":"tag-music","14":"tag-musiikki","15":"tag-suomi","16":"tag-viihde"},"share_on_mastodon":{"url":"https:\/\/pubeurope.com\/@fi\/115547795863208346","error":""},"_links":{"self":[{"href":"https:\/\/www.europesays.com\/fi\/wp-json\/wp\/v2\/posts\/89860","targetHints":{"allow":["GET"]}}],"collection":[{"href":"https:\/\/www.europesays.com\/fi\/wp-json\/wp\/v2\/posts"}],"about":[{"href":"https:\/\/www.europesays.com\/fi\/wp-json\/wp\/v2\/types\/post"}],"author":[{"embeddable":true,"href":"https:\/\/www.europesays.com\/fi\/wp-json\/wp\/v2\/users\/2"}],"replies":[{"embeddable":true,"href":"https:\/\/www.europesays.com\/fi\/wp-json\/wp\/v2\/comments?post=89860"}],"version-history":[{"count":0,"href":"https:\/\/www.europesays.com\/fi\/wp-json\/wp\/v2\/posts\/89860\/revisions"}],"wp:featuredmedia":[{"embeddable":true,"href":"https:\/\/www.europesays.com\/fi\/wp-json\/wp\/v2\/media\/89861"}],"wp:attachment":[{"href":"https:\/\/www.europesays.com\/fi\/wp-json\/wp\/v2\/media?parent=89860"}],"wp:term":[{"taxonomy":"category","embeddable":true,"href":"https:\/\/www.europesays.com\/fi\/wp-json\/wp\/v2\/categories?post=89860"},{"taxonomy":"post_tag","embeddable":true,"href":"https:\/\/www.europesays.com\/fi\/wp-json\/wp\/v2\/tags?post=89860"}],"curies":[{"name":"wp","href":"https:\/\/api.w.org\/{rel}","templated":true}]}}