{"id":90006,"date":"2025-11-14T15:00:08","date_gmt":"2025-11-14T15:00:08","guid":{"rendered":"https:\/\/www.europesays.com\/fi\/90006\/"},"modified":"2025-11-14T15:00:08","modified_gmt":"2025-11-14T15:00:08","slug":"15-vuotias-vangittu-torkeista-ryostoista-jyvaskylassa","status":"publish","type":"post","link":"https:\/\/www.europesays.com\/fi\/90006\/","title":{"rendered":"15-vuotias vangittu t\u00f6rkeist\u00e4 ry\u00f6st\u00f6ist\u00e4 Jyv\u00e4skyl\u00e4ss\u00e4"},"content":{"rendered":"<p>Poliisin mukaan ep\u00e4illyt t\u00f6rke\u00e4t ry\u00f6st\u00f6t tapahtuivat yleisell\u00e4 paikalla Jyv\u00e4skyl\u00e4n keskustassa.<\/p>\n<p class=\"article-body mb-nof-24 px-nof-16\">Jyv\u00e4skyl\u00e4n keskustassa tapahtui kuluvan viikon tiistaina kaksi ry\u00f6st\u00f6\u00e4, joissa nuoret uhkasivat uhrejaan puukolla, tiedottaa poliisi.<\/p>\n<p class=\"article-body mb-nof-24 px-nof-16\">Nuoret saivat ensimm\u00e4iselt\u00e4 uhriltaan ry\u00f6st\u00f6saaliiksi matkapuhelimen ja lompakon. Pian t\u00e4m\u00e4n j\u00e4lkeen poliisi sai toisen ilmoituksen l\u00e4hist\u00f6lt\u00e4, jossa toiselta uhrilta oli my\u00f6s puukolla uhaten anastettu muun muassa puhelin. Molemmissa tapauksissa tuntomerkit t\u00e4sm\u00e4siv\u00e4t samoihin ep\u00e4iltyihin.<\/p>\n<p class=\"article-body mb-nof-24 px-nof-16\">Poliisi etsi ep\u00e4iltyj\u00e4 l\u00e4hialueilta ja l\u00f6ysi tuntomerkkeihin sopivan kaksikon Tourulassa. Toinen nuorista yritti paeta ja uhkasi kiinnioton yhteydess\u00e4 poliisia puukolla. Poliisi joutui k\u00e4skytt\u00e4m\u00e4\u00e4n nuorta ampuma-aseella saadakseen t\u00e4m\u00e4n luopumaan puukosta.<\/p>\n<p class=\"article-body mb-nof-24 px-nof-16\">Ep\u00e4ilty laski lopulta puukon eik\u00e4 en\u00e4\u00e4 vastustellut kiinniottoa. Toisen ep\u00e4illyn poliisi sai kiinni my\u00f6hemmin samana iltana.<\/p>\n<p class=\"article-body mb-nof-24 px-nof-16\">Poliisi esitti 15-vuotiasta nuorta vangittavaksi. H\u00e4net on vangittu todenn\u00e4k\u00f6isin syin ep\u00e4iltyn\u00e4 muun muassa kahdesta t\u00f6rke\u00e4st\u00e4 ry\u00f6st\u00f6st\u00e4 ja virkamiehen v\u00e4kivaltaisesta vastustamisesta.<\/p>\n<p class=\"article-body mb-nof-24 px-nof-16\">Toinen nuori on 14-vuotias. H\u00e4nt\u00e4 ep\u00e4ill\u00e4\u00e4n rikollisista teoista, mutta h\u00e4n ei ole ik\u00e4ns\u00e4 vuoksi rikosoikeudellisessa vastuussa. H\u00e4nen vastattavakseen voi tulla esimerkiksi vahingonkorvauksia.<\/p>\n<p class=\"article-body mb-nof-24 px-nof-16\">\u2013 Alle 18-vuotiasta ep\u00e4ilty\u00e4 ei saa vangita, elleiv\u00e4t painavat syyt sit\u00e4 vaadi. T\u00e4ss\u00e4 tapauksessa poliisilla ei ollut muuta vaihtoehtoa kuin esitt\u00e4\u00e4 ep\u00e4ilty\u00e4 vangittavaksi, toteaa rikoskomisario <a class=\"article-personlink\" href=\"https:\/\/www.is.fi\/haku\/?query=Paavo%20Ritari\" rel=\"nofollow noopener\" target=\"_blank\">Paavo Ritari<\/a> tiedotteessa.<\/p>\n<p class=\"article-body mb-nof-24 px-nof-16\">Poliisin k\u00e4sityksen mukaan ep\u00e4illyt t\u00f6rke\u00e4t ry\u00f6st\u00f6t tapahtuivat yleisell\u00e4 paikalla Jyv\u00e4skyl\u00e4n keskustassa. Uhreiksi joutuivat tavalliset ihmiset, jotka olivat hoitamassa arkisia asioita. Uhrit olivat aikuisia ja valikoituneet t\u00e4ysin sattumavaraisesti.<\/p>\n<p class=\"article-body mb-nof-24 px-nof-16\">Tutkinta on kesken, eik\u00e4 poliisi voi tiedottaa tapauksesta t\u00e4ss\u00e4 vaiheessa enemp\u00e4\u00e4 esitutkinnan vaarantumisen vuoksi.<\/p>\n<p class=\"article-body mb-nof-24 px-nof-16\">Poliisi selvitt\u00e4\u00e4, onko samana p\u00e4iv\u00e4n\u00e4 Jyv\u00e4skyl\u00e4n keskustassa voinut tapahtua viel\u00e4 muita samantapaisia tekoja. Mahdolliset havainnot pyydet\u00e4\u00e4n ilmoittamaan s\u00e4hk\u00f6postitse osoitteeseen <a class=\"article-genericlink\" href=\"https:\/\/www.is.fi\/kotimaa\/mailto:vihjeet.sisa-suomi@poliisi.fi\" rel=\"nofollow noopener\" target=\"_blank\">vihjeet.sisa-suomi@poliisi.fi<\/a>.<\/p>\n","protected":false},"excerpt":{"rendered":"Poliisin mukaan ep\u00e4illyt t\u00f6rke\u00e4t ry\u00f6st\u00f6t tapahtuivat yleisell\u00e4 paikalla Jyv\u00e4skyl\u00e4n keskustassa. Jyv\u00e4skyl\u00e4n keskustassa tapahtui kuluvan viikon tiistaina kaksi ry\u00f6st\u00f6\u00e4,&hellip;\n","protected":false},"author":2,"featured_media":90007,"comment_status":"","ping_status":"","sticky":false,"template":"","format":"standard","meta":{"footnotes":""},"categories":[5],"tags":[22,23,26,27,33,31,30,17,34,24,25,28,29,15,18,21,32,19,20,16],"class_list":{"0":"post-90006","1":"post","2":"type-post","3":"status-publish","4":"format-standard","5":"has-post-thumbnail","7":"category-otsikot","8":"tag-breaking-news","9":"tag-breakingnews","10":"tag-featured-news","11":"tag-featurednews","12":"tag-fi","13":"tag-finland","14":"tag-finnish","15":"tag-headlines","16":"tag-ilta-sanomat","17":"tag-latest-news","18":"tag-latestnews","19":"tag-main-news","20":"tag-mainnews","21":"tag-news","22":"tag-otsikot","23":"tag-paauutiset","24":"tag-suomi","25":"tag-top-stories","26":"tag-topstories","27":"tag-uutiset"},"share_on_mastodon":{"url":"https:\/\/pubeurope.com\/@fi\/115548653044346387","error":""},"_links":{"self":[{"href":"https:\/\/www.europesays.com\/fi\/wp-json\/wp\/v2\/posts\/90006","targetHints":{"allow":["GET"]}}],"collection":[{"href":"https:\/\/www.europesays.com\/fi\/wp-json\/wp\/v2\/posts"}],"about":[{"href":"https:\/\/www.europesays.com\/fi\/wp-json\/wp\/v2\/types\/post"}],"author":[{"embeddable":true,"href":"https:\/\/www.europesays.com\/fi\/wp-json\/wp\/v2\/users\/2"}],"replies":[{"embeddable":true,"href":"https:\/\/www.europesays.com\/fi\/wp-json\/wp\/v2\/comments?post=90006"}],"version-history":[{"count":0,"href":"https:\/\/www.europesays.com\/fi\/wp-json\/wp\/v2\/posts\/90006\/revisions"}],"wp:featuredmedia":[{"embeddable":true,"href":"https:\/\/www.europesays.com\/fi\/wp-json\/wp\/v2\/media\/90007"}],"wp:attachment":[{"href":"https:\/\/www.europesays.com\/fi\/wp-json\/wp\/v2\/media?parent=90006"}],"wp:term":[{"taxonomy":"category","embeddable":true,"href":"https:\/\/www.europesays.com\/fi\/wp-json\/wp\/v2\/categories?post=90006"},{"taxonomy":"post_tag","embeddable":true,"href":"https:\/\/www.europesays.com\/fi\/wp-json\/wp\/v2\/tags?post=90006"}],"curies":[{"name":"wp","href":"https:\/\/api.w.org\/{rel}","templated":true}]}}