{"id":90008,"date":"2025-11-14T15:10:11","date_gmt":"2025-11-14T15:10:11","guid":{"rendered":"https:\/\/www.europesays.com\/fi\/90008\/"},"modified":"2025-11-14T15:10:11","modified_gmt":"2025-11-14T15:10:11","slug":"varkaat-veivat-videolaitteet-pyhan-ristin-kirkolta","status":"publish","type":"post","link":"https:\/\/www.europesays.com\/fi\/90008\/","title":{"rendered":"Varkaat veiv\u00e4t videolaitteet Pyh\u00e4n Ristin kirkolta"},"content":{"rendered":"<p class=\"article-ingress--medium\">Valoesitykseen tuodut videolaitteet varastettiin t\u00e4ll\u00e4 viikolla. Yritt\u00e4j\u00e4 Mikko Kiviharju kertoo, ettei kerta ollut ensimm\u00e4inen.<\/p>\n<p><img decoding=\"async\" src=\"https:\/\/www.europesays.com\/fi\/wp-content\/uploads\/2025\/11\/1763133011_388_468.jpg\" alt=\"Varkaat hajottivat Rauman Pyh\u00e4n Ristin kirkolle tuodun vajan aikaisemmin viikolla ja varastivat sielt\u00e4 Mikko Kiviharjun videolaitteet. Kiviharju on ehtinyt korjata j\u00e4ljet, mutta laitteet ovat edelleen kateissa. \" class=\"_Img_1rerz_1\" style=\"aspect-ratio:1.5\" loading=\"eager\"\/><\/p>\n<p class=\"article-picture-caption\">Varkaat hajottivat Rauman Pyh\u00e4n Ristin kirkolle tuodun vajan aikaisemmin viikolla ja varastivat sielt\u00e4 Mikko Kiviharjun videolaitteet. Kiviharju on ehtinyt korjata j\u00e4ljet, mutta laitteet ovat edelleen kateissa.  Kuva:\u00a0Pinja Sarkkinen<\/p>\n<p><a href=\"https:\/\/www.satakunnankansa.fi\/haku\/?query=Elina+Lammela\" rel=\"nofollow noopener\" target=\"_blank\"><\/p>\n<p>Elina Lammela<\/p>\n<p><\/a><\/p>\n<p>16:00<\/p>\n<p class=\"article-body mb-nof-24 px-nof-16\">Rauma<\/p>\n<p class=\"article-body mb-nof-24 px-nof-16\">Raumalainen tapahtuma-alan yritt\u00e4j\u00e4 <a class=\"article-personlink\" href=\"https:\/\/www.satakunnankansa.fi\/haku\/?query=Mikko%20Kiviharju\" rel=\"nofollow noopener\" target=\"_blank\">Mikko Kiviharju<\/a> sai ep\u00e4mieluisan puhelun torstaina valotaiteilija <a class=\"article-personlink\" href=\"https:\/\/www.satakunnankansa.fi\/haku\/?query=Niko%20Tiaiselta\" rel=\"nofollow noopener\" target=\"_blank\">Niko Tiaiselta<\/a> Kanadasta.<\/p>\n<p class=\"article-body mb-nof-24 px-nof-16\">Mozartin Requiem -konserttia varten Pyh\u00e4n Ristin kirkolle tuotu videoprojektori oli varastettu lukitusta vajasta. Lis\u00e4ksi varkaat olivat vieneet kannettavan, jolla valoesityst\u00e4 ohjataan.<\/p>\n<p>KommentoiIlmoita asiavirheest\u00e4KommentoiIlmoita asiavirheest\u00e4<\/p>\n","protected":false},"excerpt":{"rendered":"Valoesitykseen tuodut videolaitteet varastettiin t\u00e4ll\u00e4 viikolla. Yritt\u00e4j\u00e4 Mikko Kiviharju kertoo, ettei kerta ollut ensimm\u00e4inen. Varkaat hajottivat Rauman Pyh\u00e4n&hellip;\n","protected":false},"author":2,"featured_media":90009,"comment_status":"","ping_status":"","sticky":false,"template":"","format":"standard","meta":{"footnotes":""},"categories":[86],"tags":[420,33,31,30,421,80,32,91,92],"class_list":{"0":"post-90008","1":"post","2":"type-post","3":"status-publish","4":"format-standard","5":"has-post-thumbnail","7":"category-laitteet","8":"tag-equipment","9":"tag-fi","10":"tag-finland","11":"tag-finnish","12":"tag-laitteet","13":"tag-satakunnan-kansa","14":"tag-suomi","15":"tag-technology","16":"tag-teknologia"},"share_on_mastodon":{"url":"https:\/\/pubeurope.com\/@fi\/115548692586753078","error":""},"_links":{"self":[{"href":"https:\/\/www.europesays.com\/fi\/wp-json\/wp\/v2\/posts\/90008","targetHints":{"allow":["GET"]}}],"collection":[{"href":"https:\/\/www.europesays.com\/fi\/wp-json\/wp\/v2\/posts"}],"about":[{"href":"https:\/\/www.europesays.com\/fi\/wp-json\/wp\/v2\/types\/post"}],"author":[{"embeddable":true,"href":"https:\/\/www.europesays.com\/fi\/wp-json\/wp\/v2\/users\/2"}],"replies":[{"embeddable":true,"href":"https:\/\/www.europesays.com\/fi\/wp-json\/wp\/v2\/comments?post=90008"}],"version-history":[{"count":0,"href":"https:\/\/www.europesays.com\/fi\/wp-json\/wp\/v2\/posts\/90008\/revisions"}],"wp:featuredmedia":[{"embeddable":true,"href":"https:\/\/www.europesays.com\/fi\/wp-json\/wp\/v2\/media\/90009"}],"wp:attachment":[{"href":"https:\/\/www.europesays.com\/fi\/wp-json\/wp\/v2\/media?parent=90008"}],"wp:term":[{"taxonomy":"category","embeddable":true,"href":"https:\/\/www.europesays.com\/fi\/wp-json\/wp\/v2\/categories?post=90008"},{"taxonomy":"post_tag","embeddable":true,"href":"https:\/\/www.europesays.com\/fi\/wp-json\/wp\/v2\/tags?post=90008"}],"curies":[{"name":"wp","href":"https:\/\/api.w.org\/{rel}","templated":true}]}}