{"id":90015,"date":"2025-11-14T15:18:08","date_gmt":"2025-11-14T15:18:08","guid":{"rendered":"https:\/\/www.europesays.com\/fi\/90015\/"},"modified":"2025-11-14T15:18:08","modified_gmt":"2025-11-14T15:18:08","slug":"ilkeampi-virus-tulossa-asiantuntijat-varoittavat-briteissa-annettiin-jo-sos-kehotus","status":"publish","type":"post","link":"https:\/\/www.europesays.com\/fi\/90015\/","title":{"rendered":"\u201dIlke\u00e4mpi virus\u201d tulossa \u2013 Asiantuntijat varoittavat, Briteiss\u00e4 annettiin jo SOS-kehotus"},"content":{"rendered":"<p>Influenssakauden pel\u00e4t\u00e4\u00e4n alkavan t\u00e4n\u00e4 vuonna aiempaa aiemmin. Siin\u00e4 on my\u00f6s ominaisuus, joka huolestuttaa asiantuntijoita.<\/p>\n<p><img decoding=\"async\" class=\"image image-show image-preview\" src=\"https:\/\/www.europesays.com\/fi\/wp-content\/uploads\/2025\/11\/ad7941e1054856cd5633a413c2817e2fbc0b51dc1b6dc2d643d05821d0626af2.jpg\" alt=\"\"\/><img decoding=\"async\" class=\"image image-show\" src=\"https:\/\/www.europesays.com\/fi\/wp-content\/uploads\/2025\/11\/1763133487_159_ad7941e1054856cd5633a413c2817e2fbc0b51dc1b6dc2d643d05821d0626af2.jpg\" alt=\"\"\/><\/p>\n<p>Ilman testi\u00e4 on usein l\u00e4hes mahdotonta sanoa, mik\u00e4 flunssan oireet aiheuttaa. Adobe Stock \/ AOP<\/p>\n<p class=\"paragraph\">Olemme sukeltamassa vuoden pahimpaan myrskynsilm\u00e4\u00e4n hengitystieinfektioiden suhteen.<\/p>\n<p class=\"paragraph\">Kerroimme aiemmin, ett\u00e4 <a href=\"https:\/\/www.iltalehti.fi\/flunssa\/3664243a-9b0b-4803-8fe1-b881c3c030fb\" rel=\"nofollow noopener\" target=\"_blank\">influenssakauden on ennustettu alkavan<\/a> t\u00e4n\u00e4 vuonna aiemmin kuin yleens\u00e4.<\/p>\n<p class=\"paragraph\">Britanniassa sik\u00e4l\u00e4iset asiantuntijat ovat n\u00e4hneet merkkej\u00e4 siit\u00e4, ett\u00e4 tuleva influenssaepidemia voi olla erityisen raju.<\/p>\n<p class=\"paragraph\"><a href=\"https:\/\/www.bbc.com\/news\/articles\/c2dr8gzdz1wo\" target=\"_blank\" rel=\"noopener nofollow\">BBC:n mukaan<\/a> kauden influenssavirus mutatoitui \u00e4killisesti kes\u00e4ll\u00e4. Influenssavirukset muuttuvat jatkuvasti, mutta toisinaan tapahtuu merkitt\u00e4v\u00e4 mutaatio. T\u00e4llaisesta mutaatiosta pel\u00e4t\u00e4\u00e4n nyt olevan kysymys.<\/p>\n<p class=\"paragraph\">Nyt liikkeell\u00e4 on influenssavirusta, joka pystyy erityisen hyvin kiert\u00e4m\u00e4\u00e4n puolustusj\u00e4rjestelm\u00e4\u00e4mme. Viruksen aiempi historia on her\u00e4tt\u00e4nyt pelon vuosikymmenen pahimmasta influenssa-aallosta.<\/p>\n<p class=\"paragraph\">Britannian julkinen terveydenhuoltoj\u00e4rjestelm\u00e4 <a href=\"https:\/\/www.england.nhs.uk\/2025\/11\/nhs-issues-flu-jab-sos-with-worst-of-winter-only-weeks-away\/\" rel=\"noopener nofollow\" target=\"_blank\">NHS on antanut<\/a> SOS-kehotuksen, jossa muistutetaan influenssarokotuksen merkityksest\u00e4.<\/p>\n<p>Se ilkein virus<\/p>\n<p class=\"paragraph\">H3N2-kausi-influenssaviruskantaan ilmestyi viime kes\u00e4n\u00e4 BBC:n mukaan seitsem\u00e4n mutaatiota. N\u00e4iden mutaatioiden vaikutuksesta ei ole viel\u00e4 tarkkaa tietoa.<\/p>\n<p class=\"paragraph\">Professori <strong>Christophe Fraser<\/strong> Oxfordin yliopistosta ennustaa BBC:n jutussa, ett\u00e4 tulevan kauden influenssa on pahempi kuin edellisin\u00e4 vuosina.<\/p>\n<p class=\"paragraph\">Usein influenssa levi\u00e4\u00e4 talvella eniten vuodenvaihteessa, kun matkustetaan ja kohdataan ihmisi\u00e4. Uusi mutatoitunut viruskanta ei v\u00e4ltt\u00e4m\u00e4tt\u00e4 tarvitse n\u00e4in otollisia olosuhteita levit\u00e4kseen nopeasti ja laajasti.<\/p>\n<p class=\"paragraph\">Mutaatioiden ansiosta virukset voivat pysty\u00e4 entist\u00e4 paremmin ja helpommin tarttumaan ihmisest\u00e4 toiseen. Juuri t\u00e4m\u00e4n vuoksi tauti voi my\u00f6s levit\u00e4 entist\u00e4 nopeammin.<\/p>\n<p class=\"paragraph\">Professori <strong>Nicola Lewis<\/strong> kutsuu BBC:n jutussa H3-influenssavirusta ilke\u00e4mm\u00e4ksi virukseksi. Lewis ty\u00f6skentelee WHO:n alaisessa Maailman influenssakeskuksessa.<\/p>\n<p class=\"paragraph\">Nyt tautia aiheuttavat influenssavirukset ovat aiemmin aiheuttaneet erityisen vakavaa tautia ik\u00e4\u00e4ntyneill\u00e4.<\/p>\n","protected":false},"excerpt":{"rendered":"Influenssakauden pel\u00e4t\u00e4\u00e4n alkavan t\u00e4n\u00e4 vuonna aiempaa aiemmin. Siin\u00e4 on my\u00f6s ominaisuus, joka huolestuttaa asiantuntijoita. Ilman testi\u00e4 on usein&hellip;\n","protected":false},"author":2,"featured_media":90016,"comment_status":"","ping_status":"","sticky":false,"template":"","format":"standard","meta":{"footnotes":""},"categories":[165],"tags":[35,33,31,30,166,18065,954,6313,12201,766,764,32,767,765,167,16990,769],"class_list":{"0":"post-90015","1":"post","2":"type-post","3":"status-publish","4":"format-standard","5":"has-post-thumbnail","7":"category-terveys","8":"tag-24h","9":"tag-fi","10":"tag-finland","11":"tag-finnish","12":"tag-health","13":"tag-hengityssairaudet","14":"tag-hengitystieinfektiot","15":"tag-influenssa","16":"tag-keuhkot","17":"tag-koronavirus","18":"tag-sairaudet","19":"tag-suomi","20":"tag-tartuntataudit","21":"tag-taudit-ja-hairiot","22":"tag-terveys","23":"tag-virus-biologia","24":"tag-virussairaudet"},"share_on_mastodon":{"url":"https:\/\/pubeurope.com\/@fi\/115548723987587079","error":""},"_links":{"self":[{"href":"https:\/\/www.europesays.com\/fi\/wp-json\/wp\/v2\/posts\/90015","targetHints":{"allow":["GET"]}}],"collection":[{"href":"https:\/\/www.europesays.com\/fi\/wp-json\/wp\/v2\/posts"}],"about":[{"href":"https:\/\/www.europesays.com\/fi\/wp-json\/wp\/v2\/types\/post"}],"author":[{"embeddable":true,"href":"https:\/\/www.europesays.com\/fi\/wp-json\/wp\/v2\/users\/2"}],"replies":[{"embeddable":true,"href":"https:\/\/www.europesays.com\/fi\/wp-json\/wp\/v2\/comments?post=90015"}],"version-history":[{"count":0,"href":"https:\/\/www.europesays.com\/fi\/wp-json\/wp\/v2\/posts\/90015\/revisions"}],"wp:featuredmedia":[{"embeddable":true,"href":"https:\/\/www.europesays.com\/fi\/wp-json\/wp\/v2\/media\/90016"}],"wp:attachment":[{"href":"https:\/\/www.europesays.com\/fi\/wp-json\/wp\/v2\/media?parent=90015"}],"wp:term":[{"taxonomy":"category","embeddable":true,"href":"https:\/\/www.europesays.com\/fi\/wp-json\/wp\/v2\/categories?post=90015"},{"taxonomy":"post_tag","embeddable":true,"href":"https:\/\/www.europesays.com\/fi\/wp-json\/wp\/v2\/tags?post=90015"}],"curies":[{"name":"wp","href":"https:\/\/api.w.org\/{rel}","templated":true}]}}