{"id":90031,"date":"2025-11-14T15:45:08","date_gmt":"2025-11-14T15:45:08","guid":{"rendered":"https:\/\/www.europesays.com\/fi\/90031\/"},"modified":"2025-11-14T15:45:08","modified_gmt":"2025-11-14T15:45:08","slug":"media-william-lundin-tyrkylla-hjkn-valmentajaksi","status":"publish","type":"post","link":"https:\/\/www.europesays.com\/fi\/90031\/","title":{"rendered":"Media: William Lundin tyrkyll\u00e4 HJK:n valmentajaksi"},"content":{"rendered":"<p>Jalkapallo|Degerforsista potkut kes\u00e4ll\u00e4 saanut William Lundin saattaa ottaa HJK:n ohjat.<\/p>\n<p class=\"article-body mb-nof-24 px-nof-16\">Ruotsalainen <a class=\"article-personlink\" href=\"https:\/\/www.hs.fi\/haku\/?query=William%20Lundin\" rel=\"nofollow noopener\" target=\"_blank\">William Lundin <\/a>neuvottelee HJK:n kanssa p\u00e4\u00e4valmentajapestist\u00e4, uutisoi<a class=\"article-genericlink\" href=\"https:\/\/www.fotbollskanalen.se\/allsvenskan\/avslojar-lundin-har-haft-mote-med-hjk\/\" rel=\"nofollow noopener\" target=\"_blank\"> Fotbollskanalen<\/a>-sivusto.<\/p>\n<p class=\"article-body mb-nof-24 px-nof-16\">\u201dMinulla on ollut tapaaminen ulkomaalaisseuran kanssa, mutta en voi kommentoida nime\u00e4. Sama koskee keskusteluja ruotsalaisseurojen kanssa\u201d, Lundin sanoo.<\/p>\n<p class=\"article-body mb-nof-24 px-nof-16\">33-vuotias Lundin sai kes\u00e4ll\u00e4 potkut Allsvenskanissa pelanneesta Degerforsista. H\u00e4n nosti ruukkikunnan futisylpeyden Ruotsin p\u00e4\u00e4sarjaan edellisell\u00e4 kaudella.<\/p>\n<p class=\"article-body mb-nof-24 px-nof-16\">Fotbollskanalenin mukaan Lundinin potkujen taustalla olivat erimielisyydet urheilupomo <a class=\"article-personlink\" href=\"https:\/\/www.hs.fi\/haku\/?query=Patrik%20Wernerin\" rel=\"nofollow noopener\" target=\"_blank\">Patrik Wernerin<\/a> kanssa. Lundinin mielest\u00e4 h\u00e4nen valmennustyyli\u00e4\u00e4n pidettiin liian vaativana.<\/p>\n<p class=\"article-body mb-nof-24 px-nof-16\">Lundin on Degerforsin lis\u00e4ksi ty\u00f6skennellyt muun muassa IFK G\u00f6teborgissa, jossa h\u00e4n toimi apuvalmentajana ja my\u00f6s tilap\u00e4isen\u00e4 p\u00e4\u00e4valmentajana kaudella 2023.<\/p>\n<p class=\"article-body mb-nof-24 px-nof-16\">Lundin on jalkapallosukua, sill\u00e4 h\u00e4nen is\u00e4ns\u00e4 <a class=\"article-personlink\" href=\"https:\/\/www.hs.fi\/haku\/?query=Stefan\" rel=\"nofollow noopener\" target=\"_blank\">Stefan<\/a> on entinen p\u00e4\u00e4sarjavalmentaja.<\/p>\n","protected":false},"excerpt":{"rendered":"Jalkapallo|Degerforsista potkut kes\u00e4ll\u00e4 saanut William Lundin saattaa ottaa HJK:n ohjat. Ruotsalainen William Lundin neuvottelee HJK:n kanssa p\u00e4\u00e4valmentajapestist\u00e4, uutisoi&hellip;\n","protected":false},"author":2,"featured_media":90032,"comment_status":"","ping_status":"","sticky":false,"template":"","format":"standard","meta":{"footnotes":""},"categories":[158],"tags":[33,31,30,46,159,32,160],"class_list":{"0":"post-90031","1":"post","2":"type-post","3":"status-publish","4":"format-standard","5":"has-post-thumbnail","7":"category-urheilu","8":"tag-fi","9":"tag-finland","10":"tag-finnish","11":"tag-helsingin-sanomat","12":"tag-sports","13":"tag-suomi","14":"tag-urheilu"},"share_on_mastodon":{"url":"https:\/\/pubeurope.com\/@fi\/115548830063523039","error":""},"_links":{"self":[{"href":"https:\/\/www.europesays.com\/fi\/wp-json\/wp\/v2\/posts\/90031","targetHints":{"allow":["GET"]}}],"collection":[{"href":"https:\/\/www.europesays.com\/fi\/wp-json\/wp\/v2\/posts"}],"about":[{"href":"https:\/\/www.europesays.com\/fi\/wp-json\/wp\/v2\/types\/post"}],"author":[{"embeddable":true,"href":"https:\/\/www.europesays.com\/fi\/wp-json\/wp\/v2\/users\/2"}],"replies":[{"embeddable":true,"href":"https:\/\/www.europesays.com\/fi\/wp-json\/wp\/v2\/comments?post=90031"}],"version-history":[{"count":0,"href":"https:\/\/www.europesays.com\/fi\/wp-json\/wp\/v2\/posts\/90031\/revisions"}],"wp:featuredmedia":[{"embeddable":true,"href":"https:\/\/www.europesays.com\/fi\/wp-json\/wp\/v2\/media\/90032"}],"wp:attachment":[{"href":"https:\/\/www.europesays.com\/fi\/wp-json\/wp\/v2\/media?parent=90031"}],"wp:term":[{"taxonomy":"category","embeddable":true,"href":"https:\/\/www.europesays.com\/fi\/wp-json\/wp\/v2\/categories?post=90031"},{"taxonomy":"post_tag","embeddable":true,"href":"https:\/\/www.europesays.com\/fi\/wp-json\/wp\/v2\/tags?post=90031"}],"curies":[{"name":"wp","href":"https:\/\/api.w.org\/{rel}","templated":true}]}}