{"id":90054,"date":"2025-11-14T16:16:07","date_gmt":"2025-11-14T16:16:07","guid":{"rendered":"https:\/\/www.europesays.com\/fi\/90054\/"},"modified":"2025-11-14T16:16:07","modified_gmt":"2025-11-14T16:16:07","slug":"satojen-tuhansien-palkansaajien-nauttima-etuus-nousee","status":"publish","type":"post","link":"https:\/\/www.europesays.com\/fi\/90054\/","title":{"rendered":"Satojen tuhansien palkansaajien nauttima etuus nousee"},"content":{"rendered":"<p class=\"ai-optimize-6 ai-optimize-introduction\">Verohallinto on vahvistanut ensi vuoden luontoisetujen arvot.<\/p>\n<p class=\"ai-optimize-7\">Ty\u00f6nantajan maksaman ravintoedun enimm\u00e4ism\u00e4\u00e4r\u00e4 nousee ensi vuoden alussa 14,00 euroon, kun se t\u00e4n\u00e4 vuonna on ollut 13,70 euroa.<\/p>\n<p class=\"ai-optimize-8\">Ravintoetua voi k\u00e4ytt\u00e4\u00e4 my\u00f6s niin, ett\u00e4 kustannuksiin sis\u00e4ltyy aterian kuljettamisesta aiheutuneita kuluja. Luontoisetup\u00e4\u00e4t\u00f6s vastaa t\u00e4lt\u00e4 osin jo kuluvana vuonna voimassa ollutta p\u00e4\u00e4t\u00f6st\u00e4. Kustannukset voi maksaa esimerkiksi lounassetelill\u00e4, lounaskortilla, mobiilisovelluksella tai muulla vastaavalla kohdennetulla maksuv\u00e4lineell\u00e4.<\/p>\n<p class=\"ai-optimize-9\">Luontoisetup\u00e4\u00e4t\u00f6ksess\u00e4 on vahvistettu arvot my\u00f6s muille yleisimmille luontoiseduille, kuten asuntoedulle, autoedulle ja puhelinedulle.<\/p>\n<p class=\"ai-optimize-10\">Esimerkiksi ty\u00f6nantajan kustantama palkansaajan puhelinetu s\u00e4ilyy 20 eurossa kuukaudessa.<\/p>\n<p class=\"ai-optimize-11\">Luontoisetup\u00e4\u00e4t\u00f6ksess\u00e4 on m\u00e4\u00e4r\u00e4tty kaavamaiset arvot auton latausedulle, koska latausetu ei ole tuloverolain mukaan en\u00e4\u00e4 verovapaa 1.1.2026 alkaen. T\u00e4yss\u00e4hk\u00f6auton lis\u00e4ksi p\u00e4\u00e4t\u00f6ksess\u00e4 on m\u00e4\u00e4r\u00e4tty lataushybridille erillinen arvo, joka on kaksi kolmasosaa t\u00e4yss\u00e4hk\u00f6auton latausedun arvosta.<\/p>\n<p class=\"ai-optimize-12\">Ty\u00f6nantajalta saatu luontoisetu on ty\u00f6ntekij\u00e4lle palkkatuloa. Edun verotusarvo m\u00e4\u00e4r\u00e4ytyy luontoisetup\u00e4\u00e4t\u00f6ksen mukaan.<\/p>\n<p class=\"ai-optimize-13\">Verohallinnon kattavat ensi vuoden luontoisetujen laskentaperusteet l\u00f6ytyv\u00e4t <a href=\"https:\/\/vero.fi\/syventavat-vero-ohjeet\/paatokset\/47380\/verohallinnon-paatos-vuodelta-2026-toimitettavassa-verotuksessa-noudatettavista-luontoisetujen-laskentaperusteista\/\" target=\"_blank\" rel=\"noopener nofollow\">t\u00e4\u00e4lt\u00e4<\/a>.<\/p>\n","protected":false},"excerpt":{"rendered":"Verohallinto on vahvistanut ensi vuoden luontoisetujen arvot. Ty\u00f6nantajan maksaman ravintoedun enimm\u00e4ism\u00e4\u00e4r\u00e4 nousee ensi vuoden alussa 14,00 euroon, kun&hellip;\n","protected":false},"author":2,"featured_media":90055,"comment_status":"","ping_status":"","sticky":false,"template":"","format":"standard","meta":{"footnotes":""},"categories":[14],"tags":[22,23,26,27,33,31,30,17,24,25,28,29,15,18,21,32,19,20,860,56,16,59,60,61],"class_list":{"0":"post-90054","1":"post","2":"type-post","3":"status-publish","4":"format-standard","5":"has-post-thumbnail","7":"category-ulkomaat","8":"tag-breaking-news","9":"tag-breakingnews","10":"tag-featured-news","11":"tag-featurednews","12":"tag-fi","13":"tag-finland","14":"tag-finnish","15":"tag-headlines","16":"tag-latest-news","17":"tag-latestnews","18":"tag-main-news","19":"tag-mainnews","20":"tag-news","21":"tag-otsikot","22":"tag-paauutiset","23":"tag-suomi","24":"tag-top-stories","25":"tag-topstories","26":"tag-tyoelama","27":"tag-ulkomaat","28":"tag-uutiset","29":"tag-world","30":"tag-world-news","31":"tag-worldnews"},"share_on_mastodon":{"url":"https:\/\/pubeurope.com\/@fi\/115548951946344261","error":""},"_links":{"self":[{"href":"https:\/\/www.europesays.com\/fi\/wp-json\/wp\/v2\/posts\/90054","targetHints":{"allow":["GET"]}}],"collection":[{"href":"https:\/\/www.europesays.com\/fi\/wp-json\/wp\/v2\/posts"}],"about":[{"href":"https:\/\/www.europesays.com\/fi\/wp-json\/wp\/v2\/types\/post"}],"author":[{"embeddable":true,"href":"https:\/\/www.europesays.com\/fi\/wp-json\/wp\/v2\/users\/2"}],"replies":[{"embeddable":true,"href":"https:\/\/www.europesays.com\/fi\/wp-json\/wp\/v2\/comments?post=90054"}],"version-history":[{"count":0,"href":"https:\/\/www.europesays.com\/fi\/wp-json\/wp\/v2\/posts\/90054\/revisions"}],"wp:featuredmedia":[{"embeddable":true,"href":"https:\/\/www.europesays.com\/fi\/wp-json\/wp\/v2\/media\/90055"}],"wp:attachment":[{"href":"https:\/\/www.europesays.com\/fi\/wp-json\/wp\/v2\/media?parent=90054"}],"wp:term":[{"taxonomy":"category","embeddable":true,"href":"https:\/\/www.europesays.com\/fi\/wp-json\/wp\/v2\/categories?post=90054"},{"taxonomy":"post_tag","embeddable":true,"href":"https:\/\/www.europesays.com\/fi\/wp-json\/wp\/v2\/tags?post=90054"}],"curies":[{"name":"wp","href":"https:\/\/api.w.org\/{rel}","templated":true}]}}