{"id":9011,"date":"2025-08-18T06:58:15","date_gmt":"2025-08-18T06:58:15","guid":{"rendered":"https:\/\/www.europesays.com\/fi\/9011\/"},"modified":"2025-08-18T06:58:15","modified_gmt":"2025-08-18T06:58:15","slug":"yle-areenaan-lisattiin-viikolla-33-2025-nama-sarjat-ja-elokuvat","status":"publish","type":"post","link":"https:\/\/www.europesays.com\/fi\/9011\/","title":{"rendered":"Yle Areenaan lis\u00e4ttiin viikolla 33\/2025 n\u00e4m\u00e4 sarjat ja elokuvat"},"content":{"rendered":"\n<p><strong>Viikolla 33\/2025 Yle Areenan uusia lis\u00e4yksi\u00e4 ovat muun muassa kotimainen elokuva Insiders, Florence Pugh\u2019n t\u00e4hditt\u00e4m\u00e4 Hyv\u00e4 ihminen ja Kierroksilla-sarjan uusi kausi.<\/strong><\/p>\n<p><strong>Viikon uudet elokuvat <a href=\"https:\/\/muropaketti.com\/avainsana\/yle-areena\/\" rel=\"noopener nofollow\" target=\"_blank\">Yle Areenassa<\/a>:<\/strong><\/p>\n<ul>\n<li>Insiders<\/li>\n<li>Rukaj\u00e4rven tie<\/li>\n<li>Hyv\u00e4 ihminen (A Good Person)<\/li>\n<li>Etel\u00e4 (El Sur)<\/li>\n<\/ul>\n<p><strong>Viikon uusia sarjoja ja tuotantokausia:<\/strong><\/p>\n<ul>\n<li>Kierroksilla (Pilsnerraggarna), kausi 2<\/li>\n<\/ul>\n<p><strong>Viikon uusia dokumentteja ja asiaohjelmia:<\/strong><\/p>\n<ul>\n<li>Jengikoulu (G\u00e4ngskolan)<\/li>\n<li>Italian myrkytetty maa<\/li>\n<\/ul>\n","protected":false},"excerpt":{"rendered":"Viikolla 33\/2025 Yle Areenan uusia lis\u00e4yksi\u00e4 ovat muun muassa kotimainen elokuva Insiders, Florence Pugh\u2019n t\u00e4hditt\u00e4m\u00e4 Hyv\u00e4 ihminen ja&hellip;\n","protected":false},"author":2,"featured_media":9012,"comment_status":"","ping_status":"","sticky":false,"template":"","format":"standard","meta":{"footnotes":""},"categories":[133],"tags":[137,33,31,30,32,206,156,109,913,2958],"class_list":{"0":"post-9011","1":"post","2":"type-post","3":"status-publish","4":"format-standard","5":"has-post-thumbnail","7":"category-televisiot","8":"tag-entertainment","9":"tag-fi","10":"tag-finland","11":"tag-finnish","12":"tag-suomi","13":"tag-televisiot","14":"tag-tv","15":"tag-viihde","16":"tag-yle-areena","17":"tag-yle-areena-elokuvat"},"share_on_mastodon":{"url":"","error":""},"_links":{"self":[{"href":"https:\/\/www.europesays.com\/fi\/wp-json\/wp\/v2\/posts\/9011","targetHints":{"allow":["GET"]}}],"collection":[{"href":"https:\/\/www.europesays.com\/fi\/wp-json\/wp\/v2\/posts"}],"about":[{"href":"https:\/\/www.europesays.com\/fi\/wp-json\/wp\/v2\/types\/post"}],"author":[{"embeddable":true,"href":"https:\/\/www.europesays.com\/fi\/wp-json\/wp\/v2\/users\/2"}],"replies":[{"embeddable":true,"href":"https:\/\/www.europesays.com\/fi\/wp-json\/wp\/v2\/comments?post=9011"}],"version-history":[{"count":0,"href":"https:\/\/www.europesays.com\/fi\/wp-json\/wp\/v2\/posts\/9011\/revisions"}],"wp:featuredmedia":[{"embeddable":true,"href":"https:\/\/www.europesays.com\/fi\/wp-json\/wp\/v2\/media\/9012"}],"wp:attachment":[{"href":"https:\/\/www.europesays.com\/fi\/wp-json\/wp\/v2\/media?parent=9011"}],"wp:term":[{"taxonomy":"category","embeddable":true,"href":"https:\/\/www.europesays.com\/fi\/wp-json\/wp\/v2\/categories?post=9011"},{"taxonomy":"post_tag","embeddable":true,"href":"https:\/\/www.europesays.com\/fi\/wp-json\/wp\/v2\/tags?post=9011"}],"curies":[{"name":"wp","href":"https:\/\/api.w.org\/{rel}","templated":true}]}}