{"id":90161,"date":"2025-11-14T18:40:13","date_gmt":"2025-11-14T18:40:13","guid":{"rendered":"https:\/\/www.europesays.com\/fi\/90161\/"},"modified":"2025-11-14T18:40:13","modified_gmt":"2025-11-14T18:40:13","slug":"hanna-wass-pettyi-tilaamaansa-mekkoon-nain-katri-niskasen-tiimi-vastaa-hanelle","status":"publish","type":"post","link":"https:\/\/www.europesays.com\/fi\/90161\/","title":{"rendered":"Hanna Wass pettyi tilaamaansa mekkoon \u2013 N\u00e4in Katri Niskasen tiimi vastaa h\u00e4nelle"},"content":{"rendered":"<p>Hanna Wass tilasi Katri Niskasen suunnitteleman mekon Linnan juhlia varten.<\/p>\n<p><img decoding=\"async\" class=\"image image-show image-preview\" src=\"https:\/\/www.europesays.com\/fi\/wp-content\/uploads\/2025\/11\/9c78f58b78c30265c601af7428cc3115434b40416a593c79754723b9e887f276.jpg\" alt=\"\"\/><img decoding=\"async\" class=\"image image-show\" src=\"https:\/\/www.europesays.com\/fi\/wp-content\/uploads\/2025\/09\/1756883891_816_9c78f58b78c30265c601af7428cc3115434b40416a593c79754723b9e887f276.jpg\" alt=\"\"\/><\/p>\n<p>Hanna Wass pettyi tilaamansa mekkoon. PASI LIESIMAA<\/p>\n<p class=\"paragraph\">Politiikan tutkija <a href=\"https:\/\/www.iltalehti.fi\/henkilot\/Hanna Wass\" class=\"article-link-person-page\" rel=\"nofollow noopener\" target=\"_blank\">Hanna Wass<\/a> <a href=\"https:\/\/www.iltalehti.fi\/viihdeuutiset\/16f1434e-7cc1-48ce-96a6-9b1535456bfb\" rel=\"nofollow noopener\" target=\"_blank\">kertoi<\/a> t\u00e4ll\u00e4 viikolla pettyneens\u00e4 tilaamaansa mekkooon, jonka h\u00e4n oli ostanut tasavallan presidentin itsen\u00e4isyysp\u00e4iv\u00e4n vastaanottoa varten. Mekko oli <a href=\"https:\/\/www.iltalehti.fi\/henkilot\/Katri Niskanen\" class=\"article-link-person-page\" rel=\"nofollow noopener\" target=\"_blank\">Katri Niskasen<\/a> suunnittelema.<\/p>\n<p class=\"paragraph\">Nyt Niskasen tiimin j\u00e4sen on vastannut Wassille t\u00e4m\u00e4n <a href=\"https:\/\/www.instagram.com\/p\/DQ-ELMZgnp_\/\" rel=\"noopener nofollow\" target=\"_blank\">Instagram-julkaisun<\/a> kommenttikent\u00e4ss\u00e4.<\/p>\n<p class=\"paragraph\">\u2013 Hei Hanna! Kiitos, ett\u00e4 jaoit kokemuksesi. Arvostamme suoraa palautetta ja my\u00f6s pahoittelemme, ettei tilaamasi puku vastannut odotuksiasi. Mekolla on luonnollisesti palautusoikeus, ja autamme mielell\u00e4mme l\u00f6yt\u00e4m\u00e4\u00e4n juuri sinulle sopivan mallin ja materiaalin t\u00e4rke\u00e4\u00e4n juhlaan, kommentissa lukee.<\/p>\n<p class=\"paragraph\">Kommentissa luvataan Wassille my\u00f6s henkil\u00f6kohtainen sovitteluhetki Helsingiss\u00e4 sijaitsevassa myym\u00e4l\u00e4ss\u00e4, jotta Wass p\u00e4\u00e4see sovittamaan eri vaihtoehtoja omassa rauhassa.<\/p>\n<p class=\"paragraph\">\u2013 Toivomme, ett\u00e4 voimme jatkossa tarjota sinulle kokemuksen, joka vastaa sek\u00e4 odotuksiasi ett\u00e4 juhlap\u00e4iv\u00e4si merkityst\u00e4, kommentti p\u00e4\u00e4ttyy.<\/p>\n<p class=\"paragraph\">Wass ei ole vastannut Niskasen tiimin l\u00e4hett\u00e4m\u00e4\u00e4n kommenttiin.<\/p>\n<p><script async src=\"\/\/www.instagram.com\/embed.js\"><\/script><\/p>\n","protected":false},"excerpt":{"rendered":"Hanna Wass tilasi Katri Niskasen suunnitteleman mekon Linnan juhlia varten. Hanna Wass pettyi tilaamansa mekkoon. PASI LIESIMAA Politiikan&hellip;\n","protected":false},"author":2,"featured_media":90162,"comment_status":"","ping_status":"","sticky":false,"template":"","format":"standard","meta":{"footnotes":""},"categories":[136],"tags":[35,407,137,33,31,30,863,408,142,637,886,32,638,109],"class_list":{"0":"post-90161","1":"post","2":"type-post","3":"status-publish","4":"format-standard","5":"has-post-thumbnail","7":"category-julkkikset","8":"tag-24h","9":"tag-celebrities","10":"tag-entertainment","11":"tag-fi","12":"tag-finland","13":"tag-finnish","14":"tag-hallitus","15":"tag-julkkikset","16":"tag-poliitikot","17":"tag-politiikka","18":"tag-puolueet","19":"tag-suomi","20":"tag-valtiovalta","21":"tag-viihde"},"share_on_mastodon":{"url":"https:\/\/pubeurope.com\/@fi\/115549518280471156","error":""},"_links":{"self":[{"href":"https:\/\/www.europesays.com\/fi\/wp-json\/wp\/v2\/posts\/90161","targetHints":{"allow":["GET"]}}],"collection":[{"href":"https:\/\/www.europesays.com\/fi\/wp-json\/wp\/v2\/posts"}],"about":[{"href":"https:\/\/www.europesays.com\/fi\/wp-json\/wp\/v2\/types\/post"}],"author":[{"embeddable":true,"href":"https:\/\/www.europesays.com\/fi\/wp-json\/wp\/v2\/users\/2"}],"replies":[{"embeddable":true,"href":"https:\/\/www.europesays.com\/fi\/wp-json\/wp\/v2\/comments?post=90161"}],"version-history":[{"count":0,"href":"https:\/\/www.europesays.com\/fi\/wp-json\/wp\/v2\/posts\/90161\/revisions"}],"wp:featuredmedia":[{"embeddable":true,"href":"https:\/\/www.europesays.com\/fi\/wp-json\/wp\/v2\/media\/90162"}],"wp:attachment":[{"href":"https:\/\/www.europesays.com\/fi\/wp-json\/wp\/v2\/media?parent=90161"}],"wp:term":[{"taxonomy":"category","embeddable":true,"href":"https:\/\/www.europesays.com\/fi\/wp-json\/wp\/v2\/categories?post=90161"},{"taxonomy":"post_tag","embeddable":true,"href":"https:\/\/www.europesays.com\/fi\/wp-json\/wp\/v2\/tags?post=90161"}],"curies":[{"name":"wp","href":"https:\/\/api.w.org\/{rel}","templated":true}]}}