{"id":90181,"date":"2025-11-14T19:09:11","date_gmt":"2025-11-14T19:09:11","guid":{"rendered":"https:\/\/www.europesays.com\/fi\/90181\/"},"modified":"2025-11-14T19:09:11","modified_gmt":"2025-11-14T19:09:11","slug":"anjalankosken-radio-ja-tv-asemalla-tehdaan-muutostoita-kanavat-voi-joutua-hakemaan-uudelleen-paikalliset","status":"publish","type":"post","link":"https:\/\/www.europesays.com\/fi\/90181\/","title":{"rendered":"Anjalankosken radio- ja tv-asemalla tehd\u00e4\u00e4n muutost\u00f6it\u00e4 \u2013 Kanavat voi joutua hakemaan uudelleen | Paikalliset"},"content":{"rendered":"<p>Anjalankosken radio- ja tv-asemalla tehd\u00e4\u00e4n muutost\u00f6it\u00e4 tiistaina 18. marraskuuta kello 9\u201316. Aseman peittoalue ulottuu eri puolille Kouvolaa.<\/p>\n<p>Kyse on Digitan tekemist\u00e4 C-kanavanipun taajuusmuutost\u00f6ist\u00e4. Niist\u00e4 aiheutuu noin 30 minuutin katkos C-kanavanipuissa l\u00e4hetett\u00e4ville tv-kanaville. N\u00e4it\u00e4 tv-kanavia ovat TV5 HD, Kutonen HD, TLC HD, STAR Channel HD, Frii HD, National Geographic HD ja Viaplay HD.<\/p>\n<p>Digitan tiedotteessa kerrotaan, ett\u00e4 muutost\u00f6iden j\u00e4lkeen antenni-tv-kotitalouksissa on teht\u00e4v\u00e4 tarvittaessa kanavahaku.<\/p>\n<p>Jos kerrostaloissa tai rivitaloissa ei saada kanavia n\u00e4kyviin kanavahaulla, on syyt\u00e4 olla yhteyksiss\u00e4 is\u00e4nn\u00f6itsij\u00e4\u00e4n.<\/p>\n<p>Uusi taajuus on aiemmin ollut k\u00e4yt\u00f6ss\u00e4 antenni-tv-l\u00e4hetyksiss\u00e4. P\u00e4ivitetyt taajuudet saa selville Digitan nettisivuilta.<\/p>\n<p><strong class=\"diks-storyline__impact\">Digitan mukaan<\/strong> useimmat vastaanottimet etsiv\u00e4t kanavat automaattisesti. Aina t\u00e4m\u00e4 ei onnistu, ja t\u00e4ll\u00f6in kuluttajan on teht\u00e4v\u00e4 kanavahaku. Vanhempiin vastaanottimiin saattaa joutua palauttamaan tehdasasetukset ennen kanavahaun tekemist\u00e4.<\/p>\n<p>Ohjeet kanavien viritykseen saa selville laitteen k\u00e4ytt\u00f6oppaasta ja Digitan nettisivuilta.<\/p>\n<p>Antenni-tv-vastaanottoon liittyviss\u00e4 ongelmissa saa tietoa my\u00f6s Digitan kuluttajapalvelusta Digita-infon teknisilt\u00e4 asiantuntijoilta.<\/p>\n<p>Digita-info on avoinna arkisin kello 8\u201320 numerossa 020\u2009411\u20097676 tai s\u00e4hk\u00f6postitse info@digita.fi.<\/p>\n","protected":false},"excerpt":{"rendered":"Anjalankosken radio- ja tv-asemalla tehd\u00e4\u00e4n muutost\u00f6it\u00e4 tiistaina 18. marraskuuta kello 9\u201316. Aseman peittoalue ulottuu eri puolille Kouvolaa. Kyse&hellip;\n","protected":false},"author":2,"featured_media":90182,"comment_status":"","ping_status":"","sticky":false,"template":"","format":"standard","meta":{"footnotes":""},"categories":[133],"tags":[36,542,137,33,31,30,1511,543,32,1247,206,140,156,109],"class_list":{"0":"post-90181","1":"post","2":"type-post","3":"status-publish","4":"format-standard","5":"has-post-thumbnail","7":"category-televisiot","8":"tag-asuintalot-ja-asunnot","9":"tag-asuminen","10":"tag-entertainment","11":"tag-fi","12":"tag-finland","13":"tag-finnish","14":"tag-joukkoviestinta","15":"tag-koti-ja-asuminen","16":"tag-suomi","17":"tag-televisio","18":"tag-televisiot","19":"tag-tv-ja-elokuvat","20":"tag-tv","21":"tag-viihde"},"share_on_mastodon":{"url":"https:\/\/pubeurope.com\/@fi\/115549632220107289","error":""},"_links":{"self":[{"href":"https:\/\/www.europesays.com\/fi\/wp-json\/wp\/v2\/posts\/90181","targetHints":{"allow":["GET"]}}],"collection":[{"href":"https:\/\/www.europesays.com\/fi\/wp-json\/wp\/v2\/posts"}],"about":[{"href":"https:\/\/www.europesays.com\/fi\/wp-json\/wp\/v2\/types\/post"}],"author":[{"embeddable":true,"href":"https:\/\/www.europesays.com\/fi\/wp-json\/wp\/v2\/users\/2"}],"replies":[{"embeddable":true,"href":"https:\/\/www.europesays.com\/fi\/wp-json\/wp\/v2\/comments?post=90181"}],"version-history":[{"count":0,"href":"https:\/\/www.europesays.com\/fi\/wp-json\/wp\/v2\/posts\/90181\/revisions"}],"wp:featuredmedia":[{"embeddable":true,"href":"https:\/\/www.europesays.com\/fi\/wp-json\/wp\/v2\/media\/90182"}],"wp:attachment":[{"href":"https:\/\/www.europesays.com\/fi\/wp-json\/wp\/v2\/media?parent=90181"}],"wp:term":[{"taxonomy":"category","embeddable":true,"href":"https:\/\/www.europesays.com\/fi\/wp-json\/wp\/v2\/categories?post=90181"},{"taxonomy":"post_tag","embeddable":true,"href":"https:\/\/www.europesays.com\/fi\/wp-json\/wp\/v2\/tags?post=90181"}],"curies":[{"name":"wp","href":"https:\/\/api.w.org\/{rel}","templated":true}]}}