{"id":90195,"date":"2025-11-14T19:18:08","date_gmt":"2025-11-14T19:18:08","guid":{"rendered":"https:\/\/www.europesays.com\/fi\/90195\/"},"modified":"2025-11-14T19:18:08","modified_gmt":"2025-11-14T19:18:08","slug":"lukoil-jahtaa-yha-ostajaa-teboilille-ostajaehdokkaita-on-useita-uutisia-lyhyesti","status":"publish","type":"post","link":"https:\/\/www.europesays.com\/fi\/90195\/","title":{"rendered":"Lukoil jahtaa yh\u00e4 ostajaa Teboilille \u2013 ostajaehdokkaita on useita | Uutisia lyhyesti"},"content":{"rendered":"<p class=\"aw-1gybjub aw-5vja16 kEtdKx kmuxyA yle__article__paragraph\">Yhdysvaltojen pakotteet Lukoilia vastaan astuvat voimaan ensi viikolla.<\/p>\n<p class=\"aw-1gybjub aw-1p7kakr kEtdKx cEmitX yle__article__paragraph\">Ven\u00e4l\u00e4inen \u00f6ljyj\u00e4tti Lukoil jatkaa neuvotteluja kansainv\u00e4lisen liiketoimintansa myymisest\u00e4. Siihen kuuluu Suomessa toimivan Teboilin lis\u00e4ksi muun muassa \u00f6ljynjalostamoja monissa maissa.<\/p>\n<p class=\"aw-1gybjub aw-1p7kakr kEtdKx cEmitX yle__article__paragraph\">Yhti\u00f6 kertoi perjantaina tiedotteessaan, ett\u00e4 neuvotteluja k\u00e4yd\u00e4\u00e4n useiden mahdollisten ostajien kanssa.<\/p>\n<p class=\"aw-1gybjub aw-1p7kakr kEtdKx cEmitX yle__article__paragraph\">Lukoil sanoo pyrkiv\u00e4ns\u00e4 siihen, ett\u00e4 sen liiketoiminnot ulkomailla voisivat jatkaa toimintaansa keskeytyksett\u00e4.<\/p>\n<p class=\"aw-1gybjub aw-1p7kakr kEtdKx cEmitX yle__article__paragraph\">Kaupanteolla alkaa olla kiire, sill\u00e4 Yhdysvaltojen pakotteet Lukoilia vastaan astuvat voimaan 21. marraskuuta eli ensi viikon perjantaina. Yhti\u00f6 on pyyt\u00e4nyt jatkoaikaa, mutta sen saamisesta ei ole varmuutta.<\/p>\n<p class=\"aw-1gybjub aw-1p7kakr kEtdKx cEmitX yle__article__paragraph\">Lukoil yritti ensin myyd\u00e4 liiketoimintansa ven\u00e4l\u00e4istaustaiselle, raaka\u00f6ljykauppaa k\u00e4yv\u00e4lle Gunvor-yhti\u00f6lle, mutta se perui ostotarjouksensa.<\/p>\n","protected":false},"excerpt":{"rendered":"Yhdysvaltojen pakotteet Lukoilia vastaan astuvat voimaan ensi viikolla. Ven\u00e4l\u00e4inen \u00f6ljyj\u00e4tti Lukoil jatkaa neuvotteluja kansainv\u00e4lisen liiketoimintansa myymisest\u00e4. Siihen kuuluu&hellip;\n","protected":false},"author":2,"featured_media":74,"comment_status":"","ping_status":"","sticky":false,"template":"","format":"standard","meta":{"footnotes":"","_share_on_mastodon":"0"},"categories":[14],"tags":[22,23,2038,26,27,33,31,30,17,24,25,15597,28,29,15,18,21,32,15389,19,20,56,16,59,60,61],"class_list":["post-90195","post","type-post","status-publish","format-standard","has-post-thumbnail","category-ulkomaat","tag-breaking-news","tag-breakingnews","tag-energia","tag-featured-news","tag-featurednews","tag-fi","tag-finland","tag-finnish","tag-headlines","tag-latest-news","tag-latestnews","tag-lukoil","tag-main-news","tag-mainnews","tag-news","tag-otsikot","tag-paauutiset","tag-suomi","tag-teboil","tag-top-stories","tag-topstories","tag-ulkomaat","tag-uutiset","tag-world","tag-world-news","tag-worldnews"],"share_on_mastodon":{"url":"https:\/\/pubeurope.com\/@fi\/115549667609354774","error":""},"_links":{"self":[{"href":"https:\/\/www.europesays.com\/fi\/wp-json\/wp\/v2\/posts\/90195","targetHints":{"allow":["GET"]}}],"collection":[{"href":"https:\/\/www.europesays.com\/fi\/wp-json\/wp\/v2\/posts"}],"about":[{"href":"https:\/\/www.europesays.com\/fi\/wp-json\/wp\/v2\/types\/post"}],"author":[{"embeddable":true,"href":"https:\/\/www.europesays.com\/fi\/wp-json\/wp\/v2\/users\/2"}],"replies":[{"embeddable":true,"href":"https:\/\/www.europesays.com\/fi\/wp-json\/wp\/v2\/comments?post=90195"}],"version-history":[{"count":0,"href":"https:\/\/www.europesays.com\/fi\/wp-json\/wp\/v2\/posts\/90195\/revisions"}],"wp:featuredmedia":[{"embeddable":true,"href":"https:\/\/www.europesays.com\/fi\/wp-json\/wp\/v2\/media\/74"}],"wp:attachment":[{"href":"https:\/\/www.europesays.com\/fi\/wp-json\/wp\/v2\/media?parent=90195"}],"wp:term":[{"taxonomy":"category","embeddable":true,"href":"https:\/\/www.europesays.com\/fi\/wp-json\/wp\/v2\/categories?post=90195"},{"taxonomy":"post_tag","embeddable":true,"href":"https:\/\/www.europesays.com\/fi\/wp-json\/wp\/v2\/tags?post=90195"}],"curies":[{"name":"wp","href":"https:\/\/api.w.org\/{rel}","templated":true}]}}