{"id":90224,"date":"2025-11-14T19:58:08","date_gmt":"2025-11-14T19:58:08","guid":{"rendered":"https:\/\/www.europesays.com\/fi\/90224\/"},"modified":"2025-11-14T19:58:08","modified_gmt":"2025-11-14T19:58:08","slug":"hanne-kettunen-avautuu-perapukamistaan-ilta-sanomat","status":"publish","type":"post","link":"https:\/\/www.europesays.com\/fi\/90224\/","title":{"rendered":"Hanne Kettunen avautuu per\u00e4pukamistaan &#8211; Ilta-Sanomat"},"content":{"rendered":"<p>Per\u00e4pukamat ilmestyiv\u00e4t kolmannen lapsen syntym\u00e4n j\u00e4lkeen.<\/p>\n<p class=\"article-body mb-nof-24 px-nof-16\">Somevaikuttaja \u201dVale\u00e4iti\u201d eli <a class=\"article-personlink\" href=\"https:\/\/www.is.fi\/haku\/?query=Hanne%20Kettunen\" rel=\"nofollow noopener\" target=\"_blank\">Hanne Kettunen<\/a> avautuu Instagram-videollaan usein vaietusta vaivasta. H\u00e4n pyyhkii videolla kyyneleit\u00e4.<\/p>\n<p class=\"article-body mb-nof-24 px-nof-16\">\u2013 Ei t\u00e4st\u00e4 kyll\u00e4 hirve\u00e4sti puhuta, mutta koska m\u00e4 sain turvaa somesta, niin min\u00e4kin puhun. Per\u00e4pukamista, h\u00e4n kirjoittaa videolla.<\/p>\n<p class=\"article-body mb-nof-24 px-nof-16\">Kettusen mukaan per\u00e4pukamista puhutaan usein \u201dkiusallisena vaivana\u201d, mutta huomauttaa, ett\u00e4 ne voivat aiheuttaa my\u00f6s kipua.<\/p>\n<p class=\"article-body mb-nof-24 px-nof-16\">\u2013 Sattuu ihan sikana! h\u00e4n kuiskaa kameralle.<\/p>\n<p class=\"article-body mb-nof-24 px-nof-16\">Ensimm\u00e4isen per\u00e4pukamansa Kettunen sai kolmannen lapsen syntym\u00e4n j\u00e4lkeen. Aluksi h\u00e4n ei pystynyt puhumaan asiasta edes yst\u00e4villeen. L\u00e4\u00e4k\u00e4riss\u00e4 k\u00e4yminen oli h\u00e4vett\u00e4nyt, mutta hoito helpotti.<\/p>\n<p class=\"article-body mb-nof-24 px-nof-16\">Per\u00e4pukamat eiv\u00e4t kuitenkaan kadonneet t\u00e4ysin.<\/p>\n<p class=\"article-body mb-nof-24 px-nof-16\">\u2013 Aina yht\u00e4 ep\u00e4mukavaa ja usein kivuliasta. \u00c4rsytt\u00e4v\u00e4 ylim\u00e4\u00e4r\u00e4inen vaiva, joka on koko ajan mieless\u00e4, h\u00e4n kuvailee.<\/p>\n<p class=\"article-body mb-nof-24 px-nof-16\">\u2013 T\u00e4m\u00e4n viikon maanantaina tuli niin kipe\u00e4 yksil\u00f6, etten voinut juurikaan k\u00e4vell\u00e4 pariin p\u00e4iv\u00e4\u00e4n. Sitten se alkoi vuotaa verta.<\/p>\n<p class=\"article-body mb-nof-24 px-nof-16\">J\u00e4lleen Kettunen oli mennyt l\u00e4\u00e4k\u00e4riin nolostellen. Kipe\u00e4 per\u00e4pukama olikin ollut trombosoitunut versio. L\u00e4\u00e4ketieteellisen <a class=\"article-genericlink\" href=\"https:\/\/www.duodecimlehti.fi\/duo15726\" rel=\"nofollow noopener\" target=\"_blank\">Duodecim<\/a>-lehden mukaan trombosoitunut per\u00e4pukama aiheuttaa aristavan pullistuman tunteen per\u00e4aukolle ja on kipe\u00e4 1\u20132 viikkoa.<\/p>\n<p class=\"article-body mb-nof-24 px-nof-16\">Hyytynyt per\u00e4pukama t\u00e4ytyi tyhjent\u00e4\u00e4, mik\u00e4 sekin oli kivulias kokemus.<\/p>\n<p class=\"article-body mb-nof-24 px-nof-16\">\u2013 Puudutuspiikin \u201dpieni nipistys\u201d tuntui saatanasta.<\/p>\n<p class=\"article-body mb-nof-24 px-nof-16\">Vaikka kipujen olisi pit\u00e4nyt l\u00e4hte\u00e4, ne tulivatkin pian takaisin, jolloin Kettunen p\u00e4\u00e4tti kuvata aiheesta videon.<\/p>\n<p class=\"article-body mb-nof-24 px-nof-16\">\u2013 T\u00e4m\u00e4 oli oikeasti t\u00e4ysin verrattavissa synnytyksen j\u00e4lkeiseen kipuun, ilman palkintoja.<\/p>\n<p class=\"article-body mb-nof-24 px-nof-16\">Julkaisuhetkell\u00e4 Kettunen kirjoitti, ett\u00e4 per\u00e4pukama on edelleen kipe\u00e4, mutta \u201dsiedett\u00e4v\u00e4\u201d. H\u00e4n saattoi jo k\u00e4vell\u00e4 ja istua. Kuvatekstiss\u00e4 h\u00e4n pyyt\u00e4\u00e4 muitakin vinkkej\u00e4 kuin \u201d\u00e4l\u00e4 pinnist\u00e4 p\u00f6nt\u00f6ll\u00e4\u201d.<\/p>\n<p class=\"article-body mb-nof-24 px-nof-16\">Kommenteissa monet tunnetut suomalaiset ja muutkin someseuraajat osoittavat tukensa. Yhteens\u00e4 kommentteja on kertynyt yli 400.<\/p>\n<p class=\"article-body mb-nof-24 px-nof-16\">\u2013 Voimia ja kiitos, kun tuot asiaa esiin, kommentoi <a class=\"article-personlink\" href=\"https:\/\/www.is.fi\/haku\/?query=Rita%20Niemi-Manninen\" rel=\"nofollow noopener\" target=\"_blank\">Rita Niemi-Manninen<\/a>.<\/p>\n<p class=\"article-body mb-nof-24 px-nof-16\">\u2013 Miten t\u00e4rke\u00e4 nosto. Kiitos, kun normalisoit! Tsemppi\u00e4 kivun keskelle, toivottavasti helpottais pian! kirjoittaa somevaikuttaja <a class=\"article-personlink\" href=\"https:\/\/www.is.fi\/haku\/?query=Sara%20Vanninen\" rel=\"nofollow noopener\" target=\"_blank\">Sara Vanninen<\/a>.<\/p>\n<p class=\"article-body mb-nof-24 px-nof-16\">\u2013 Niin t\u00e4rke\u00e4\u00e4 ett\u00e4 normalisoit ja nostat t\u00e4llaisia aiheita. Arvostan, kiitteli <a class=\"article-personlink\" href=\"https:\/\/www.is.fi\/haku\/?query=Beata%20Leppilampi\" rel=\"nofollow noopener\" target=\"_blank\">Beata Leppilampi<\/a>.<\/p>\n<p class=\"article-body mb-nof-24 px-nof-16\">\u2013 Hanne kiitos, kun rohkeasti avaat! Oikeesti noi kaverit on sellaisia hiton perseenreiki\u00e4 kirjaimellisesti! Mulla on my\u00f6s ollut ja se haavauma my\u00f6s, kommentoi <a class=\"article-personlink\" href=\"https:\/\/www.is.fi\/haku\/?query=Hanna%20Angelvuo\" rel=\"nofollow noopener\" target=\"_blank\">Hanna Angelvuo<\/a>.<\/p>\n<p class=\"article-body mb-nof-24 px-nof-16\">\u2013 Kiitos niin paljon Hanne\ufe0f ja voimia! Mullakin on, tuli kolmannen raskauden j\u00e4lkeen. Oon kerran k\u00e4ynyt l\u00e4\u00e4k\u00e4riss\u00e4 ja t\u00e4\u00e4 on niin vaikea asia, ett\u00e4 mieluummin sit\u00e4 vaan siet\u00e4\u00e4 pukamia kotona ja p\u00e4rj\u00e4ilee, komppaa Iidan matkassa -blogista tuttu <a class=\"article-personlink\" href=\"https:\/\/www.is.fi\/haku\/?query=Iida%20%C3%85feldt\" rel=\"nofollow noopener\" target=\"_blank\">Iida \u00c5feldt<\/a>.<\/p>\n<p class=\"article-body mb-nof-24 px-nof-16\">Terveystalon <a class=\"article-genericlink\" href=\"https:\/\/www.terveystalo.com\/fi\/tietopaketit\/perapukama\" rel=\"nofollow noopener\" target=\"_blank\">sivujen<\/a> mukaan per\u00e4pukamat ovat yleinen vaiva, jopa joka toinen ihminen saa sellaisia jossain vaiheessa el\u00e4m\u00e4\u00e4. Usein ne paranevat itsest\u00e4\u00e4n, mutta mik\u00e4li per\u00e4pukamat ovat kivuliaita tai vuotavat verta, on syyt\u00e4 menn\u00e4 l\u00e4\u00e4k\u00e4riin.<\/p>\n","protected":false},"excerpt":{"rendered":"Per\u00e4pukamat ilmestyiv\u00e4t kolmannen lapsen syntym\u00e4n j\u00e4lkeen. Somevaikuttaja \u201dVale\u00e4iti\u201d eli Hanne Kettunen avautuu Instagram-videollaan usein vaietusta vaivasta. H\u00e4n pyyhkii&hellip;\n","protected":false},"author":2,"featured_media":90225,"comment_status":"","ping_status":"","sticky":false,"template":"","format":"standard","meta":{"footnotes":""},"categories":[136],"tags":[407,137,33,31,30,34,408,32,109],"class_list":{"0":"post-90224","1":"post","2":"type-post","3":"status-publish","4":"format-standard","5":"has-post-thumbnail","7":"category-julkkikset","8":"tag-celebrities","9":"tag-entertainment","10":"tag-fi","11":"tag-finland","12":"tag-finnish","13":"tag-ilta-sanomat","14":"tag-julkkikset","15":"tag-suomi","16":"tag-viihde"},"share_on_mastodon":{"url":"https:\/\/pubeurope.com\/@fi\/115549824922915677","error":""},"_links":{"self":[{"href":"https:\/\/www.europesays.com\/fi\/wp-json\/wp\/v2\/posts\/90224","targetHints":{"allow":["GET"]}}],"collection":[{"href":"https:\/\/www.europesays.com\/fi\/wp-json\/wp\/v2\/posts"}],"about":[{"href":"https:\/\/www.europesays.com\/fi\/wp-json\/wp\/v2\/types\/post"}],"author":[{"embeddable":true,"href":"https:\/\/www.europesays.com\/fi\/wp-json\/wp\/v2\/users\/2"}],"replies":[{"embeddable":true,"href":"https:\/\/www.europesays.com\/fi\/wp-json\/wp\/v2\/comments?post=90224"}],"version-history":[{"count":0,"href":"https:\/\/www.europesays.com\/fi\/wp-json\/wp\/v2\/posts\/90224\/revisions"}],"wp:featuredmedia":[{"embeddable":true,"href":"https:\/\/www.europesays.com\/fi\/wp-json\/wp\/v2\/media\/90225"}],"wp:attachment":[{"href":"https:\/\/www.europesays.com\/fi\/wp-json\/wp\/v2\/media?parent=90224"}],"wp:term":[{"taxonomy":"category","embeddable":true,"href":"https:\/\/www.europesays.com\/fi\/wp-json\/wp\/v2\/categories?post=90224"},{"taxonomy":"post_tag","embeddable":true,"href":"https:\/\/www.europesays.com\/fi\/wp-json\/wp\/v2\/tags?post=90224"}],"curies":[{"name":"wp","href":"https:\/\/api.w.org\/{rel}","templated":true}]}}