{"id":90242,"date":"2025-11-14T20:11:09","date_gmt":"2025-11-14T20:11:09","guid":{"rendered":"https:\/\/www.europesays.com\/fi\/90242\/"},"modified":"2025-11-14T20:11:09","modified_gmt":"2025-11-14T20:11:09","slug":"yyterin-kylpylahotellia-haetaan-taas-konkurssiin-satakunta","status":"publish","type":"post","link":"https:\/\/www.europesays.com\/fi\/90242\/","title":{"rendered":"Yyterin kylpyl\u00e4hotellia haetaan taas konkurssiin | Satakunta"},"content":{"rendered":"<p class=\"aw-1gybjub aw-5vja16 kEtdKx kmuxyA yle__article__paragraph\">Hotellin maksuvaikeudet ovat olleet esill\u00e4 useaan otteeseen t\u00e4n\u00e4 vuonna.<\/p>\n<p><img decoding=\"async\" alt=\"Harmaa ja lasinen rakennus kohoaa taustalla, etualla hienon hiekan alle osittain peittynyt asfaltoitu kulkuv\u00e4yl\u00e4.\" src=\"https:\/\/www.europesays.com\/fi\/wp-content\/uploads\/2025\/10\/39-152362068c947ab3f55e.jpeg\" class=\"aw-1l9m598 hKVVvP\"\/><\/p>\n<p>Avaa kuvien katselu<\/p>\n<p>Kylpyl\u00e4hotellia haetaan konkurssiin jo kolmannen kerran t\u00e4n\u00e4 vuonna. Kuva: Anna-Mari Vuollet \/ Yle<\/p>\n<p>18:41\u2022P\u00e4ivitetty 18:47<\/p>\n<p class=\"aw-1gybjub aw-1p7kakr kEtdKx cEmitX yle__article__paragraph\">Leasingyhti\u00f6 Grenkeleasing hakee Yyterin kylpyl\u00e4hotellia konkurssiin. Se on j\u00e4tt\u00e4nyt hakemuksen Satakunnan k\u00e4r\u00e4j\u00e4oikeuteen t\u00e4n\u00e4\u00e4n.<\/p>\n<p class=\"aw-1gybjub aw-1p7kakr kEtdKx cEmitX yle__article__paragraph\">Asiasta kertoi ensin <a class=\"aw-iao6s4 iHOxEa yle__article__link\" href=\"https:\/\/www.kauppalehti.fi\/uutiset\/a\/509596ac-3e9f-448f-8e0f-4d735ba7cf06\" role=\"link\" rel=\"nofollow noopener\" target=\"_blank\">Kauppalehti<\/a>.<\/p>\n<p class=\"aw-1gybjub aw-1p7kakr kEtdKx cEmitX yle__article__paragraph\">Viimeksi Verohallinto haki hotellia konkurssiin <a class=\"aw-iao6s4 iHOxEa yle__article__link\" href=\"https:\/\/yle.fi\/a\/74-20188771\" role=\"link\" rel=\"nofollow noopener\" target=\"_blank\">viime kuussa<\/a> ja sit\u00e4 ennen Keskin\u00e4inen ty\u00f6el\u00e4kevakuutus Elo <a class=\"aw-iao6s4 iHOxEa yle__article__link\" href=\"https:\/\/yle.fi\/a\/74-20172100\" role=\"link\" rel=\"nofollow noopener\" target=\"_blank\">hein\u00e4kuussa<\/a>.<\/p>\n<p class=\"aw-1gybjub aw-1p7kakr kEtdKx cEmitX yle__article__paragraph\">Viime kuussa kylpyl\u00e4hotellin hallituksen puheenjohtaja <strong class=\"aw-ak79eh KyCXm yle__article__strong\">Mikko Haaslahti<\/strong> vakuutti, ett\u00e4 se ei ole menossa konkurssiin. Yhti\u00f6 maksoi silloin pois velkojaan verottajalle, mutta sill\u00e4 on useita velkojia.<\/p>\n<p class=\"aw-1gybjub aw-1p7kakr kEtdKx cEmitX yle__article__paragraph\">Kylpyl\u00e4hotelli on ollut uutisissa kuluvana vuonna maksuongelmiensa takia. Maaliskuussa se sulki yll\u00e4tt\u00e4en ovensa. Kes\u00e4ll\u00e4 siell\u00e4 piti alkaa remontti, joka ei kuitenkaan ole viel\u00e4k\u00e4\u00e4n k\u00e4ynnistynyt.<\/p>\n","protected":false},"excerpt":{"rendered":"Hotellin maksuvaikeudet ovat olleet esill\u00e4 useaan otteeseen t\u00e4n\u00e4 vuonna. Avaa kuvien katselu Kylpyl\u00e4hotellia haetaan konkurssiin jo kolmannen kerran&hellip;\n","protected":false},"author":2,"featured_media":64355,"comment_status":"","ping_status":"","sticky":false,"template":"","format":"standard","meta":{"footnotes":""},"categories":[12],"tags":[22,23,26,27,33,31,30,17,6323,71,24,25,28,29,15,18,21,2787,968,32,78,19,20,16],"class_list":{"0":"post-90242","1":"post","2":"type-post","3":"status-publish","4":"format-standard","5":"has-post-thumbnail","7":"category-suomi","8":"tag-breaking-news","9":"tag-breakingnews","10":"tag-featured-news","11":"tag-featurednews","12":"tag-fi","13":"tag-finland","14":"tag-finnish","15":"tag-headlines","16":"tag-konkurssihakemus","17":"tag-kotimaa","18":"tag-latest-news","19":"tag-latestnews","20":"tag-main-news","21":"tag-mainnews","22":"tag-news","23":"tag-otsikot","24":"tag-paauutiset","25":"tag-pori","26":"tag-satakunta","27":"tag-suomi","28":"tag-talous","29":"tag-top-stories","30":"tag-topstories","31":"tag-uutiset"},"share_on_mastodon":{"url":"https:\/\/pubeurope.com\/@fi\/115549876143881695","error":""},"_links":{"self":[{"href":"https:\/\/www.europesays.com\/fi\/wp-json\/wp\/v2\/posts\/90242","targetHints":{"allow":["GET"]}}],"collection":[{"href":"https:\/\/www.europesays.com\/fi\/wp-json\/wp\/v2\/posts"}],"about":[{"href":"https:\/\/www.europesays.com\/fi\/wp-json\/wp\/v2\/types\/post"}],"author":[{"embeddable":true,"href":"https:\/\/www.europesays.com\/fi\/wp-json\/wp\/v2\/users\/2"}],"replies":[{"embeddable":true,"href":"https:\/\/www.europesays.com\/fi\/wp-json\/wp\/v2\/comments?post=90242"}],"version-history":[{"count":0,"href":"https:\/\/www.europesays.com\/fi\/wp-json\/wp\/v2\/posts\/90242\/revisions"}],"wp:featuredmedia":[{"embeddable":true,"href":"https:\/\/www.europesays.com\/fi\/wp-json\/wp\/v2\/media\/64355"}],"wp:attachment":[{"href":"https:\/\/www.europesays.com\/fi\/wp-json\/wp\/v2\/media?parent=90242"}],"wp:term":[{"taxonomy":"category","embeddable":true,"href":"https:\/\/www.europesays.com\/fi\/wp-json\/wp\/v2\/categories?post=90242"},{"taxonomy":"post_tag","embeddable":true,"href":"https:\/\/www.europesays.com\/fi\/wp-json\/wp\/v2\/tags?post=90242"}],"curies":[{"name":"wp","href":"https:\/\/api.w.org\/{rel}","templated":true}]}}