{"id":90298,"date":"2025-11-14T21:29:08","date_gmt":"2025-11-14T21:29:08","guid":{"rendered":"https:\/\/www.europesays.com\/fi\/90298\/"},"modified":"2025-11-14T21:29:08","modified_gmt":"2025-11-14T21:29:08","slug":"hurja-tilanne-nelostiella-elina-hammastyi-ajovaloista-vaaralla-puolella-tieta","status":"publish","type":"post","link":"https:\/\/www.europesays.com\/fi\/90298\/","title":{"rendered":"Hurja tilanne Nelostiell\u00e4 \u2013 Elina h\u00e4mm\u00e4styi ajovaloista v\u00e4\u00e4r\u00e4ll\u00e4 puolella tiet\u00e4"},"content":{"rendered":"<p>Sakea lumipyry peitti n\u00e4kyvyyden l\u00e4hes t\u00e4ysin.<\/p>\n<p>Elina oli ajamassa poikayst\u00e4v\u00e4ns\u00e4 kanssa Nelostiet\u00e4, kun vastaan alkoi tulla autoja.Video: Lukijan video<\/p>\n<p class=\"article-body mb-nof-24 px-nof-16\">21-vuotias <a class=\"article-personlink\" href=\"https:\/\/www.is.fi\/haku\/?query=Elina\" rel=\"nofollow noopener\" target=\"_blank\">Elina<\/a> oli ajamassa poikayst\u00e4v\u00e4ns\u00e4 kanssa Nelostiet\u00e4 Espoosta kohti M\u00e4ntyharjua Heinolan pohjoispuolella, kun ajokeli huononi radikaalisti.<\/p>\n<p class=\"article-body mb-nof-24 px-nof-16\">Sakea lumipyry peitti n\u00e4kyvyyden l\u00e4hes t\u00e4ysin. Elina ja h\u00e4nen kumppaninsa joutuivat hidastamaan vauhdin 50 kilometriin tunnissa, vaikka moottoritiell\u00e4 saisi ajaa 100 kilometri\u00e4 tunnissa.<\/p>\n<p class=\"article-body mb-nof-24 px-nof-16\">Sitten Elina havahtui kirkkaisiin valoihin, mutta aivan v\u00e4\u00e4r\u00e4ss\u00e4 paikassa.<\/p>\n<p class=\"article-body mb-nof-24 px-nof-16\">\u2013 Ensin tuli yksi auto vastaan moottoritiell\u00e4 meid\u00e4n puolella, eli keskikaiteen v\u00e4\u00e4r\u00e4ll\u00e4 puolella. V\u00e4h\u00e4n ajan p\u00e4\u00e4st\u00e4 tuli rekka ja sen j\u00e4lkeen viel\u00e4 useampi henkil\u00f6auto, Elina sanoo.<\/p>\n<p class=\"article-body mb-nof-24 px-nof-16\">Elina kertoo, ett\u00e4 edell\u00e4 oleva auto alkoi vilkuttaa valoja vastaantuleville autoille, sill\u00e4 ne ajoivat moottoritiet\u00e4 v\u00e4\u00e4r\u00e4\u00e4n suuntaan eli Elinan auton ajokaistan viereisell\u00e4 ohituskaistalla.<\/p>\n<p class=\"article-body mb-nof-24 px-nof-16\">Elina ep\u00e4ilee, ett\u00e4 autot ajoivat harhaan Lusin suoralta tihe\u00e4n lumisateen vuoksi.<\/p>\n<p class=\"article-body mb-nof-24 px-nof-16\">\u2013 Oli niin pime\u00e4\u00e4 ja tuli niin paljon lunta, ett\u00e4 ep\u00e4ilen autojen eksyneen Lusin suoralta v\u00e4\u00e4r\u00e4lle puolelle. Ajamisessa oli paljon haasteita.<\/p>\n<p class=\"article-body mb-nof-24 px-nof-16\">Elinasta tilanne oli pelottava.<\/p>\n<p class=\"article-body mb-nof-24 px-nof-16\">\u2013 Kauhistuttihan se, kun vastaan tulevan auton valot n\u00e4kyiv\u00e4t omalla puolella tiet\u00e4, Elina sanoo.<\/p>\n<p class=\"article-body mb-nof-24 px-nof-16\">Huono ajokeli on aiheuttanut Suomessa runsaasti onnettomuuksia perjantaina.<\/p>\n<p class=\"article-body mb-nof-24 px-nof-16\">Onnettomuudet ovat johtuneet p\u00e4\u00e4asiassa huonosta ajokelist\u00e4 ja teiden liukkaudesta. Porvoossa sattui my\u00f6s yksi kuolonkolari, kun henkil\u00f6auto ja rekka ajoivat nokkakolarin.<\/p>\n","protected":false},"excerpt":{"rendered":"Sakea lumipyry peitti n\u00e4kyvyyden l\u00e4hes t\u00e4ysin. Elina oli ajamassa poikayst\u00e4v\u00e4ns\u00e4 kanssa Nelostiet\u00e4, kun vastaan alkoi tulla autoja.Video: Lukijan&hellip;\n","protected":false},"author":2,"featured_media":90299,"comment_status":"","ping_status":"","sticky":false,"template":"","format":"standard","meta":{"footnotes":""},"categories":[12],"tags":[22,23,26,27,33,31,30,17,34,24,25,28,29,15,18,21,32,19,20,16],"class_list":{"0":"post-90298","1":"post","2":"type-post","3":"status-publish","4":"format-standard","5":"has-post-thumbnail","7":"category-suomi","8":"tag-breaking-news","9":"tag-breakingnews","10":"tag-featured-news","11":"tag-featurednews","12":"tag-fi","13":"tag-finland","14":"tag-finnish","15":"tag-headlines","16":"tag-ilta-sanomat","17":"tag-latest-news","18":"tag-latestnews","19":"tag-main-news","20":"tag-mainnews","21":"tag-news","22":"tag-otsikot","23":"tag-paauutiset","24":"tag-suomi","25":"tag-top-stories","26":"tag-topstories","27":"tag-uutiset"},"share_on_mastodon":{"url":"https:\/\/pubeurope.com\/@fi\/115550182750398999","error":""},"_links":{"self":[{"href":"https:\/\/www.europesays.com\/fi\/wp-json\/wp\/v2\/posts\/90298","targetHints":{"allow":["GET"]}}],"collection":[{"href":"https:\/\/www.europesays.com\/fi\/wp-json\/wp\/v2\/posts"}],"about":[{"href":"https:\/\/www.europesays.com\/fi\/wp-json\/wp\/v2\/types\/post"}],"author":[{"embeddable":true,"href":"https:\/\/www.europesays.com\/fi\/wp-json\/wp\/v2\/users\/2"}],"replies":[{"embeddable":true,"href":"https:\/\/www.europesays.com\/fi\/wp-json\/wp\/v2\/comments?post=90298"}],"version-history":[{"count":0,"href":"https:\/\/www.europesays.com\/fi\/wp-json\/wp\/v2\/posts\/90298\/revisions"}],"wp:featuredmedia":[{"embeddable":true,"href":"https:\/\/www.europesays.com\/fi\/wp-json\/wp\/v2\/media\/90299"}],"wp:attachment":[{"href":"https:\/\/www.europesays.com\/fi\/wp-json\/wp\/v2\/media?parent=90298"}],"wp:term":[{"taxonomy":"category","embeddable":true,"href":"https:\/\/www.europesays.com\/fi\/wp-json\/wp\/v2\/categories?post=90298"},{"taxonomy":"post_tag","embeddable":true,"href":"https:\/\/www.europesays.com\/fi\/wp-json\/wp\/v2\/tags?post=90298"}],"curies":[{"name":"wp","href":"https:\/\/api.w.org\/{rel}","templated":true}]}}