{"id":90311,"date":"2025-11-14T21:54:07","date_gmt":"2025-11-14T21:54:07","guid":{"rendered":"https:\/\/www.europesays.com\/fi\/90311\/"},"modified":"2025-11-14T21:54:07","modified_gmt":"2025-11-14T21:54:07","slug":"venajan-hypettama-tekoalyrobotti-kaatui-naamalleen-ensiesiintymisessaan","status":"publish","type":"post","link":"https:\/\/www.europesays.com\/fi\/90311\/","title":{"rendered":"Ven\u00e4j\u00e4n hypett\u00e4m\u00e4 teko\u00e4lyrobotti kaatui naamalleen ensiesiintymisess\u00e4\u00e4n"},"content":{"rendered":"<p>\n\tKatariina Lankinen\t14.11.2025 22:23, muokattu<br \/>\n\t14.11.2025 15:27\n<\/p>\n<p>\t\t\t\t\t\t\t\t\tTeknologia<\/p>\n<p>Ven\u00e4j\u00e4ll\u00e4 ennakkoon hehkutettu teko\u00e4lyll\u00e4 toimiva humanoidirobotti nimelt\u00e4\u00e4n AIDOL kaatui naamalleen odotetun debyyttiesiintymisens\u00e4 aikana teknologiamessuilla Moskovassa tiistaina. Tapauksesta kertoi <a href=\"https:\/\/www.washingtonpost.com\/world\/2025\/11\/13\/ai-robot-russia-moscow-humanoid\/\" rel=\"nofollow noopener\" target=\"_blank\">Washington Post<\/a>, joka julkaisi my\u00f6s videon tilanteesta.<\/p>\n<p>Humanoidirobotti k\u00e4veli kahden ihmisen saattamana ja Rocky-elokuvan tunnusmusiikin s\u00e4est\u00e4m\u00e4n\u00e4 lavalle toimittajien eteen. Kehitt\u00e4j\u00e4t olivat mainostaneet robottia etuk\u00e4teen \u201dVen\u00e4j\u00e4n ensimm\u00e4iseksi teko\u00e4ly\u00e4 k\u00e4ytt\u00e4v\u00e4ksi antropomorfiseksi robotiksi\u201d.<\/p>\n<p>Robotin debyytti meni kuitenkin pahasti pieleen, kun se kompastui lavalla ja kaatui maahan kasvot edell\u00e4. Robottia seuranneet kaksi miest\u00e4 raahasivat robotin pois lavalta, kun muut henkil\u00f6kunnan j\u00e4senet yrittiv\u00e4t vet\u00e4\u00e4 mustan verhon lavan eteen peitt\u00e4\u00e4kseen k\u00f6mm\u00e4hdyksen.<\/p>\n<p>Robotin on luonut elokuussa rekister\u00f6ity AIDOL-niminen ven\u00e4l\u00e4isyritys, joka on ven\u00e4l\u00e4isen New Technological Coalition -liittoutuman lippulaivaprojekti. Sen toimitusjohtajan <strong>Vladimir Vitukhinin<\/strong> mukaan robotti osaa liikkua, k\u00e4sitell\u00e4 esineit\u00e4 ja kommunikoida. Se painaa 95 kiloa ja on 186 senttimetri\u00e4 pitk\u00e4.<\/p>\n<p>Yrityksen mukaan robotti osaa v\u00e4litt\u00e4\u00e4 toistakymment\u00e4 perustunnetta, kantaa jopa kymmenen kilon kuorman ja liikkua jopa kuuden kilometrin tuntinopeudella. Sen kehitt\u00e4jien mukaan robotti on rakennettu \u00a073-prosenttisesti ven\u00e4l\u00e4isist\u00e4 komponenteista.<\/p>\n<p>Moscow Times -lehdelle puhuneen Vitukhinin mukaan robottia oli testattu erilaisissa olosuhteissa ennen debyytti\u00e4 \u2013 \u201dkivill\u00e4, matolla, laminaatilla, kevytsoralla ja liukkailla lattioilla\u201d.<\/p>\n<p>H\u00e4n sanoi uskovansa, ett\u00e4 tiistain kaatuminen johtui todenn\u00e4k\u00f6isesti j\u00e4nnitteen vaihtelusta ja muista ymp\u00e4rist\u00f6tekij\u00f6ist\u00e4, kuten valaistuksesta.<\/p>\n<p>\u2013 Varmaankin kaikki s\u00e4\u00e4liv\u00e4t sit\u00e4, ja se on yksi sen teht\u00e4vist\u00e4 \u2013 her\u00e4tt\u00e4\u00e4 sympatiaa, h\u00e4n lis\u00e4si.<\/p>\n<p>New Technological Coalition -liittoutuman johtaja ja robotiikkayritys Promobotin perustaja <strong>Alexey Yuzhakov<\/strong> kertoi ven\u00e4l\u00e4iselle talouslehdelle Vedomostille, ett\u00e4 h\u00e4n toivoo houkuttelevansa jopa 50 miljoonaa dollaria investointeja sek\u00e4 ven\u00e4l\u00e4isilt\u00e4 ett\u00e4 ulkomaisilta yksityisilt\u00e4 sijoittajilta ja rahastoilta robotin tulevaa kehityst\u00e4 varten.<\/p>\n","protected":false},"excerpt":{"rendered":"Katariina Lankinen 14.11.2025 22:23, muokattu 14.11.2025 15:27 Teknologia Ven\u00e4j\u00e4ll\u00e4 ennakkoon hehkutettu teko\u00e4lyll\u00e4 toimiva humanoidirobotti nimelt\u00e4\u00e4n AIDOL kaatui naamalleen&hellip;\n","protected":false},"author":2,"featured_media":90312,"comment_status":"","ping_status":"","sticky":false,"template":"","format":"standard","meta":{"footnotes":""},"categories":[14],"tags":[22,23,26,27,33,31,30,17,24,25,28,29,15,18,21,32,19,20,56,16,59,60,61],"class_list":{"0":"post-90311","1":"post","2":"type-post","3":"status-publish","4":"format-standard","5":"has-post-thumbnail","7":"category-ulkomaat","8":"tag-breaking-news","9":"tag-breakingnews","10":"tag-featured-news","11":"tag-featurednews","12":"tag-fi","13":"tag-finland","14":"tag-finnish","15":"tag-headlines","16":"tag-latest-news","17":"tag-latestnews","18":"tag-main-news","19":"tag-mainnews","20":"tag-news","21":"tag-otsikot","22":"tag-paauutiset","23":"tag-suomi","24":"tag-top-stories","25":"tag-topstories","26":"tag-ulkomaat","27":"tag-uutiset","28":"tag-world","29":"tag-world-news","30":"tag-worldnews"},"share_on_mastodon":{"url":"https:\/\/pubeurope.com\/@fi\/115550281061415155","error":""},"_links":{"self":[{"href":"https:\/\/www.europesays.com\/fi\/wp-json\/wp\/v2\/posts\/90311","targetHints":{"allow":["GET"]}}],"collection":[{"href":"https:\/\/www.europesays.com\/fi\/wp-json\/wp\/v2\/posts"}],"about":[{"href":"https:\/\/www.europesays.com\/fi\/wp-json\/wp\/v2\/types\/post"}],"author":[{"embeddable":true,"href":"https:\/\/www.europesays.com\/fi\/wp-json\/wp\/v2\/users\/2"}],"replies":[{"embeddable":true,"href":"https:\/\/www.europesays.com\/fi\/wp-json\/wp\/v2\/comments?post=90311"}],"version-history":[{"count":0,"href":"https:\/\/www.europesays.com\/fi\/wp-json\/wp\/v2\/posts\/90311\/revisions"}],"wp:featuredmedia":[{"embeddable":true,"href":"https:\/\/www.europesays.com\/fi\/wp-json\/wp\/v2\/media\/90312"}],"wp:attachment":[{"href":"https:\/\/www.europesays.com\/fi\/wp-json\/wp\/v2\/media?parent=90311"}],"wp:term":[{"taxonomy":"category","embeddable":true,"href":"https:\/\/www.europesays.com\/fi\/wp-json\/wp\/v2\/categories?post=90311"},{"taxonomy":"post_tag","embeddable":true,"href":"https:\/\/www.europesays.com\/fi\/wp-json\/wp\/v2\/tags?post=90311"}],"curies":[{"name":"wp","href":"https:\/\/api.w.org\/{rel}","templated":true}]}}