{"id":90330,"date":"2025-11-14T22:34:09","date_gmt":"2025-11-14T22:34:09","guid":{"rendered":"https:\/\/www.europesays.com\/fi\/90330\/"},"modified":"2025-11-14T22:34:09","modified_gmt":"2025-11-14T22:34:09","slug":"nicolas-cage-paljasti-parhaan-nayttelijan-jonka-kanssa-on-naytellyt-jopa-meryl-street-jai-toiseksi","status":"publish","type":"post","link":"https:\/\/www.europesays.com\/fi\/90330\/","title":{"rendered":"Nicolas Cage paljasti parhaan n\u00e4yttelij\u00e4n, jonka kanssa on n\u00e4ytellyt &#8211; jopa Meryl Street j\u00e4i toiseksi"},"content":{"rendered":"<p>Nicolas Cagen t\u00e4hditt\u00e4m\u00e4 kauhuelokuva The Carpenter\u2019s Son saa ensi-iltansa USA:ssa t\u00e4n\u00e4\u00e4n.<\/p>\n<p>\u201dUskon ett\u00e4 h\u00e4n tulee olemaan yksi elokuva-alan valovoimaisimmista t\u00e4hdist\u00e4\u201d, kehui <a href=\"https:\/\/muropaketti.com\/avainsana\/nicolas-cage\/\" rel=\"nofollow noopener\" target=\"_blank\">Nicolas Cage<\/a> <a href=\"https:\/\/ew.com\/nicolas-cage-says-he-hasnt-worked-with-a-better-actor-than-isla-johnston-11847230\" target=\"_blank\" rel=\"noreferrer noopener nofollow\">Entertainment Weekly<\/a> nuoresta Jeesuksesta kertovan The Carpenter\u2019s Sonin vasta 18-vuotiasta t\u00e4hte\u00e4, Isla Johnstonia.<\/p>\n<p>Eik\u00e4 suitsutus suinkaan viel\u00e4 siihen j\u00e4\u00e4nyt.<\/p>\n<p>\u201dEn keksi parempaa n\u00e4yttelij\u00e4\u00e4, jonka kanssa olen n\u00e4ytellyt, ja nyt lasken Meryl Streepin mukaan\u201d, Cage lis\u00e4si.<\/p>\n<p>Isla Johnston on tunnettu Netflixin hittisarjasta The Queen\u2019s Gambitista sek\u00e4 Applen tieteistrilleri Invasionista. Lotfy Nathanin ohjaamassa The Carpenter\u2019s Sonissa h\u00e4n esitt\u00e4\u00e4 \u201dmuukalaista\u201d, toisin sanoen Saatanaa.<\/p>\n<p>Cagen ja Johnstonin lis\u00e4ksi The Carpenter\u2019s Sonia t\u00e4hditt\u00e4v\u00e4t FKA Twigs ja Noah Jupe.<\/p>\n<p>Sangen <a href=\"https:\/\/muropaketti.com\/elokuvat\/elokuvauutiset\/jeesuksesta-tehtiin-kauhuelokuva-arvioissa-sita-ei-todellakaan-ole-kehuttu-taivaisiin-asti\/\" rel=\"nofollow noopener\" target=\"_blank\">kolean vastaanoton saanut<\/a> elokuva tuskin p\u00e4\u00e4see teattereihin Suomessa, mutta vod-palveluihin sit\u00e4 voinee aika turvallisesti odottaa vuoden 2026 alkupuolella.<\/p>\n","protected":false},"excerpt":{"rendered":"Nicolas Cagen t\u00e4hditt\u00e4m\u00e4 kauhuelokuva The Carpenter\u2019s Son saa ensi-iltansa USA:ssa t\u00e4n\u00e4\u00e4n. \u201dUskon ett\u00e4 h\u00e4n tulee olemaan yksi elokuva-alan&hellip;\n","protected":false},"author":2,"featured_media":90331,"comment_status":"","ping_status":"","sticky":false,"template":"","format":"standard","meta":{"footnotes":""},"categories":[136],"tags":[407,137,33,31,30,408,3285,32,109],"class_list":{"0":"post-90330","1":"post","2":"type-post","3":"status-publish","4":"format-standard","5":"has-post-thumbnail","7":"category-julkkikset","8":"tag-celebrities","9":"tag-entertainment","10":"tag-fi","11":"tag-finland","12":"tag-finnish","13":"tag-julkkikset","14":"tag-nicolas-cage","15":"tag-suomi","16":"tag-viihde"},"share_on_mastodon":{"url":"https:\/\/pubeurope.com\/@fi\/115550438214956501","error":""},"_links":{"self":[{"href":"https:\/\/www.europesays.com\/fi\/wp-json\/wp\/v2\/posts\/90330","targetHints":{"allow":["GET"]}}],"collection":[{"href":"https:\/\/www.europesays.com\/fi\/wp-json\/wp\/v2\/posts"}],"about":[{"href":"https:\/\/www.europesays.com\/fi\/wp-json\/wp\/v2\/types\/post"}],"author":[{"embeddable":true,"href":"https:\/\/www.europesays.com\/fi\/wp-json\/wp\/v2\/users\/2"}],"replies":[{"embeddable":true,"href":"https:\/\/www.europesays.com\/fi\/wp-json\/wp\/v2\/comments?post=90330"}],"version-history":[{"count":0,"href":"https:\/\/www.europesays.com\/fi\/wp-json\/wp\/v2\/posts\/90330\/revisions"}],"wp:featuredmedia":[{"embeddable":true,"href":"https:\/\/www.europesays.com\/fi\/wp-json\/wp\/v2\/media\/90331"}],"wp:attachment":[{"href":"https:\/\/www.europesays.com\/fi\/wp-json\/wp\/v2\/media?parent=90330"}],"wp:term":[{"taxonomy":"category","embeddable":true,"href":"https:\/\/www.europesays.com\/fi\/wp-json\/wp\/v2\/categories?post=90330"},{"taxonomy":"post_tag","embeddable":true,"href":"https:\/\/www.europesays.com\/fi\/wp-json\/wp\/v2\/tags?post=90330"}],"curies":[{"name":"wp","href":"https:\/\/api.w.org\/{rel}","templated":true}]}}