{"id":90542,"date":"2025-11-15T06:26:08","date_gmt":"2025-11-15T06:26:08","guid":{"rendered":"https:\/\/www.europesays.com\/fi\/90542\/"},"modified":"2025-11-15T06:26:08","modified_gmt":"2025-11-15T06:26:08","slug":"mikael-gabriel-julkaisi-uutta-musiikkia-yhdessa-uuden-tulokkaan-kanssa-taa-on-rakkausbiisi","status":"publish","type":"post","link":"https:\/\/www.europesays.com\/fi\/90542\/","title":{"rendered":"Mikael Gabriel julkaisi uutta musiikkia yhdess\u00e4 uuden tulokkaan kanssa: &#8221;T\u00e4\u00e4 on rakkausbiisi&#8221;"},"content":{"rendered":"<p><strong>Mikael Gabriel <\/strong>on julkaissut uuden singlens\u00e4 Sotilas, jolla vierailee tulokasartisti <strong>Senni<\/strong>. Kappale on tunteikas balladi kaukosuhteen haasteista ja siit\u00e4, miten toinen ihminen voi tukea toista vaikeina aikoina. \u201cBiisi kertoo oman parisuhteeni tarinan ja siit\u00e4, miten paljon toinen on kantanut toista ja kuinka paljon on oppinut siksi rakastamaan\u201d, Mikael Gabriel sanoo.<\/p>\n<p>Laulujen teksti sai alkunsa koiralenkill\u00e4, kun artistille tuli mieleen kertos\u00e4keen alku. \u201cYht\u00e4kki\u00e4 kertsin alku iski p\u00e4\u00e4h\u00e4n: \u2018raivaan polkuu luokses, vaik se koituis kuolemaks\u2019. Kirjotin sen heti puhelimeen.\u201d<\/p>\n<p>Seuraavana p\u00e4iv\u00e4n\u00e4 studiossa Mikael Gabriel ty\u00f6skenteli Sennin ja tuottaja <strong>Mikko Koivusen<\/strong> kanssa. Pianomelodia ja Sennin laulama kertos\u00e4e l\u00f6ysiv\u00e4t nopeasti muotonsa. Gabrielin mukaan Sennin tulkinta teki v\u00e4litt\u00f6m\u00e4sti vaikutuksen ja toi kappaleeseen samaa tunnetta kuin h\u00e4nen aiemmat duettokappaleensa.<\/p>\n<p>Lue my\u00f6s: <a href=\"https:\/\/www.voice.fi\/viihde\/nokian-hulppein-kattohuoneisto-vapaana-herra-ylpon-koti-myynnissa\" title=\"\u201dNokian hulppein kattohuoneisto vapaana\u201d \u2013 Herra Ylp\u00f6n koti myynniss\u00e4\" class=\"underline-custom !font-montserrat !font-bold !underline-offset-4 !decoration-4 !decoration-tilt-light !text-md\" rel=\"nofollow noopener\" target=\"_blank\">\u201dNokian hulppein kattohuoneisto vapaana\u201d \u2013 Herra Ylp\u00f6n koti myynniss\u00e4<\/a><\/p>\n<p>Lue my\u00f6s: <a href=\"https:\/\/www.voice.fi\/musiikki\/paula-vesalalta-suuri-uutinen\" title=\"Paula Vesalalta suuri uutinen\" class=\"underline-custom !font-montserrat !font-bold !underline-offset-4 !decoration-4 !decoration-tilt-light !text-md\" rel=\"nofollow noopener\" target=\"_blank\">Paula Vesalalta suuri uutinen<\/a><\/p>\n<p>Sotilas jatkaa artistin linjaa rakkausteemojen parissa. \u201cT\u00e4\u00e4 on rakkausbiisi, ja joku sanoi jo, ett\u00e4 t\u00e4\u00e4 on rakkausbiisien graalin malja\u201d, h\u00e4n toteaa.<\/p>\n<p>Vuosi 2025 on Mikael Gabrielille juhlan aikaa: 15-vuotisuran merkkipaalua on juhlittu muun muassa loppuunmyydyll\u00e4 keikalla Apollossa, ja artisti suunnittelee jatkavansa juhlintaa my\u00f6s ensi vuonna.<\/p>\n<p>Kuuntele uutuusbiisi alta.<\/p>\n","protected":false},"excerpt":{"rendered":"Mikael Gabriel on julkaissut uuden singlens\u00e4 Sotilas, jolla vierailee tulokasartisti Senni. Kappale on tunteikas balladi kaukosuhteen haasteista ja&hellip;\n","protected":false},"author":2,"featured_media":90543,"comment_status":"","ping_status":"","sticky":false,"template":"","format":"standard","meta":{"footnotes":""},"categories":[132],"tags":[137,33,31,30,15167,195,47,18130,32,109],"class_list":{"0":"post-90542","1":"post","2":"type-post","3":"status-publish","4":"format-standard","5":"has-post-thumbnail","7":"category-musiikki","8":"tag-entertainment","9":"tag-fi","10":"tag-finland","11":"tag-finnish","12":"tag-mikael-gabriel","13":"tag-music","14":"tag-musiikki","15":"tag-senni","16":"tag-suomi","17":"tag-viihde"},"share_on_mastodon":{"url":"https:\/\/pubeurope.com\/@fi\/115552294216336625","error":""},"_links":{"self":[{"href":"https:\/\/www.europesays.com\/fi\/wp-json\/wp\/v2\/posts\/90542","targetHints":{"allow":["GET"]}}],"collection":[{"href":"https:\/\/www.europesays.com\/fi\/wp-json\/wp\/v2\/posts"}],"about":[{"href":"https:\/\/www.europesays.com\/fi\/wp-json\/wp\/v2\/types\/post"}],"author":[{"embeddable":true,"href":"https:\/\/www.europesays.com\/fi\/wp-json\/wp\/v2\/users\/2"}],"replies":[{"embeddable":true,"href":"https:\/\/www.europesays.com\/fi\/wp-json\/wp\/v2\/comments?post=90542"}],"version-history":[{"count":0,"href":"https:\/\/www.europesays.com\/fi\/wp-json\/wp\/v2\/posts\/90542\/revisions"}],"wp:featuredmedia":[{"embeddable":true,"href":"https:\/\/www.europesays.com\/fi\/wp-json\/wp\/v2\/media\/90543"}],"wp:attachment":[{"href":"https:\/\/www.europesays.com\/fi\/wp-json\/wp\/v2\/media?parent=90542"}],"wp:term":[{"taxonomy":"category","embeddable":true,"href":"https:\/\/www.europesays.com\/fi\/wp-json\/wp\/v2\/categories?post=90542"},{"taxonomy":"post_tag","embeddable":true,"href":"https:\/\/www.europesays.com\/fi\/wp-json\/wp\/v2\/tags?post=90542"}],"curies":[{"name":"wp","href":"https:\/\/api.w.org\/{rel}","templated":true}]}}