{"id":90570,"date":"2025-11-15T07:01:08","date_gmt":"2025-11-15T07:01:08","guid":{"rendered":"https:\/\/www.europesays.com\/fi\/90570\/"},"modified":"2025-11-15T07:01:08","modified_gmt":"2025-11-15T07:01:08","slug":"autoilija-tormasi-pyorailijaan-kuopiossa-poliisi-pyytaa-pyorailijaa-ilmoittautumaan-savo","status":"publish","type":"post","link":"https:\/\/www.europesays.com\/fi\/90570\/","title":{"rendered":"Autoilija t\u00f6rm\u00e4si py\u00f6r\u00e4ilij\u00e4\u00e4n Kuopiossa \u2013\u2009poliisi pyyt\u00e4\u00e4 py\u00f6r\u00e4ilij\u00e4\u00e4 ilmoittautumaan | Savo"},"content":{"rendered":"<p>Kuopiossa Tulliportinkadun ja Puistokadun risteyksess\u00e4 tapahtui auton ja polkupy\u00f6r\u00e4n v\u00e4linen kolari perjantaina noin kello 15.00\u201315.30, It\u00e4-Suomen poliisi tiedottaa.<\/p>\n<p>Sivullisen mukaan Tulliportinkadulta Puistokadulle k\u00e4\u00e4ntynyt autoilija oli t\u00f6rm\u00e4nnyt Puistokatua ylitt\u00e4neeseen py\u00f6r\u00e4ilij\u00e4\u00e4n. Poliisi sai silminn\u00e4kij\u00e4n antamien tietojen perusteella selville autoa kuljettaneen henkil\u00f6n henkil\u00f6llisyyden ja tapahtumien kulun. Poliisin mukaan sek\u00e4 todistaja, ett\u00e4 t\u00e4ss\u00e4 tapauksessa rikoksesta ep\u00e4ilty auton kuljettaja kertoi tapahtumien kulun yhtenev\u00e4isesti.<\/p>\n<p>T\u00f6rm\u00e4yst\u00e4 tutkitaan liikenneturvallisuuden vaarantamisena.<\/p>\n<p>Poliisin mukaan polkupy\u00f6r\u00e4 oli ilmeisesti mennyt t\u00f6rm\u00e4yksess\u00e4 k\u00e4ytt\u00f6kelvottomaksi. Py\u00f6r\u00e4ilij\u00e4n saamista mahdollisista vammoista ei ole tietoa.<\/p>\n<p>Poliisi pyyt\u00e4\u00e4 py\u00f6r\u00e4ilij\u00e4\u00e4 ilmoittautumaan poliisille, jotta asian tutkinta voitaisiin suorittaa h\u00e4nen osaltaan.<\/p>\n","protected":false},"excerpt":{"rendered":"Kuopiossa Tulliportinkadun ja Puistokadun risteyksess\u00e4 tapahtui auton ja polkupy\u00f6r\u00e4n v\u00e4linen kolari perjantaina noin kello 15.00\u201315.30, It\u00e4-Suomen poliisi tiedottaa.&hellip;\n","protected":false},"author":2,"featured_media":7184,"comment_status":"","ping_status":"","sticky":false,"template":"","format":"standard","meta":{"footnotes":""},"categories":[12],"tags":[22,23,26,27,33,31,30,17,55,24,25,41,28,29,15,18,21,122,54,52,32,128,19,20,546,16],"class_list":{"0":"post-90570","1":"post","2":"type-post","3":"status-publish","4":"format-standard","5":"has-post-thumbnail","7":"category-suomi","8":"tag-breaking-news","9":"tag-breakingnews","10":"tag-featured-news","11":"tag-featurednews","12":"tag-fi","13":"tag-finland","14":"tag-finnish","15":"tag-headlines","16":"tag-lainvalvonta","17":"tag-latest-news","18":"tag-latestnews","19":"tag-liikunta-ja-urheilu","20":"tag-main-news","21":"tag-mainnews","22":"tag-news","23":"tag-otsikot","24":"tag-paauutiset","25":"tag-pelastaminen","26":"tag-pelastuspalvelut","27":"tag-poliisi","28":"tag-suomi","29":"tag-tieliikenne","30":"tag-top-stories","31":"tag-topstories","32":"tag-turvallisuus","33":"tag-uutiset"},"share_on_mastodon":{"url":"https:\/\/pubeurope.com\/@fi\/115552431950163046","error":""},"_links":{"self":[{"href":"https:\/\/www.europesays.com\/fi\/wp-json\/wp\/v2\/posts\/90570","targetHints":{"allow":["GET"]}}],"collection":[{"href":"https:\/\/www.europesays.com\/fi\/wp-json\/wp\/v2\/posts"}],"about":[{"href":"https:\/\/www.europesays.com\/fi\/wp-json\/wp\/v2\/types\/post"}],"author":[{"embeddable":true,"href":"https:\/\/www.europesays.com\/fi\/wp-json\/wp\/v2\/users\/2"}],"replies":[{"embeddable":true,"href":"https:\/\/www.europesays.com\/fi\/wp-json\/wp\/v2\/comments?post=90570"}],"version-history":[{"count":0,"href":"https:\/\/www.europesays.com\/fi\/wp-json\/wp\/v2\/posts\/90570\/revisions"}],"wp:featuredmedia":[{"embeddable":true,"href":"https:\/\/www.europesays.com\/fi\/wp-json\/wp\/v2\/media\/7184"}],"wp:attachment":[{"href":"https:\/\/www.europesays.com\/fi\/wp-json\/wp\/v2\/media?parent=90570"}],"wp:term":[{"taxonomy":"category","embeddable":true,"href":"https:\/\/www.europesays.com\/fi\/wp-json\/wp\/v2\/categories?post=90570"},{"taxonomy":"post_tag","embeddable":true,"href":"https:\/\/www.europesays.com\/fi\/wp-json\/wp\/v2\/tags?post=90570"}],"curies":[{"name":"wp","href":"https:\/\/api.w.org\/{rel}","templated":true}]}}