{"id":90588,"date":"2025-11-15T07:29:08","date_gmt":"2025-11-15T07:29:08","guid":{"rendered":"https:\/\/www.europesays.com\/fi\/90588\/"},"modified":"2025-11-15T07:29:08","modified_gmt":"2025-11-15T07:29:08","slug":"karhun-valtakunta-dokumentti-rakentaa-huikean-kuvan-suomen-luonnosta","status":"publish","type":"post","link":"https:\/\/www.europesays.com\/fi\/90588\/","title":{"rendered":"Karhun valtakunta -dokumentti rakentaa huikean kuvan Suomen luonnosta"},"content":{"rendered":"<p>\n  N\u00e4yttelij\u00e4 Heikki M\u00e4\u00e4tt\u00e4sen samettinen ja vivahteikas \u00e4\u00e4ni puhaltaa Karhun valtakunta -dokumenttiin hengen.<\/p>\n<p>\n            Teksti:          <\/p>\n<p>\n            Henri Waltter Rehnstr\u00f6m          <\/p>\n<p><strong>Heikki M\u00e4\u00e4tt\u00e4nen<\/strong> (1949\u20132002) oli suomalainen n\u00e4yttelij\u00e4, joka tunnettiin erityisesti \u00e4\u00e4rimm\u00e4isen miellytt\u00e4v\u00e4st\u00e4, samettisesta \u00e4\u00e4nest\u00e4\u00e4n. Sit\u00e4 jaksoi kuunnella, vaikka mies olisi lukenut pelkk\u00e4\u00e4 puhelinluetteloa. M\u00e4\u00e4tt\u00e4nen teki p\u00e4iv\u00e4ty\u00f6ns\u00e4 Radioteatterissa, mutta esiintyi my\u00f6s paljon televisiossa, muun muassa Iltalypsyn uutisankkuri Mika Wirtana. <\/p>\n<p>M\u00e4\u00e4tt\u00e4nen toimii kertojana my\u00f6s nyt uusintana esitett\u00e4v\u00e4ss\u00e4 luontodokumentissa. Karhun valtakunta (1997) on <strong>Pekka Mandartin<\/strong> yhdess\u00e4 <strong>Kari Kemppaisen<\/strong> kanssa ohjaama elokuva, jossa seurataan muutaman mesik\u00e4mmenen vaellusta pohjoisen metsiss\u00e4 noin vuoden ajan. Meille esitt\u00e4ytyv\u00e4t muun muassa Lerppa, Vilma, Otso ja it\u00e4rajan takaa naarasjahtiin tullut Shemeikka. Sivuosissa vilahtaa niin ahmoja, peuroja kuin korppejakin. <\/p>\n<p>Karhun valtakunta rakentaa huikean kuvan suomalaisesta luonnosta, sen kauneudesta ja lukuisista yksityiskohdista. M\u00e4\u00e4tt\u00e4sen kertojan\u00e4\u00e4ni monine vivahteineen ja painotuksineen puhaltaa dokumenttiin hengen. T\u00e4m\u00e4h\u00e4n on parempaa kuin Avara luonto!\u00a0<\/p>\n<p>Karhun valtakunta, lauantai 15.11. klo 16.00, <a href=\"https:\/\/areena.yle.fi\/1-444655\" target=\"_blank\" rel=\"noreferrer noopener nofollow\">TV2<\/a><\/p>\n<p><a href=\"https:\/\/seura.fi\/tv\/avara-luonto-amerikan-mustakarhu-dokumentti\/\" rel=\"nofollow noopener\" target=\"_blank\">Lue my\u00f6s: Avara luonto: Amerikan mustakarhu -dokumentti perehtyy karhujen el\u00e4m\u00e4nmenoon<\/a><\/p>\n","protected":false},"excerpt":{"rendered":"N\u00e4yttelij\u00e4 Heikki M\u00e4\u00e4tt\u00e4sen samettinen ja vivahteikas \u00e4\u00e4ni puhaltaa Karhun valtakunta -dokumenttiin hengen. Teksti: Henri Waltter Rehnstr\u00f6m Heikki M\u00e4\u00e4tt\u00e4nen&hellip;\n","protected":false},"author":2,"featured_media":90589,"comment_status":"","ping_status":"","sticky":false,"template":"","format":"standard","meta":{"footnotes":""},"categories":[117],"tags":[819,33,31,30,18137,882,72,476,118,32,119,477],"class_list":{"0":"post-90588","1":"post","2":"type-post","3":"status-publish","4":"format-standard","5":"has-post-thumbnail","7":"category-luonto","8":"tag-dokumentti","9":"tag-fi","10":"tag-finland","11":"tag-finnish","12":"tag-heikki-maattanen","13":"tag-karhu","14":"tag-luonto","15":"tag-nature","16":"tag-science","17":"tag-suomi","18":"tag-tiede","19":"tag-wildlife"},"share_on_mastodon":{"url":"https:\/\/pubeurope.com\/@fi\/115552541946386916","error":""},"_links":{"self":[{"href":"https:\/\/www.europesays.com\/fi\/wp-json\/wp\/v2\/posts\/90588","targetHints":{"allow":["GET"]}}],"collection":[{"href":"https:\/\/www.europesays.com\/fi\/wp-json\/wp\/v2\/posts"}],"about":[{"href":"https:\/\/www.europesays.com\/fi\/wp-json\/wp\/v2\/types\/post"}],"author":[{"embeddable":true,"href":"https:\/\/www.europesays.com\/fi\/wp-json\/wp\/v2\/users\/2"}],"replies":[{"embeddable":true,"href":"https:\/\/www.europesays.com\/fi\/wp-json\/wp\/v2\/comments?post=90588"}],"version-history":[{"count":0,"href":"https:\/\/www.europesays.com\/fi\/wp-json\/wp\/v2\/posts\/90588\/revisions"}],"wp:featuredmedia":[{"embeddable":true,"href":"https:\/\/www.europesays.com\/fi\/wp-json\/wp\/v2\/media\/90589"}],"wp:attachment":[{"href":"https:\/\/www.europesays.com\/fi\/wp-json\/wp\/v2\/media?parent=90588"}],"wp:term":[{"taxonomy":"category","embeddable":true,"href":"https:\/\/www.europesays.com\/fi\/wp-json\/wp\/v2\/categories?post=90588"},{"taxonomy":"post_tag","embeddable":true,"href":"https:\/\/www.europesays.com\/fi\/wp-json\/wp\/v2\/tags?post=90588"}],"curies":[{"name":"wp","href":"https:\/\/api.w.org\/{rel}","templated":true}]}}