{"id":90687,"date":"2025-11-15T09:58:16","date_gmt":"2025-11-15T09:58:16","guid":{"rendered":"https:\/\/www.europesays.com\/fi\/90687\/"},"modified":"2025-11-15T09:58:16","modified_gmt":"2025-11-15T09:58:16","slug":"limp-bizkitin-konsertti-tallinnassa-perutaan-taustalla-fred-durstin-taannoiset-venajaan-liittyvat-ulostulot","status":"publish","type":"post","link":"https:\/\/www.europesays.com\/fi\/90687\/","title":{"rendered":"Limp Bizkitin konsertti Tallinnassa perutaan &#8211; taustalla Fred Durstin taannoiset Ven\u00e4j\u00e4\u00e4n liittyv\u00e4t ulostulot"},"content":{"rendered":"<p><a href=\"https:\/\/kaaoszine.fi\/nu-metal-legenda-limp-bizkit-tallinnan-unibet-arenan-tapahtumakentalle-toukokuussa\/\" rel=\"nofollow noopener\" target=\"_blank\">Uutisoimme <\/a>hetki sitten, ett\u00e4 <strong>Limp Bizkit <\/strong>esiintyisi Viron Tallinnassa 31. toukokuuta 2026. Konsertin lipunmyynnin oli m\u00e4\u00e4r\u00e4 k\u00e4ynnisty\u00e4 t\u00e4n\u00e4\u00e4n perjantaina. <\/p>\n<p>Tapahtumaj\u00e4rjest\u00e4j\u00e4 Baltic Live Agency ilmoitti kuitenkin nyt, ett\u00e4 konsertti on peruttu \u201dj\u00e4rjest\u00e4j\u00e4st\u00e4 riippumattomista syist\u00e4\u201d. Tiketin sivuilla tapahtuma n\u00e4kyy peruutettuna, ja Ticketmasterin verkkosivuilta tapahtuma on poistettu kokonaan.<\/p>\n<p><a href=\"https:\/\/www.lansivayla.fi\/incoming\/8987518\" rel=\"nofollow noopener\" target=\"_blank\">L\u00e4nsiv\u00e4yl\u00e4 <\/a>kertoi alkuviikolla, ett\u00e4 konserttisuunnitelmat olivat her\u00e4tt\u00e4neet runsaasti arvostelua, joka ulottui Viron kulttuuriministeri\u00f6\u00f6n asti. Kritiikin taustalla olivat yhtyeen laulajan Fred Durstin vuonna 2014 esitt\u00e4m\u00e4t kommentit, joissa h\u00e4n kuvaili Ven\u00e4j\u00e4n presidentti Vladimir Putinia \u201dselkeiden moraalisten periaatteiden mieheksi\u201d ja kertoi haluavansa asua Krimill\u00e4. Durst esiintyi tuolloin my\u00f6s lavalla lipun kanssa, jossa luki \u201dKrimi = Ven\u00e4j\u00e4\u201d.<\/p>\n<p>Artikkeli jatkuu mainoksen j\u00e4lkeen<br \/>\nMainos p\u00e4\u00e4ttyy<\/p>\n<p>Viron ulkoministeri\u00f6 paheksui yhtyeen kutsumista maahan, ja kulttuuriministeri\u00f6 puolestaan totesi Viron yleisradiolle, ettei pid\u00e4 sopivana, ett\u00e4 maahan tuodaan esiintyji\u00e4, jotka tukevat valtiota, jonka presidentti\u00e4 vastaan on annettu kansainv\u00e4linen pid\u00e4tysm\u00e4\u00e4r\u00e4ys. Durst ei ole kuitenkaan hetkeen esitt\u00e4nyt poliittisia lausuntoja eik\u00e4 ole tukenut Ven\u00e4j\u00e4\u00e4 \u2013 ainakaan julkisesti. <\/p>\n<p>Voit lukea Baltic Live Agencyn tiedotteen alhaalta. Alas on my\u00f6s linkitetty Alex Hollingsin X-ketju, jossa on dokumentoitu Durstin Ven\u00e4j\u00e4\u00e4n ja Ukrainaan liittyvi\u00e4 kommentteja ja ulostuloja. <\/p>\n<blockquote class=\"twitter-tweet\">\n<p lang=\"en\" dir=\"ltr\">Here\u2019s good ol\u2019 Fred Durst holding up a sign that translates to, \u201cCrimea = Russia\u201d with \u201cwelcome\u201d written down the side shortly after the Russian annexation of Crimea in 2014. <a href=\"https:\/\/t.co\/crJqQUlJTh\" rel=\"nofollow\">https:\/\/t.co\/crJqQUlJTh<\/a> <a href=\"https:\/\/t.co\/XBTmaaVdGQ\" rel=\"nofollow\">pic.twitter.com\/XBTmaaVdGQ<\/a><\/p>\n<p>Artikkeli jatkuu mainoksen j\u00e4lkeenMainos p\u00e4\u00e4ttyy<br \/>\n\u2014 Alex Hollings (@AlexHollings52) <a href=\"https:\/\/twitter.com\/AlexHollings52\/status\/1763243826146165112?ref_src=twsrc%5Etfw\" rel=\"nofollow noopener\" target=\"_blank\">February 29, 2024<\/a><\/p><\/blockquote>\n<p><a class=\"gofollow\" data-track=\"Mjc1Myw0OCwxLDYw\" href=\"https:\/\/zrock.fi\/\" rel=\"nofollow noopener\" target=\"_blank\"><img decoding=\"async\" src=\"https:\/\/www.europesays.com\/fi\/wp-content\/uploads\/2025\/11\/kaaoszine-980x400px-5990e.png\"\/><\/a>        <script async src=\"https:\/\/platform.twitter.com\/widgets.js\" charset=\"utf-8\"><\/script><\/p>\n","protected":false},"excerpt":{"rendered":"Uutisoimme hetki sitten, ett\u00e4 Limp Bizkit esiintyisi Viron Tallinnassa 31. toukokuuta 2026. Konsertin lipunmyynnin oli m\u00e4\u00e4r\u00e4 k\u00e4ynnisty\u00e4 t\u00e4n\u00e4\u00e4n&hellip;\n","protected":false},"author":2,"featured_media":90688,"comment_status":"","ping_status":"","sticky":false,"template":"","format":"standard","meta":{"footnotes":""},"categories":[130],"tags":[137,33,31,30,17731,32,109],"class_list":{"0":"post-90687","1":"post","2":"type-post","3":"status-publish","4":"format-standard","5":"has-post-thumbnail","7":"category-viihde","8":"tag-entertainment","9":"tag-fi","10":"tag-finland","11":"tag-finnish","12":"tag-limp-bizkit","13":"tag-suomi","14":"tag-viihde"},"share_on_mastodon":{"url":"https:\/\/pubeurope.com\/@fi\/115553127945982761","error":""},"_links":{"self":[{"href":"https:\/\/www.europesays.com\/fi\/wp-json\/wp\/v2\/posts\/90687","targetHints":{"allow":["GET"]}}],"collection":[{"href":"https:\/\/www.europesays.com\/fi\/wp-json\/wp\/v2\/posts"}],"about":[{"href":"https:\/\/www.europesays.com\/fi\/wp-json\/wp\/v2\/types\/post"}],"author":[{"embeddable":true,"href":"https:\/\/www.europesays.com\/fi\/wp-json\/wp\/v2\/users\/2"}],"replies":[{"embeddable":true,"href":"https:\/\/www.europesays.com\/fi\/wp-json\/wp\/v2\/comments?post=90687"}],"version-history":[{"count":0,"href":"https:\/\/www.europesays.com\/fi\/wp-json\/wp\/v2\/posts\/90687\/revisions"}],"wp:featuredmedia":[{"embeddable":true,"href":"https:\/\/www.europesays.com\/fi\/wp-json\/wp\/v2\/media\/90688"}],"wp:attachment":[{"href":"https:\/\/www.europesays.com\/fi\/wp-json\/wp\/v2\/media?parent=90687"}],"wp:term":[{"taxonomy":"category","embeddable":true,"href":"https:\/\/www.europesays.com\/fi\/wp-json\/wp\/v2\/categories?post=90687"},{"taxonomy":"post_tag","embeddable":true,"href":"https:\/\/www.europesays.com\/fi\/wp-json\/wp\/v2\/tags?post=90687"}],"curies":[{"name":"wp","href":"https:\/\/api.w.org\/{rel}","templated":true}]}}