{"id":90721,"date":"2025-11-15T10:55:09","date_gmt":"2025-11-15T10:55:09","guid":{"rendered":"https:\/\/www.europesays.com\/fi\/90721\/"},"modified":"2025-11-15T10:55:09","modified_gmt":"2025-11-15T10:55:09","slug":"vasemmistonuoret-kohun-keskella-minja-koskelalta-ei-ykkosaamussa-kysytty-asiasta-mitaan","status":"publish","type":"post","link":"https:\/\/www.europesays.com\/fi\/90721\/","title":{"rendered":"Vasemmistonuoret kohun keskell\u00e4 \u2013 Minja Koskelalta ei Ykk\u00f6saamussa kysytty asiasta mit\u00e4\u00e4n"},"content":{"rendered":"<p>Vasemmistoliiton puheenjohtaja otti Ykk\u00f6saamussa kantaa muun muassa miljon\u00e4\u00e4riveroon ja velkajarruun.<\/p>\n<p><img decoding=\"async\" class=\"image image-show image-preview\" src=\"https:\/\/www.europesays.com\/fi\/wp-content\/uploads\/2025\/11\/c44061799e38867e93c591a9111725d5a42af93de8ac34f50b56e53b99b7b614.jpg\" alt=\"\"\/><img decoding=\"async\" class=\"image image-show\" src=\"https:\/\/www.europesays.com\/fi\/wp-content\/uploads\/2025\/11\/1763204109_752_c44061799e38867e93c591a9111725d5a42af93de8ac34f50b56e53b99b7b614.jpg\" alt=\"\"\/><\/p>\n<p>Vasemmistoliiton puheenjohtaja Minja Koskela vieraili lauantaina Ylen Ykk\u00f6saamussa. Tiina Somerpuro<\/p>\n<p class=\"paragraph\">Ylen Ykk\u00f6saamussa vieraana olleelta vasemmistoliiton puheenjohtajalta <strong>Minja Koskelalta<\/strong> ei lainkaan kysytty Vasemmistonuorten ymp\u00e4rill\u00e4 py\u00f6rineist\u00e4 kohuista.<\/p>\n<p class=\"paragraph\">Vasemmistonuorten puheenjohtaja <strong>Pinja Vuorinen<\/strong> julkaisi viime viikonloppuna Instagram-p\u00e4ivityksen, jossa kritisoi suomalaisten ja israelilaisten toimijoiden yhteisen\u00e4 hankkeena Rovaniemelle rakennettavaa Arctic Panorama -lomakyl\u00e4\u00e4.<\/p>\n<p class=\"paragraph\">\u2013 Haluammeko me todella olla turvallinen maa kansanmurhaa suorittavan valtion kansalaisille matkustaa? Vuorinen kirjoitti julkaisussaan.<\/p>\n<p class=\"paragraph\">Vuorinen sai julkaisusta kritiikki\u00e4. Esimerkiksi Perussuomalaiset nuoret tulkitsivat p\u00e4ivityksen antisemitistisen\u00e4. Poliisi on my\u00f6s saanut rikosilmoituksia, jotka liittynev\u00e4t julkaisuun.<\/p>\n<p class=\"paragraph\">Vuorinen itse kuitenkin painotti Iltalehdelle, ett\u00e4 ei kannusta v\u00e4kivaltaan israelilaisia kohtaan.<\/p>\n<p class=\"paragraph\">Marraskuun alussa Vasemmistonuorten sosialistinen ty\u00f6ryhm\u00e4 julkaisi pamfletin, jossa muun muassa toivotaan ty\u00f6v\u00e4en ottavan tuotantov\u00e4lineet haltuunsa <strong>Karl Marxin<\/strong> oppien mukaisesti.<\/p>\n<p>Haluton kommentoimaan aiemmin<\/p>\n<p class=\"paragraph\">Iltalehti tavoitteli viikolla Koskelaa useamman kerran kommentoimaan Vuorisen julkaisua ja pamflettia, mutta ei saanut vastausta kommenttipyynt\u00f6ihin. <a href=\"https:\/\/www.iltalehti.fi\/politiikka\/c74a56a9-067d-4b5c-b7b4-e533a9c2fff1\" rel=\"nofollow noopener\" target=\"_blank\">Torstaina<\/a> Koskela antoi lyhyet kommentit eduskunnan k\u00e4yt\u00e4v\u00e4ll\u00e4 matkallaan t\u00e4ysistuntosaliin.<\/p>\n<p class=\"paragraph\">H\u00e4n sanoi pit\u00e4v\u00e4ns\u00e4 Pinja Vuorisen puheita harkitsemattomina. Koskela puhui \u201dharkitsemattomista sanamuodoista, joita ei olisi itse k\u00e4ytt\u00e4nyt.\u201d<\/p>\n<p class=\"paragraph\">Vasemmistonuorten linjausten osalta Koskela kehotti kysym\u00e4\u00e4n Vasemmistonuorilta itselt\u00e4\u00e4n. Koskela my\u00f6s mainitsi, ettei Vasemmistonuoret ole h\u00e4nen puolueensa j\u00e4rjest\u00f6. Vasemmistonuoret on j\u00e4rjest\u00f6n\u00e4 itsen\u00e4inen, mutta tekee vasemmistoliiton nuorisoty\u00f6t\u00e4.<\/p>\n<p>Veorusta ja velkajarrua<\/p>\n<p class=\"paragraph\">Ylen Ykk\u00f6saamussa n\u00e4it\u00e4 nuorisoj\u00e4rjest\u00f6\u00f6n liittyvi\u00e4 aiheita ei sivuttu lainkaan. Asia on her\u00e4tt\u00e4nyt keskustelua muun muassa sosiaalisessa mediassa.<\/p>\n<p class=\"paragraph\">Sen sijaan studiossa keskusteltiin muun muassa ty\u00f6llisyysennusteista, verop\u00e4iv\u00e4st\u00e4 ja verotuksesta laajemminkin, velkajarrusta ja vasemmistoliiton toiveista hallituspohjan suhteen.<\/p>\n<p class=\"paragraph\">Haastattelussa nostettiin esiin vasemmistoliiton ajama miljon\u00e4\u00e4rivero, johon mik\u00e4\u00e4n muu puolue ei l\u00e4htenyt mukaan. Puolue ajaa veroa, jossa miljoonaomaisuutta verotettaisiin yhden prosentin verran, pois lukien oma asunto. Koskela sanoo pit\u00e4v\u00e4ns\u00e4 ehdotusta varsin maltillisena. H\u00e4n arvioi, ett\u00e4 miljon\u00e4\u00e4rivero voisi tuoda valtiolle noin miljardin euron vuosittaiset tuotot.<\/p>\n<p class=\"paragraph\">Koskela my\u00f6s toisti vasemmistoliiton aiemmin esitt\u00e4m\u00e4t kannat velkajarrusta, johon kaikki eduskuntapuolueet vasemmistoliittoa lukuun ottamatta ovat sitoutuneet. Koskela ei pid\u00e4 j\u00e4rkev\u00e4n\u00e4 sit\u00e4, ett\u00e4 kansallisesti luodaan j\u00e4rjestelm\u00e4, joka on kire\u00e4mpi kuin EU:n omat finanssipoliittiset s\u00e4\u00e4nn\u00f6t.<\/p>\n<p class=\"paragraph\">Koskela sanoi pelk\u00e4\u00e4v\u00e4ns\u00e4 sen tarkoittavan sit\u00e4, ett\u00e4 matalasuhdanteen aikana leikataan rajusti ja rapautetaan hyvinvointivaltiota. N\u00e4in on Koskelan mukaan tapahtunut nykyisell\u00e4 hallituskaudella.<\/p>\n<p class=\"paragraph\">Koskelalta kysyttiin my\u00f6s, onko vasemmistoliitto valmis menem\u00e4\u00e4n hallitukseen perussuomalaisten tai kokoomuksen kanssa. Koskela arvioi vasemmistoliiton ja perussuomalaisten olevan turhan kaukana toisistaan arvojensa suhteen. Kokoomuksen osalta Koskela toisti aiemman kommenttinsa siit\u00e4, ett\u00e4 puolueessa on h\u00e4nen mukaansa viel\u00e4 hyvi\u00e4 sivistysporvareita. Pyydett\u00e4ess\u00e4 nime\u00e4m\u00e4\u00e4n yhden, h\u00e4n mainitsi <strong>Saara-Sofia Sir\u00e9nin<\/strong>.<\/p>\n<p class=\"paragraph\">Lauantaina kerrottiin, ett\u00e4 Koskela jatkaa puolueensa johdossa. H\u00e4n oli ainoa ehdokas puheenjohtajaksi.<\/p>\n","protected":false},"excerpt":{"rendered":"Vasemmistoliiton puheenjohtaja otti Ykk\u00f6saamussa kantaa muun muassa miljon\u00e4\u00e4riveroon ja velkajarruun. Vasemmistoliiton puheenjohtaja Minja Koskela vieraili lauantaina Ylen Ykk\u00f6saamussa.&hellip;\n","protected":false},"author":2,"featured_media":90722,"comment_status":"","ping_status":"","sticky":false,"template":"","format":"standard","meta":{"footnotes":""},"categories":[12],"tags":[35,22,23,26,27,33,31,30,17,24,25,28,29,15,18,21,637,886,888,885,887,32,19,20,16],"class_list":{"0":"post-90721","1":"post","2":"type-post","3":"status-publish","4":"format-standard","5":"has-post-thumbnail","7":"category-suomi","8":"tag-24h","9":"tag-breaking-news","10":"tag-breakingnews","11":"tag-featured-news","12":"tag-featurednews","13":"tag-fi","14":"tag-finland","15":"tag-finnish","16":"tag-headlines","17":"tag-latest-news","18":"tag-latestnews","19":"tag-main-news","20":"tag-mainnews","21":"tag-news","22":"tag-otsikot","23":"tag-paauutiset","24":"tag-politiikka","25":"tag-puolueet","26":"tag-suomalaiset-poliitikot","27":"tag-suomen-poliittiset-puolueet","28":"tag-suomen-politiikka","29":"tag-suomi","30":"tag-top-stories","31":"tag-topstories","32":"tag-uutiset"},"share_on_mastodon":{"url":"https:\/\/pubeurope.com\/@fi\/115553352384357585","error":""},"_links":{"self":[{"href":"https:\/\/www.europesays.com\/fi\/wp-json\/wp\/v2\/posts\/90721","targetHints":{"allow":["GET"]}}],"collection":[{"href":"https:\/\/www.europesays.com\/fi\/wp-json\/wp\/v2\/posts"}],"about":[{"href":"https:\/\/www.europesays.com\/fi\/wp-json\/wp\/v2\/types\/post"}],"author":[{"embeddable":true,"href":"https:\/\/www.europesays.com\/fi\/wp-json\/wp\/v2\/users\/2"}],"replies":[{"embeddable":true,"href":"https:\/\/www.europesays.com\/fi\/wp-json\/wp\/v2\/comments?post=90721"}],"version-history":[{"count":0,"href":"https:\/\/www.europesays.com\/fi\/wp-json\/wp\/v2\/posts\/90721\/revisions"}],"wp:featuredmedia":[{"embeddable":true,"href":"https:\/\/www.europesays.com\/fi\/wp-json\/wp\/v2\/media\/90722"}],"wp:attachment":[{"href":"https:\/\/www.europesays.com\/fi\/wp-json\/wp\/v2\/media?parent=90721"}],"wp:term":[{"taxonomy":"category","embeddable":true,"href":"https:\/\/www.europesays.com\/fi\/wp-json\/wp\/v2\/categories?post=90721"},{"taxonomy":"post_tag","embeddable":true,"href":"https:\/\/www.europesays.com\/fi\/wp-json\/wp\/v2\/tags?post=90721"}],"curies":[{"name":"wp","href":"https:\/\/api.w.org\/{rel}","templated":true}]}}