{"id":90783,"date":"2025-11-15T12:31:12","date_gmt":"2025-11-15T12:31:12","guid":{"rendered":"https:\/\/www.europesays.com\/fi\/90783\/"},"modified":"2025-11-15T12:31:12","modified_gmt":"2025-11-15T12:31:12","slug":"tama-rakastettu-klassikko-tayttaa-30-vuotta-katso-4k-restauroitu-traileri-taalta","status":"publish","type":"post","link":"https:\/\/www.europesays.com\/fi\/90783\/","title":{"rendered":"T\u00e4m\u00e4 rakastettu klassikko t\u00e4ytt\u00e4\u00e4 30 vuotta \u2013 Katso 4K-restauroitu traileri t\u00e4\u00e4lt\u00e4"},"content":{"rendered":"<p>Joulukuussa juhlitaan J\u00e4rki ja tunteet (1995) -elokuvan 30-vuotisjuhlaa. Elokuva saapuu uusintakierrokselle Yhdysvalloissa 4K-muodossa.<\/p>\n<p>Kaksinkertaisen Oscar-voittaja <strong>Ang Leen <\/strong>(Hiipiv\u00e4 tiikeri, piilotettu lohik\u00e4\u00e4rme) ohjaama, <strong>Jane Austenin <\/strong>klassikkoromaaniin perustuva elokuva kertoo Dashwoodin sisaruksista: k\u00e4yt\u00e4nn\u00f6llisest\u00e4 Elinorista (<strong>Emma Thompson<\/strong>) ja intohimoisesta Mariannesta (<strong>Kate Winslet<\/strong>).<\/p>\n<p>Lue my\u00f6s: <a href=\"https:\/\/www.episodi.fi\/uutiset\/suomen-ystava-emma-thompson-suuttui-tekoalylle-mene-pois-olen-niin-arsyyntynyt\/\" title=\"Suomen yst\u00e4v\u00e4 Emma Thompson suuttui teko\u00e4lylle \u2013 \u201dMene pois!\u201d\" class=\"underline-custom !font-montserrat !font-bold !underline-offset-4 !decoration-4 !decoration-episodi-blue !text-md\" rel=\"nofollow noopener\" target=\"_blank\">Suomen yst\u00e4v\u00e4 Emma Thompson suuttui teko\u00e4lylle \u2013 \u201dMene pois!\u201d<\/a><\/p>\n<p>Lue my\u00f6s: <a href=\"https:\/\/www.episodi.fi\/uutiset\/rakkaustarinoiden-klassikko-saa-uuden-filmatisoinnin-paarooliin-taman-hetken-menestysnayttelija\/\" title=\"Rakkaustarinoiden klassikko saa uuden filmatisoinnin \u2013\u00a0P\u00e4\u00e4rooliin t\u00e4m\u00e4n hetken menestysn\u00e4yttelij\u00e4\" class=\"underline-custom !font-montserrat !font-bold !underline-offset-4 !decoration-4 !decoration-episodi-blue !text-md\" rel=\"nofollow noopener\" target=\"_blank\">Rakkaustarinoiden klassikko saa uuden filmatisoinnin \u2013\u00a0P\u00e4\u00e4rooliin t\u00e4m\u00e4n hetken menestysn\u00e4yttelij\u00e4<\/a><\/p>\n<p>Lue my\u00f6s: <a href=\"https:\/\/www.episodi.fi\/uutiset\/kate-winslet-kertoi-miksi-naiset-nayttavat-ian-myota-kauniimmalta-nain-sakenoivalta-50-vuotias-itse-nayttaa\/\" title=\"50-vuotias Kate Winslet sanoi suoraan miksi naiset n\u00e4ytt\u00e4v\u00e4t i\u00e4n my\u00f6t\u00e4 kauniimmalta\" class=\"underline-custom !font-montserrat !font-bold !underline-offset-4 !decoration-4 !decoration-episodi-blue !text-md\" rel=\"nofollow noopener\" target=\"_blank\">50-vuotias Kate Winslet sanoi suoraan miksi naiset n\u00e4ytt\u00e4v\u00e4t i\u00e4n my\u00f6t\u00e4 kauniimmalta<\/a><\/p>\n<p>Kun heid\u00e4n is\u00e4ns\u00e4 kuolee yll\u00e4tt\u00e4en, oikeus m\u00e4\u00e4r\u00e4\u00e4 tilan siirtyv\u00e4n h\u00e4nen ensimm\u00e4isest\u00e4 avioliitostaan syntyneelle pojalle. T\u00e4m\u00e4 j\u00e4tt\u00e4\u00e4 vaimon ja tytt\u00e4ret ilman kotia ja l\u00e4hes ilman toimeentuloa.<\/p>\n<p>1700\u20131800-luvun taitteen Englannissa naisten on opittava yhdist\u00e4m\u00e4\u00e4n j\u00e4rki ja tunteet rahaan ja miehiin liittyviss\u00e4 asioissa.<\/p>\n<p><img loading=\"lazy\" decoding=\"async\" alt=\"YouTube video\" width=\"480\" height=\"360\" data-pin-nopin=\"true\" nopin=\"nopin\" class=\"perfmatters-lazy\" src=\"https:\/\/www.europesays.com\/fi\/wp-content\/uploads\/2025\/11\/1763209872_25_hqdefault.jpg\"\/><\/p>\n<p>Lue my\u00f6s: <a href=\"https:\/\/www.episodi.fi\/uutiskirje\/?uutiskirjemainos=tekstilinkkimainos\" title=\"Tilaa Episodin uutiskirje ja voit voittaa leffalippuja! Nappaa tv-vinkit suoraan s\u00e4hk\u00f6postiin t\u00e4st\u00e4.\" class=\"underline-custom !font-montserrat !font-bold !underline-offset-4 !decoration-4 !decoration-episodi-blue !text-md\" rel=\"nofollow noopener\" target=\"_blank\">Tilaa Episodin uutiskirje ja voit voittaa leffalippuja! Nappaa katseluvinkit suoraan s\u00e4hk\u00f6postiin t\u00e4st\u00e4.<\/a><\/p>\n<p>\t\t\t<a href=\"https:\/\/www.facebook.com\/sharer\/sharer.php?u=https:\/\/www.episodi.fi\/uutiset\/tama-rakastettu-klassikko-tayttaa-30-vuotta-katso-4k-restauroitu-traileri-taalta\/\" target=\"_blank\" class=\"block px-4 py-2 text-sm text-gray-800 border-b hover:bg-gray-200\" rel=\"nofollow noopener\"><\/p>\n<p>\t\t\t\tFacebook<br \/>\n\t\t\t<\/a><br \/>\n\t\t\t<a href=\"https:\/\/twitter.com\/intent\/tweet?text=https:\/\/www.episodi.fi\/uutiset\/tama-rakastettu-klassikko-tayttaa-30-vuotta-katso-4k-restauroitu-traileri-taalta\/\" target=\"_blank\" class=\"block px-4 py-2 text-sm text-gray-800 border-b hover:bg-gray-200\" rel=\"nofollow noopener\"><\/p>\n<p>\t\t\t\tTwitter<br \/>\n\t\t\t<\/a><br \/>\n\t\t\t<a href=\"mailto:?subject=T\u00e4m\u00e4 rakastettu klassikko t\u00e4ytt\u00e4\u00e4 30 vuotta \u2013 Katso 4K-restauroitu traileri t\u00e4\u00e4lt\u00e4&amp;body=https:\/\/www.episodi.fi\/uutiset\/tama-rakastettu-klassikko-tayttaa-30-vuotta-katso-4k-restauroitu-traileri-taalta\/\" target=\"_blank\" class=\"block px-4 py-2 text-sm text-gray-800 border-b hover:bg-gray-200\"><\/p>\n<p>\t\t\t\tS\u00e4hk\u00f6posti<\/a><\/p>\n<p>\t\t\t\t<script async src=\"https:\/\/platform.twitter.com\/widgets.js\" charset=\"utf-8\"><\/script><\/p>\n","protected":false},"excerpt":{"rendered":"Joulukuussa juhlitaan J\u00e4rki ja tunteet (1995) -elokuvan 30-vuotisjuhlaa. Elokuva saapuu uusintakierrokselle Yhdysvalloissa 4K-muodossa. Kaksinkertaisen Oscar-voittaja Ang Leen (Hiipiv\u00e4&hellip;\n","protected":false},"author":2,"featured_media":90784,"comment_status":"","ping_status":"","sticky":false,"template":"","format":"standard","meta":{"footnotes":""},"categories":[131],"tags":[155,137,33,173,31,30,18163,172,32,109],"class_list":{"0":"post-90783","1":"post","2":"type-post","3":"status-publish","4":"format-standard","5":"has-post-thumbnail","7":"category-elokuvat","8":"tag-elokuvat","9":"tag-entertainment","10":"tag-fi","11":"tag-film","12":"tag-finland","13":"tag-finnish","14":"tag-jarki-ja-tunteet","15":"tag-movies","16":"tag-suomi","17":"tag-viihde"},"share_on_mastodon":{"url":"https:\/\/pubeurope.com\/@fi\/115553729613275933","error":""},"_links":{"self":[{"href":"https:\/\/www.europesays.com\/fi\/wp-json\/wp\/v2\/posts\/90783","targetHints":{"allow":["GET"]}}],"collection":[{"href":"https:\/\/www.europesays.com\/fi\/wp-json\/wp\/v2\/posts"}],"about":[{"href":"https:\/\/www.europesays.com\/fi\/wp-json\/wp\/v2\/types\/post"}],"author":[{"embeddable":true,"href":"https:\/\/www.europesays.com\/fi\/wp-json\/wp\/v2\/users\/2"}],"replies":[{"embeddable":true,"href":"https:\/\/www.europesays.com\/fi\/wp-json\/wp\/v2\/comments?post=90783"}],"version-history":[{"count":0,"href":"https:\/\/www.europesays.com\/fi\/wp-json\/wp\/v2\/posts\/90783\/revisions"}],"wp:featuredmedia":[{"embeddable":true,"href":"https:\/\/www.europesays.com\/fi\/wp-json\/wp\/v2\/media\/90784"}],"wp:attachment":[{"href":"https:\/\/www.europesays.com\/fi\/wp-json\/wp\/v2\/media?parent=90783"}],"wp:term":[{"taxonomy":"category","embeddable":true,"href":"https:\/\/www.europesays.com\/fi\/wp-json\/wp\/v2\/categories?post=90783"},{"taxonomy":"post_tag","embeddable":true,"href":"https:\/\/www.europesays.com\/fi\/wp-json\/wp\/v2\/tags?post=90783"}],"curies":[{"name":"wp","href":"https:\/\/api.w.org\/{rel}","templated":true}]}}