{"id":90795,"date":"2025-11-15T12:39:07","date_gmt":"2025-11-15T12:39:07","guid":{"rendered":"https:\/\/www.europesays.com\/fi\/90795\/"},"modified":"2025-11-15T12:39:07","modified_gmt":"2025-11-15T12:39:07","slug":"konehalli-tuhoutui-tulipalossa-inkoossa-uusimaa","status":"publish","type":"post","link":"https:\/\/www.europesays.com\/fi\/90795\/","title":{"rendered":"Konehalli tuhoutui tulipalossa Inkoossa | Uusimaa"},"content":{"rendered":"<p class=\"aw-1gybjub aw-5vja16 kEtdKx kmuxyA yle__article__paragraph\">Tulipaloa on ollut sammuttamassa useita yksik\u00f6it\u00e4. <\/p>\n<p>12:32\u2022P\u00e4ivitetty 14:02<\/p>\n<p class=\"aw-1gybjub aw-1p7kakr kEtdKx cEmitX yle__article__paragraph\">Inkoon P\u00e4iv\u00f6l\u00e4ntiell\u00e4 on palanut konehalli lauantaina aamup\u00e4iv\u00e4ll\u00e4.<\/p>\n<p class=\"aw-1gybjub aw-1p7kakr kEtdKx cEmitX yle__article__paragraph\">Pelastuslaitoksen mukaan hallissa on ollut koneita, hitsausv\u00e4lineit\u00e4 sek\u00e4 \u00f6ljys\u00e4ili\u00f6.<\/p>\n<p class=\"aw-1gybjub aw-1p7kakr kEtdKx cEmitX yle__article__paragraph\">Halli sijaitsee parinkymmenen metrin p\u00e4\u00e4ss\u00e4 vieress\u00e4 olevasta toisesta hallista. Asutusta ei ole l\u00e4hettyvill\u00e4.<\/p>\n<p class=\"aw-1gybjub aw-1p7kakr kEtdKx cEmitX yle__article__paragraph\">Tulipalo ei aiheuttanut henkil\u00f6vahinkoja.<\/p>\n<p class=\"aw-1gybjub aw-1p7kakr kEtdKx cEmitX yle__article__paragraph\">Tulipaloa on ollut sammuttamassa monta yksikk\u00f6\u00e4 ja sammutusty\u00f6t kest\u00e4v\u00e4t useita tunteja, my\u00f6h\u00e4\u00e4n iltaan.<\/p>\n<p class=\"aw-1gybjub aw-1p7kakr kEtdKx cEmitX yle__article__paragraph\">Palon syttymissyyt\u00e4 ei tiedet\u00e4.<\/p>\n","protected":false},"excerpt":{"rendered":"Tulipaloa on ollut sammuttamassa useita yksik\u00f6it\u00e4. 12:32\u2022P\u00e4ivitetty 14:02 Inkoon P\u00e4iv\u00f6l\u00e4ntiell\u00e4 on palanut konehalli lauantaina aamup\u00e4iv\u00e4ll\u00e4. Pelastuslaitoksen mukaan hallissa&hellip;\n","protected":false},"author":2,"featured_media":74,"comment_status":"","ping_status":"","sticky":false,"template":"","format":"standard","meta":{"footnotes":"","_share_on_mastodon":"0"},"categories":[12],"tags":[22,23,400,26,27,33,31,30,17,104,4823,24,25,28,29,15,837,18,21,32,19,20,1168,16],"class_list":["post-90795","post","type-post","status-publish","format-standard","has-post-thumbnail","category-suomi","tag-breaking-news","tag-breakingnews","tag-espoo","tag-featured-news","tag-featurednews","tag-fi","tag-finland","tag-finnish","tag-headlines","tag-helsinki","tag-inkoo","tag-latest-news","tag-latestnews","tag-main-news","tag-mainnews","tag-news","tag-onnettomuudet","tag-otsikot","tag-paauutiset","tag-suomi","tag-top-stories","tag-topstories","tag-uusimaa","tag-uutiset"],"share_on_mastodon":{"url":"","error":""},"_links":{"self":[{"href":"https:\/\/www.europesays.com\/fi\/wp-json\/wp\/v2\/posts\/90795","targetHints":{"allow":["GET"]}}],"collection":[{"href":"https:\/\/www.europesays.com\/fi\/wp-json\/wp\/v2\/posts"}],"about":[{"href":"https:\/\/www.europesays.com\/fi\/wp-json\/wp\/v2\/types\/post"}],"author":[{"embeddable":true,"href":"https:\/\/www.europesays.com\/fi\/wp-json\/wp\/v2\/users\/2"}],"replies":[{"embeddable":true,"href":"https:\/\/www.europesays.com\/fi\/wp-json\/wp\/v2\/comments?post=90795"}],"version-history":[{"count":0,"href":"https:\/\/www.europesays.com\/fi\/wp-json\/wp\/v2\/posts\/90795\/revisions"}],"wp:featuredmedia":[{"embeddable":true,"href":"https:\/\/www.europesays.com\/fi\/wp-json\/wp\/v2\/media\/74"}],"wp:attachment":[{"href":"https:\/\/www.europesays.com\/fi\/wp-json\/wp\/v2\/media?parent=90795"}],"wp:term":[{"taxonomy":"category","embeddable":true,"href":"https:\/\/www.europesays.com\/fi\/wp-json\/wp\/v2\/categories?post=90795"},{"taxonomy":"post_tag","embeddable":true,"href":"https:\/\/www.europesays.com\/fi\/wp-json\/wp\/v2\/tags?post=90795"}],"curies":[{"name":"wp","href":"https:\/\/api.w.org\/{rel}","templated":true}]}}