{"id":90806,"date":"2025-11-15T13:03:11","date_gmt":"2025-11-15T13:03:11","guid":{"rendered":"https:\/\/www.europesays.com\/fi\/90806\/"},"modified":"2025-11-15T13:03:11","modified_gmt":"2025-11-15T13:03:11","slug":"liisa-akimof-esiintyy-kampus-elaa-tapahtumassa-konsertilla-kerataan-varoja-kulttuuriosuuskunnalle-oriveden-sanomat","status":"publish","type":"post","link":"https:\/\/www.europesays.com\/fi\/90806\/","title":{"rendered":"Liisa Akimof esiintyy Kampus el\u00e4\u00e4! -tapahtumassa \u2013 konsertilla ker\u00e4t\u00e4\u00e4n varoja kulttuuriosuuskunnalle &#8211; Oriveden Sanomat"},"content":{"rendered":"<ol>\n<li><a href=\"https:\/\/news.google.com\/rss\/articles\/CBMi0gFBVV95cUxOU0E1YjZLZE9nZFQ3Q05zZnN2Y1lUdWlQclN2RktLdXAwdkNNOHR5dmlFVVcxSDZsb2VsNGVNVzlleDc4bkZaZFpjdkxoaE1GNTBqLWVUT2pybHhBamNHUzRwcFE5enFLa0J2NjdoTDg5ZFZXMEoydE5pOW82ZnRIRWZFeEhqTUxmb25BYzM1VHNvd0JQUHowVENaQnM5RUFKUnRfeWNXaWtuNFJQN25CMHp6SDl3cXdNWWtyazE4dnVwREJqeUk5MWY1Wl9Nd1RMMHc?oc=5\" target=\"_blank\" rel=\"nofollow noopener\">Liisa Akimof esiintyy Kampus el\u00e4\u00e4! -tapahtumassa \u2013 konsertilla ker\u00e4t\u00e4\u00e4n varoja kulttuuriosuuskunnalle<\/a>&nbsp;&nbsp;Oriveden Sanomat<\/li>\n<li><a href=\"https:\/\/news.google.com\/rss\/articles\/CBMi_AFBVV95cUxOU2Y5aXF5VFZ4NUJYWGV5TmdhYjd4aXY0bloxYWlTRnQzc0laeVVfM0ZBVElFU21PU1kzQk93NUNjTzh3VVhXZTc4bUhLZUpoMUxLWk1obmlVZzYxMUl0S05Bb243aWZyWkNRVnFIMDVtOTdtdXNkMkM3RWE0ekhmeW0yU2RGN0dfVzNkMmJxaHo1Q1QtMmNld1AydVZUNUhzcncyZ2NoWlVlWlJUbzRBYWlUTktTQk1hMzRDd1VoOVJ6RlRJbS1nTzF0WFg5VlhzcmFuOUVOdzExc19kVHNzN0JnRHh2OGVjUHBsYklsMUhJbTU5ZWlvT0dZVW4?oc=5\" target=\"_blank\" rel=\"nofollow noopener\">Juupajoella uusi nimi yhteis\u00f6verojen ykk\u00f6ssijalla \u2013 monen vuoden suurimmalle maksajalle ei viime vuonna kertynyt verotettavaa tuloa<\/a>&nbsp;&nbsp;Oriveden Sanomat<\/li>\n<li><a href=\"https:\/\/news.google.com\/rss\/articles\/CBMiQkFVX3lxTFBvUmxvR0RWWlU0VkJqaVQ0Rzh5NzFiZ0NOODY4cGJlWFlQblk1MmdaTnNCWXZFUkFLaVdXVlNEcE5VQQ?oc=5\" target=\"_blank\" rel=\"nofollow noopener\">Yritysten verot jatkavat pudotuksessa \u2013 OP on suurin maksaja, Neste putosi nollaan<\/a>&nbsp;&nbsp;Yle<\/li>\n<li><a href=\"https:\/\/news.google.com\/rss\/articles\/CBMitAFBVV95cUxNd0JwVW1USmdpTGpaMzB4RWJvRWlGdlpmbC1Od0NXQ0RpWDlWdW0wdmxfT1ZVdHN4UFFGU2llOUY4ZWFMRzQzaWpmUVBWMUVrcXFxUUVqbEsyWVAzRUw2VUVmbDlpUEJ4cEpLR2N1bFNLenZJdHNvTVU1eUd6WUhGbnZWYllRcXNUOWk0dHZXOUxUbTY0VGoxVHJ5OHJwdkZLbDB5aHJDQUlxa0JyT09NY2JVSHE?oc=5\" target=\"_blank\" rel=\"nofollow noopener\">Katso t\u00e4\u00e4lt\u00e4, paljonko alueen yritykset maksoivat yhteis\u00f6veroa viime vuonna<\/a>&nbsp;&nbsp;Keskipohjanmaa<\/li>\n<li><a href=\"https:\/\/news.google.com\/rss\/articles\/CBMiekFVX3lxTFBlWENHZF9iQnNGeWxlcFNDT3AwbDZyNEpSdmlBOXctTjhsVmt3YkR0QnNBVkdjVUlSVHgwaXludDlVNGMyb3NCdjJkdm9IUGFrLW0xZUNwS3d0OVhfZ1JuaURfOEVhdVVaZXcwa0ppWUo1bWpoSzJFZFhn?oc=5\" target=\"_blank\" rel=\"nofollow noopener\">T\u00e4ss\u00e4 on yhti\u00f6verotuksen k\u00e4rki: Maksoi l\u00e4hes 400 miljoonaa euroa<\/a>&nbsp;&nbsp;Iltalehti<\/li>\n<\/ol>\n","protected":false},"excerpt":{"rendered":"Liisa Akimof esiintyy Kampus el\u00e4\u00e4! -tapahtumassa \u2013 konsertilla ker\u00e4t\u00e4\u00e4n varoja kulttuuriosuuskunnalle&nbsp;&nbsp;Oriveden Sanomat Juupajoella uusi nimi yhteis\u00f6verojen ykk\u00f6ssijalla \u2013&hellip;\n","protected":false},"author":2,"featured_media":90807,"comment_status":"","ping_status":"","sticky":false,"template":"","format":"standard","meta":{"footnotes":""},"categories":[76],"tags":[79,77,33,31,30,3829,32,78],"class_list":{"0":"post-90806","1":"post","2":"type-post","3":"status-publish","4":"format-standard","5":"has-post-thumbnail","7":"category-talous","8":"tag-business","9":"tag-economy","10":"tag-fi","11":"tag-finland","12":"tag-finnish","13":"tag-konsertti","14":"tag-suomi","15":"tag-talous"},"share_on_mastodon":{"url":"https:\/\/pubeurope.com\/@fi\/115553855774665144","error":""},"_links":{"self":[{"href":"https:\/\/www.europesays.com\/fi\/wp-json\/wp\/v2\/posts\/90806","targetHints":{"allow":["GET"]}}],"collection":[{"href":"https:\/\/www.europesays.com\/fi\/wp-json\/wp\/v2\/posts"}],"about":[{"href":"https:\/\/www.europesays.com\/fi\/wp-json\/wp\/v2\/types\/post"}],"author":[{"embeddable":true,"href":"https:\/\/www.europesays.com\/fi\/wp-json\/wp\/v2\/users\/2"}],"replies":[{"embeddable":true,"href":"https:\/\/www.europesays.com\/fi\/wp-json\/wp\/v2\/comments?post=90806"}],"version-history":[{"count":0,"href":"https:\/\/www.europesays.com\/fi\/wp-json\/wp\/v2\/posts\/90806\/revisions"}],"wp:featuredmedia":[{"embeddable":true,"href":"https:\/\/www.europesays.com\/fi\/wp-json\/wp\/v2\/media\/90807"}],"wp:attachment":[{"href":"https:\/\/www.europesays.com\/fi\/wp-json\/wp\/v2\/media?parent=90806"}],"wp:term":[{"taxonomy":"category","embeddable":true,"href":"https:\/\/www.europesays.com\/fi\/wp-json\/wp\/v2\/categories?post=90806"},{"taxonomy":"post_tag","embeddable":true,"href":"https:\/\/www.europesays.com\/fi\/wp-json\/wp\/v2\/tags?post=90806"}],"curies":[{"name":"wp","href":"https:\/\/api.w.org\/{rel}","templated":true}]}}