{"id":90824,"date":"2025-11-15T13:31:08","date_gmt":"2025-11-15T13:31:08","guid":{"rendered":"https:\/\/www.europesays.com\/fi\/90824\/"},"modified":"2025-11-15T13:31:08","modified_gmt":"2025-11-15T13:31:08","slug":"antti-lindtman-turvasi-tarja-haloseen-ja-paavo-lipposeen-puoluevaltuustopuheessaan-uutissuomalainen","status":"publish","type":"post","link":"https:\/\/www.europesays.com\/fi\/90824\/","title":{"rendered":"Antti Lindtman turvasi Tarja Haloseen ja Paavo Lipposeen puoluevaltuustopuheessaan | Uutissuomalainen"},"content":{"rendered":"<p>SDP:n puheenjohtaja Antti Lindtman toisteli puoluevaltuustossa Espoossa pit\u00e4m\u00e4ss\u00e4\u00e4n puheessa, ett\u00e4 puolue suhtautuu vakavasti julkisen talouden tasapainottamiseen.<\/p>\n<p>Lindtman heitteli piikkej\u00e4 Petteri Orpon (kok.) hallituksen suuntaan ja lupasi oman puolueensa lopettavan &#8221;kirjanpidolliset kikkailut ja el\u00e4kevarojen ry\u00f6st\u00f6n talouslukujen kaunistamiseksi&#8221;.<\/p>\n<p>\u2013\u2009Pian julkaistavassa SDP:n vaihtoehtobudjetissa Suomi velkaantuisi satoja miljoonia v\u00e4hemm\u00e4n kuin nykyisen hallituksen linjalla, Lindtman sanoi.<\/p>\n<p>Lindtman vastasi niin julkisuudessa kuin omienkin keskuudessa esitettyyn kritiikkiin velkajarruun sitoutumisesta. H\u00e4n perusteli t\u00e4t\u00e4 julkisen talouden vahvistamisella.<\/p>\n<p>\u2013\u2009Ilman vahvaa julkista taloutta ei ole my\u00f6sk\u00e4\u00e4n hyvinvointiyhteiskuntaa, ei toimivaa taloutta, tai ei ylip\u00e4\u00e4t\u00e4\u00e4n toimivaa yhteiskuntaa, ei huolenpitoa l\u00e4himm\u00e4isest\u00e4, Lindtman sanoi.<\/p>\n<p>\t\t\t\t&#8221;Julkinen talous pidett\u00e4v\u00e4 tehokkaana&#8221;<\/p>\n<p>Demarijohtajan mukaan Suomessa on n\u00e4hty, mit\u00e4 tapahtuu, jos kest\u00e4v\u00e4st\u00e4 talouskasvusta ja julkisesta taloudesta ei pidet\u00e4 huolta. H\u00e4n lainasi puheessaan presidentti Tarja Halosta. T\u00e4m\u00e4 on Lindtmanin mukaan sanonut, ett\u00e4 tasainen talouskasvu luo pohjan hyvinvointiyhteiskunnalle, mink\u00e4 takia talouden realiteetteja ei voida unohtaa.<\/p>\n<p>\u2013\u2009Olemme Pohjoismaissa hyvin laajasti ymm\u00e4rt\u00e4neet sen, ett\u00e4 talouden toimimattomuudesta ja tehottomuudesta k\u00e4rsiv\u00e4t aina eniten heikoimmassa asemassa olevat. Siksi talous ja erityisesti julkinen talous on pidett\u00e4v\u00e4 tehokkaana, jotta my\u00f6s hyv\u00e4lle koulutus-, sosiaali- tai terveyspolitiikalle olisi tilaa, Lindtman sanoi Halosen sanoneen.<\/p>\n<p>Lindtman haki tukea nykydemarien politiikalle my\u00f6s entisen p\u00e4\u00e4ministerin Paavo Lipposen (sd.) vuoden 1996 puoluekokouksen sanoista:<\/p>\n<p>\u2013\u2009Politiikka on arvovalintoja, mutta se on my\u00f6s todellisuudessa el\u00e4mist\u00e4. Sosialidemokratia ei ole haihattelua, vaan kyky\u00e4 tehd\u00e4 vaikeissakin oloissa se, mik\u00e4 on oikein, Lindtman siteerasi Lipposta.<\/p>\n<p>Puoluejohtajan mukaan Lipposen sanoissa kiteytyy se, miksi SDP sitoutuu julkisen talouden tasapainottamiseen.<\/p>\n<p>\u2013\u2009Ei ideologisista syist\u00e4, vaan siksi, ett\u00e4 ilman vahvaa julkista taloutta meill\u00e4 ei ole suojaa yhteiskunnan v\u00e4h\u00e4osaisille. Turvapuskuria, kun seuraavan kerran kohtaamme talouden taantuman, laman tai globaalin talouskriisin, Lindtman sanoi.<\/p>\n","protected":false},"excerpt":{"rendered":"SDP:n puheenjohtaja Antti Lindtman toisteli puoluevaltuustossa Espoossa pit\u00e4m\u00e4ss\u00e4\u00e4n puheessa, ett\u00e4 puolue suhtautuu vakavasti julkisen talouden tasapainottamiseen. Lindtman heitteli&hellip;\n","protected":false},"author":2,"featured_media":90825,"comment_status":"","ping_status":"","sticky":false,"template":"","format":"standard","meta":{"footnotes":""},"categories":[12],"tags":[22,23,26,27,33,31,30,863,17,24,25,28,29,15,18,21,142,637,886,888,885,887,32,19,20,16],"class_list":{"0":"post-90824","1":"post","2":"type-post","3":"status-publish","4":"format-standard","5":"has-post-thumbnail","7":"category-suomi","8":"tag-breaking-news","9":"tag-breakingnews","10":"tag-featured-news","11":"tag-featurednews","12":"tag-fi","13":"tag-finland","14":"tag-finnish","15":"tag-hallitus","16":"tag-headlines","17":"tag-latest-news","18":"tag-latestnews","19":"tag-main-news","20":"tag-mainnews","21":"tag-news","22":"tag-otsikot","23":"tag-paauutiset","24":"tag-poliitikot","25":"tag-politiikka","26":"tag-puolueet","27":"tag-suomalaiset-poliitikot","28":"tag-suomen-poliittiset-puolueet","29":"tag-suomen-politiikka","30":"tag-suomi","31":"tag-top-stories","32":"tag-topstories","33":"tag-uutiset"},"share_on_mastodon":{"url":"https:\/\/pubeurope.com\/@fi\/115553965481119641","error":""},"_links":{"self":[{"href":"https:\/\/www.europesays.com\/fi\/wp-json\/wp\/v2\/posts\/90824","targetHints":{"allow":["GET"]}}],"collection":[{"href":"https:\/\/www.europesays.com\/fi\/wp-json\/wp\/v2\/posts"}],"about":[{"href":"https:\/\/www.europesays.com\/fi\/wp-json\/wp\/v2\/types\/post"}],"author":[{"embeddable":true,"href":"https:\/\/www.europesays.com\/fi\/wp-json\/wp\/v2\/users\/2"}],"replies":[{"embeddable":true,"href":"https:\/\/www.europesays.com\/fi\/wp-json\/wp\/v2\/comments?post=90824"}],"version-history":[{"count":0,"href":"https:\/\/www.europesays.com\/fi\/wp-json\/wp\/v2\/posts\/90824\/revisions"}],"wp:featuredmedia":[{"embeddable":true,"href":"https:\/\/www.europesays.com\/fi\/wp-json\/wp\/v2\/media\/90825"}],"wp:attachment":[{"href":"https:\/\/www.europesays.com\/fi\/wp-json\/wp\/v2\/media?parent=90824"}],"wp:term":[{"taxonomy":"category","embeddable":true,"href":"https:\/\/www.europesays.com\/fi\/wp-json\/wp\/v2\/categories?post=90824"},{"taxonomy":"post_tag","embeddable":true,"href":"https:\/\/www.europesays.com\/fi\/wp-json\/wp\/v2\/tags?post=90824"}],"curies":[{"name":"wp","href":"https:\/\/api.w.org\/{rel}","templated":true}]}}