{"id":90826,"date":"2025-11-15T13:32:07","date_gmt":"2025-11-15T13:32:07","guid":{"rendered":"https:\/\/www.europesays.com\/fi\/90826\/"},"modified":"2025-11-15T13:32:07","modified_gmt":"2025-11-15T13:32:07","slug":"suomeen-luvattomasti-loikannut-venalaismies-poistettiin-maasta","status":"publish","type":"post","link":"https:\/\/www.europesays.com\/fi\/90826\/","title":{"rendered":"Suomeen luvattomasti loikannut ven\u00e4l\u00e4ismies poistettiin maasta"},"content":{"rendered":"<p>Wagner-loikkari|HS uutisoi aiemmin Suomeen loikanneesta Wagner-sotilaasta.<\/p>\n<p class=\"article-body mb-nof-24 px-nof-16\">Kes\u00e4ll\u00e4 Ven\u00e4j\u00e4lt\u00e4 Suomeen luvattomasti rajan ylitt\u00e4nyt ven\u00e4l\u00e4ismies on poistettu maasta, kertoo Pohjois-Karjalan rajavartiosto tiedotteessaan.<\/p>\n<p class=\"article-body mb-nof-24 px-nof-16\">\u201dPohjois-Karjalan rajavartiosto julkaisee poikkeuksellisesti tiedon yksitt\u00e4isen henkil\u00f6n maasta poistamisesta, koska julkisuudessa esitettiin kes\u00e4ll\u00e4 n\u00e4kemyksi\u00e4 henkil\u00f6n taustasta. Rajavartiosto ei ota kantaa julkisuudessa esitettyjen v\u00e4itteiden oikeellisuuteen, mutta toteaa, ett\u00e4 henkil\u00f6ll\u00e4 on sotilastausta\u201d, lukee tiedotteessa.<\/p>\n<p class=\"article-body mb-nof-24 px-nof-16\">Mies poistettiin maasta perjantaina.<\/p>\n<p class=\"article-body mb-nof-24 px-nof-16\">Mies ylitti rajan Kiteell\u00e4 17. kes\u00e4kuuta. Yle<a class=\"article-genericlink\" href=\"https:\/\/yle.fi\/a\/74-20171865\" rel=\"nofollow noopener\" target=\"_blank\"> uutisoi<\/a> hein\u00e4kuussa ensimm\u00e4isen\u00e4 selvitt\u00e4neens\u00e4, ett\u00e4 mies on palkka-armeija Wagneriin kuulunut sotilas.<\/p>\n<p class=\"article-body mb-nof-24 px-nof-16\">\u201dKes\u00e4kuun tapauksessa henkil\u00f6 havaittiin rajavartioston omalla valvonnalla, mahdollinen sotilastausta huomioitiin ensihetkist\u00e4 alkaen ja jatkotoimenpiteet suoritettiin harjoitellulla tavalla\u201d, rajavartiosto kirjoittaa.<\/p>\n<p class=\"article-body mb-nof-24 px-nof-16\">Mediassa miest\u00e4 on kutsuttu <a class=\"article-personlink\" href=\"https:\/\/www.hs.fi\/haku\/?query=Jevgeniksi\" rel=\"nofollow noopener\" target=\"_blank\">Jevgeniksi<\/a>. HS<a class=\"article-genericlink\" href=\"https:\/\/www.hs.fi\/kirjeenvaihtajat\/art-2000011369043.html\" rel=\"nofollow noopener\" target=\"_blank\"> haastatteli <\/a>hein\u00e4kuussa ven\u00e4l\u00e4ismiehen l\u00e4heist\u00e4 ja kertoi Wagner-taistelijan pitk\u00e4st\u00e4 rikostaustasta. Tiett\u00e4v\u00e4sti mies yritti hakea Suomesta turvapaikkaa.<\/p>\n","protected":false},"excerpt":{"rendered":"Wagner-loikkari|HS uutisoi aiemmin Suomeen loikanneesta Wagner-sotilaasta. Kes\u00e4ll\u00e4 Ven\u00e4j\u00e4lt\u00e4 Suomeen luvattomasti rajan ylitt\u00e4nyt ven\u00e4l\u00e4ismies on poistettu maasta, kertoo Pohjois-Karjalan&hellip;\n","protected":false},"author":2,"featured_media":79326,"comment_status":"","ping_status":"","sticky":false,"template":"","format":"standard","meta":{"footnotes":""},"categories":[5],"tags":[22,23,26,27,33,31,30,17,46,24,25,28,29,15,18,21,32,19,20,16],"class_list":{"0":"post-90826","1":"post","2":"type-post","3":"status-publish","4":"format-standard","5":"has-post-thumbnail","7":"category-otsikot","8":"tag-breaking-news","9":"tag-breakingnews","10":"tag-featured-news","11":"tag-featurednews","12":"tag-fi","13":"tag-finland","14":"tag-finnish","15":"tag-headlines","16":"tag-helsingin-sanomat","17":"tag-latest-news","18":"tag-latestnews","19":"tag-main-news","20":"tag-mainnews","21":"tag-news","22":"tag-otsikot","23":"tag-paauutiset","24":"tag-suomi","25":"tag-top-stories","26":"tag-topstories","27":"tag-uutiset"},"share_on_mastodon":{"url":"https:\/\/pubeurope.com\/@fi\/115553969327997803","error":""},"_links":{"self":[{"href":"https:\/\/www.europesays.com\/fi\/wp-json\/wp\/v2\/posts\/90826","targetHints":{"allow":["GET"]}}],"collection":[{"href":"https:\/\/www.europesays.com\/fi\/wp-json\/wp\/v2\/posts"}],"about":[{"href":"https:\/\/www.europesays.com\/fi\/wp-json\/wp\/v2\/types\/post"}],"author":[{"embeddable":true,"href":"https:\/\/www.europesays.com\/fi\/wp-json\/wp\/v2\/users\/2"}],"replies":[{"embeddable":true,"href":"https:\/\/www.europesays.com\/fi\/wp-json\/wp\/v2\/comments?post=90826"}],"version-history":[{"count":0,"href":"https:\/\/www.europesays.com\/fi\/wp-json\/wp\/v2\/posts\/90826\/revisions"}],"wp:featuredmedia":[{"embeddable":true,"href":"https:\/\/www.europesays.com\/fi\/wp-json\/wp\/v2\/media\/79326"}],"wp:attachment":[{"href":"https:\/\/www.europesays.com\/fi\/wp-json\/wp\/v2\/media?parent=90826"}],"wp:term":[{"taxonomy":"category","embeddable":true,"href":"https:\/\/www.europesays.com\/fi\/wp-json\/wp\/v2\/categories?post=90826"},{"taxonomy":"post_tag","embeddable":true,"href":"https:\/\/www.europesays.com\/fi\/wp-json\/wp\/v2\/tags?post=90826"}],"curies":[{"name":"wp","href":"https:\/\/api.w.org\/{rel}","templated":true}]}}