{"id":90827,"date":"2025-11-15T13:44:09","date_gmt":"2025-11-15T13:44:09","guid":{"rendered":"https:\/\/www.europesays.com\/fi\/90827\/"},"modified":"2025-11-15T13:44:09","modified_gmt":"2025-11-15T13:44:09","slug":"axel-milliam-yllatyspaljastus-rakkaastaan-seiska","status":"publish","type":"post","link":"https:\/\/www.europesays.com\/fi\/90827\/","title":{"rendered":"Axel Milliam: Yll\u00e4tyspaljastus rakkaastaan | Seiska"},"content":{"rendered":"<p>            Timo Korhonen\n        <\/p>\n<p class=\"subtitle \">Axel Milliam jakaa Seiskalle ik\u00e4v\u00e4n asian menneisyydest\u00e4\u00e4n.<\/p>\n<p class=\"article-content article-content-width !bg-background\">Turussa perheens\u00e4 kanssa asuva n\u00e4yttelij\u00e4 , 31, muutti t\u00e4n\u00e4 vuonna isompaan kotiin puolisonsa  sek\u00e4 lasten  ja  kanssa.<\/p>\n<p class=\"article-content article-content-width !bg-background\">Mukana muuttivat my\u00f6s heid\u00e4n kaksi kissaansa. Kasvanut perhe oli kaivannut uutta kotia.<\/p>\n<p class=\"article-content article-content-width !bg-background\">\u2013 Meill\u00e4 on nyt puolet isompi asunto. Haluan, ett\u00e4 pojat saavat testata mahdollisimman paljon kaikkea ihan urheilulajeista soittamiseen ja etsi\u00e4 omaa juttuaan. Se tarkoittaa my\u00f6s sit\u00e4, ett\u00e4 tavaraa tulee aika paljon.<\/p>\n<p class=\"article-content article-content-width !bg-background\">Axelista tuntuu, ett\u00e4 h\u00e4nen unelmansa ovat toteutuneet. H\u00e4n oli haaveillut perheest\u00e4 ja omasta talosta pitk\u00e4\u00e4n.<\/p>\n<p>\u201dSe oikea\u201d l\u00f6ytyi<\/p>\n<p class=\"article-content article-content-width !bg-background\">El\u00e4m\u00e4 otti viisi vuotta sitten uuden suunnan, kun Axel muutti takaisin Suomeen Lontoossa vietettyjen vuosien j\u00e4lkeen ja tutustui tulevaan puolisoonsa.\u00a0<\/p>\n<p class=\"article-content article-content-width !bg-background\">H\u00e4n aloitti Salatuissa el\u00e4miss\u00e4 Kristian Harjun hahmoa n\u00e4ytellen, ja ensimm\u00e4iset jaksot tulivat televisiosta alkuvuodesta 2021. Pariskunnan esikoinen Luca syntyi saman vuoden elokuussa ja Noah toukokuussa 2024.<\/p>\n<p class=\"article-content article-content-width !bg-background\">\u2013 Koin villit nuoruusvuoteni, jolloin olin tosi yksin\u00e4inen. Olin todella surullinen opiskeluaikoina. Ei siit\u00e4 el\u00e4m\u00e4ntyylist\u00e4 olisi uskonut, ett\u00e4 haluan omia muksuja ja olla perheenis\u00e4.<\/p>\n<p class=\"article-content article-content-width !bg-background\">\u2013 Uskon odottaneeni vain t\u00e4t\u00e4 hetke\u00e4, kun olen onnellinen ja kaikki asiat ovat j\u00e4rjestyksess\u00e4.<\/p>\n<p class=\"article-content article-content-width !bg-background\">Sill\u00e4 hetkell\u00e4 kun Axel tapasi Yasminin, h\u00e4n tiesi kyseess\u00e4 olleen \u201dse oikea\u201d. Pariskunta meni kihloihin, kun Axel t\u00e4ytti py\u00f6re\u00e4t 30 vuotta viime vuonna.<\/p>\n<p>                <img decoding=\"async\" src=\"https:\/\/www.europesays.com\/fi\/wp-content\/uploads\/2025\/11\/1991462.webp\" width=\"576\" height=\"720\" alt=\"Jotkut Axelin l\u00e4hipiirist\u00e4 ovat olleet huolissaan painonpudotuksesta. \u2013 Mutta haluan alleviivata sit\u00e4, etten laihduta, vaan etusijalla ovat oma hyvinvointi ja terveelliset elintavat. Painonpudotus tuli siin\u00e4 ik\u00e4\u00e4n kuin sivutuotteena.\" loading=\"lazy\" \/>            <\/p>\n<p>\n            Jotkut Axelin l\u00e4hipiirist\u00e4 ovat olleet huolissaan painonpudotuksesta. \u2013 Mutta haluan alleviivata sit\u00e4, etten laihduta, vaan etusijalla ovat oma hyvinvointi ja terveelliset elintavat. Painonpudotus tuli siin\u00e4 ik\u00e4\u00e4n kuin sivutuotteena.<br \/>\n            Timo Korhonen\n        <\/p>\n<p>\u201dValitse hyv\u00e4 kumppani\u201d<\/p>\n<p class=\"article-content article-content-width !bg-background\">Perhe on Axelille etusijalla. H\u00e4nell\u00e4 on v\u00e4h\u00e4n vapaa-aikaa, joten h\u00e4n k\u00e4ytt\u00e4\u00e4 kaiken mahdollisen ajan lapsiinsa ja puolisoonsa.<\/p>\n<p class=\"article-content article-content-width !bg-background\">Axel oli viime kes\u00e4n Kangasalan kes\u00e4teatterin farssissa Ranskalainen pyjama. Syksyll\u00e4 h\u00e4n oli Salkkareiden ohella Daddy Bear -leffan kuvauksissa. Elokuvan ohjaa Salkkareista tutun  puoliso , ja Axel on siin\u00e4 p\u00e4\u00e4osassa.\u00a0<\/p>\n<p class=\"article-content article-content-width !bg-background\">Kiireisest\u00e4 vuodesta Axel ei olisi selvinnyt ilman rakastaan.<\/p>\n<p class=\"article-content article-content-width !bg-background\">\u2013 Valitse hyv\u00e4 kumppani, Axel nauraa ja jatkaa:<\/p>\n<p class=\"article-content article-content-width !bg-background\">\u2013 Se mahdollistaa tosi paljon. Yasmin on ihan huikea. H\u00e4n tukee uraani kaikella mahdollisella tavalla.<\/p>\n<p class=\"article-content article-content-width !bg-background\">Pariskunta on saanut ty\u00f6t ja perhe-el\u00e4m\u00e4n tasapainoon sopimalla selke\u00e4n ty\u00f6njaon.<\/p>\n<p class=\"article-content article-content-width !bg-background\">\u2013 Olemme saaneet kaksi k\u00e4rp\u00e4st\u00e4 yhdell\u00e4 iskulla. H\u00e4n haluaa olla kotona lasten kanssa, ja se puolestaan tukee uraani ja ty\u00f6ntekoani. Pystyn keskittym\u00e4\u00e4n t\u00f6ihin, ja Yasmin hoitaa kodin. Siin\u00e4 ohessa h\u00e4n tekee omia intohimoprojektejaan.<\/p>\n<p>        <a itemprop=\"url\" href=\"https:\/\/www.seiska.fi\/kotimaa\/salkkareista-tuttu-axel-milliam-kihlat\/1341423\" rel=\"nofollow noopener\" target=\"_blank\"><\/p>\n<p class=\"section-date\">\n        <strong class=\"article-section\" data-section=\"kotimaa\"><br \/>\n            kotimaa<br \/>\n        <\/strong><br \/>\n        6.5.2024 10:49\n    <\/p>\n<p>Salkkareista tuttu Axel Milliam: kihlat!\n    <\/p>\n<p itemprop=\"description\" class=\"subtitle \">\n    Axel ja h\u00e4nen Yasmin-rakkaansa ovat menneet kihloihin. Pari odottaa toista yhteist\u00e4 lastaan.\n<\/p>\n<p>        <\/a><\/p>\n<p>Hurja ulkon\u00e4k\u00f6muutos<\/p>\n<p class=\"article-content article-content-width !bg-background\">Ainakin Salkkareiden tosifanit huomaavat heti, ett\u00e4 Axelin ulkon\u00e4\u00f6ss\u00e4 on tapahtunut hurja muutos. H\u00e4nen hiuksensa ovat l\u00e4hteneet.<\/p>\n<p class=\"article-content article-content-width !bg-background\">Hiuksista luopuminen liittyy Salattujen el\u00e4mien tulevaan juonenk\u00e4\u00e4nteeseen. Muuttuneet kasvonpiirteetkin selittyv\u00e4t sill\u00e4. Axelin roolihahmo Kristian on kamppaillut sarjassa ravitsemuksen kanssa.<\/p>\n<p class=\"article-content article-content-width !bg-background\">\u2013 Minulla oli jo valmiiksi ajatus siit\u00e4, ett\u00e4 haluaisin muuttaa el\u00e4m\u00e4ntapojani terveellisemm\u00e4ksi, mutten ollut tehnyt asialle mit\u00e4\u00e4n. Sitten Salkkareiden p\u00e4\u00e4k\u00e4sikirjoittajan kanssa juttelimme tulevista juonikuvioista, ja sain hyv\u00e4n syyn pist\u00e4\u00e4 ruokavalioni uusiksi, h\u00e4n paljastaa.<\/p>\n<p>        <a itemprop=\"url\" href=\"https:\/\/www.seiska.fi\/kotimaa\/salkkarit-komistus-vaihtaa-maisemaa-tata-on-odotettu\/1520427\" rel=\"nofollow noopener\" target=\"_blank\"><\/p>\n<p class=\"section-date\">\n        <strong class=\"article-section\" data-section=\"kotimaa\"><br \/>\n            kotimaa<br \/>\n        <\/strong><br \/>\n        17.11.2024 17:00\n    <\/p>\n<p>Salkkarit-komistus vaihtaa maisemaa: &#8221;T\u00e4t\u00e4 on odotettu&#8221;\n    <\/p>\n<p itemprop=\"description\" class=\"subtitle \">\n    Alex Milliam teki el\u00e4m\u00e4ntilanteeseensa sopivan varotoimenpiteen.\n<\/p>\n<p>        <\/a><\/p>\n<p>Paino putosi<\/p>\n<p class=\"article-content article-content-width !bg-background\">Axel kertoo painonsa pudonneen jopa 13 kiloa sen j\u00e4lkeen, kun h\u00e4n j\u00e4tti kofeiinin ja sokerin. Aiemmin h\u00e4n naposteli karkkeja ja joi kolajuomia automatkoilla Turku\u2013Helsinki-v\u00e4lill\u00e4 ja saattoi juoda jopa 15 kuppia kahvia p\u00e4iv\u00e4ss\u00e4.<\/p>\n<p class=\"article-content article-content-width !bg-background\">\u2013 Ensimm\u00e4inen viikko oli pahin. Minulla oli aivan j\u00e4rkytt\u00e4v\u00e4 olo ja p\u00e4\u00e4t\u00e4ni s\u00e4rki.<\/p>\n<p class=\"article-content article-content-width !bg-background\">Seuraavien kuukausien aikana painoa suli kuin itsest\u00e4\u00e4n pois.<\/p>\n<p class=\"article-content article-content-width !bg-background\">\u2013 En ole k\u00e4ynyt salilla kuin ehk\u00e4 kuusi kertaa t\u00e4n\u00e4 vuonna, eli en ole mitenk\u00e4\u00e4n merkitt\u00e4v\u00e4sti lis\u00e4nnyt liikuntaakaan. Vatsalihakset n\u00e4kyv\u00e4t, ja olo on virke\u00e4 ja mahtava. Aivosumu on poissa, ja repliikitkin j\u00e4\u00e4v\u00e4t paremmin mieleen, Axel hehkuttaa.<\/p>\n<p>        <a itemprop=\"url\" href=\"https:\/\/www.seiska.fi\/kotimaa\/nain-salatut-elamat-tahti-loysi-puolisonsa-ohittivat-toisensa-lukemattomia-kertoja\/1352665\" rel=\"nofollow noopener\" target=\"_blank\"><\/p>\n<p class=\"section-date\">\n        <strong class=\"article-section\" data-section=\"kotimaa\"><br \/>\n            kotimaa<br \/>\n        <\/strong><br \/>\n        23.5.2024 19:00\n    <\/p>\n<p>N\u00e4in Salatut el\u00e4m\u00e4t -t\u00e4hti l\u00f6ysi puolisonsa! Ohittivat toisensa lukemattomia kertoja\n    <\/p>\n<p itemprop=\"description\" class=\"subtitle \">\n    Axel Milliamin ja puoliso Yasminin tapaaminen oli heti alusta l\u00e4htien kuin kirjoitettu t\u00e4htiin, ja el\u00e4m\u00e4 heid\u00e4n tapaamisensa j\u00e4lkeen onkin ollut pelkk\u00e4\u00e4 satua.\n<\/p>\n<p>        <\/a><\/p>\n<p>                <img decoding=\"async\" src=\"https:\/\/www.europesays.com\/fi\/wp-content\/uploads\/2025\/11\/1991458.webp\" width=\"576\" height=\"720\" alt=\"Axel jaksaa puuhata lasten kanssa enemm\u00e4n, eiv\u00e4tk\u00e4 h\u00e4nen polvensa en\u00e4\u00e4 s\u00e4rje. Se on tulosta sokerista ja kofeiinista luopumisesta.\" loading=\"lazy\" \/>            <\/p>\n<p>\n            Axel jaksaa puuhata lasten kanssa enemm\u00e4n, eiv\u00e4tk\u00e4 h\u00e4nen polvensa en\u00e4\u00e4 s\u00e4rje. Se on tulosta sokerista ja kofeiinista luopumisesta.<br \/>\n            Timo Korhonen\n        <\/p>\n","protected":false},"excerpt":{"rendered":"Timo Korhonen Axel Milliam jakaa Seiskalle ik\u00e4v\u00e4n asian menneisyydest\u00e4\u00e4n. Turussa perheens\u00e4 kanssa asuva n\u00e4yttelij\u00e4 , 31, muutti t\u00e4n\u00e4&hellip;\n","protected":false},"author":2,"featured_media":90828,"comment_status":"","ping_status":"","sticky":false,"template":"","format":"standard","meta":{"footnotes":""},"categories":[136],"tags":[542,18167,407,2995,137,33,31,30,408,1233,98,209,651,32,109,18166],"class_list":{"0":"post-90827","1":"post","2":"type-post","3":"status-publish","4":"format-standard","5":"has-post-thumbnail","7":"category-julkkikset","8":"tag-asuminen","9":"tag-axel-milliam","10":"tag-celebrities","11":"tag-elamantapamuutos","12":"tag-entertainment","13":"tag-fi","14":"tag-finland","15":"tag-finnish","16":"tag-julkkikset","17":"tag-koti","18":"tag-perhe","19":"tag-salatut-elamat","20":"tag-suhteet","21":"tag-suomi","22":"tag-viihde","23":"tag-yasmin-manelius"},"share_on_mastodon":{"url":"https:\/\/pubeurope.com\/@fi\/115554016690183953","error":""},"_links":{"self":[{"href":"https:\/\/www.europesays.com\/fi\/wp-json\/wp\/v2\/posts\/90827","targetHints":{"allow":["GET"]}}],"collection":[{"href":"https:\/\/www.europesays.com\/fi\/wp-json\/wp\/v2\/posts"}],"about":[{"href":"https:\/\/www.europesays.com\/fi\/wp-json\/wp\/v2\/types\/post"}],"author":[{"embeddable":true,"href":"https:\/\/www.europesays.com\/fi\/wp-json\/wp\/v2\/users\/2"}],"replies":[{"embeddable":true,"href":"https:\/\/www.europesays.com\/fi\/wp-json\/wp\/v2\/comments?post=90827"}],"version-history":[{"count":0,"href":"https:\/\/www.europesays.com\/fi\/wp-json\/wp\/v2\/posts\/90827\/revisions"}],"wp:featuredmedia":[{"embeddable":true,"href":"https:\/\/www.europesays.com\/fi\/wp-json\/wp\/v2\/media\/90828"}],"wp:attachment":[{"href":"https:\/\/www.europesays.com\/fi\/wp-json\/wp\/v2\/media?parent=90827"}],"wp:term":[{"taxonomy":"category","embeddable":true,"href":"https:\/\/www.europesays.com\/fi\/wp-json\/wp\/v2\/categories?post=90827"},{"taxonomy":"post_tag","embeddable":true,"href":"https:\/\/www.europesays.com\/fi\/wp-json\/wp\/v2\/tags?post=90827"}],"curies":[{"name":"wp","href":"https:\/\/api.w.org\/{rel}","templated":true}]}}