{"id":90894,"date":"2025-11-15T15:14:12","date_gmt":"2025-11-15T15:14:12","guid":{"rendered":"https:\/\/www.europesays.com\/fi\/90894\/"},"modified":"2025-11-15T15:14:12","modified_gmt":"2025-11-15T15:14:12","slug":"ukrainan-lihamylly-syo-venajan-armeijaa-sotilaita-karkaa-rintamalta-yha-enemman","status":"publish","type":"post","link":"https:\/\/www.europesays.com\/fi\/90894\/","title":{"rendered":"Ukrainan lihamylly sy\u00f6 Ven\u00e4j\u00e4n armeijaa: Sotilaita karkaa rintamalta yh\u00e4 enemm\u00e4n"},"content":{"rendered":"<p class=\"ai-optimize-6 ai-optimize-introduction\">Ukrainan rintamaan paikan p\u00e4\u00e4ll\u00e4 tutustunut sotilasasiantuntija <strong>Michael Kofman<\/strong> toteaa Ven\u00e4j\u00e4n kaatuneiden m\u00e4\u00e4r\u00e4n kasvaneen merkitt\u00e4v\u00e4sti vuonna 2025. Samalla haavoittuneiden osuus tappioista on laskenut, sill\u00e4 haavoittuneita sotilaita on yksinkertaisesti vaikea pelastaa droonien ja tykist\u00f6tulen runtelemalta rintaman\u201dtappoalueelta\u201d.<\/p>\n<p class=\"ai-optimize-9\">\u2013 \u00a0Ven\u00e4j\u00e4n t\u00e4m\u00e4nvuotiset voitot ovat vaatineet kovan hinnan peruuttamattomien miestappioiden muodossa, Carnegie-ajatuspajan tutkijana toimiva Kofman kirjoittaa viestipalvelu X:ss\u00e4.<\/p>\n<p class=\"ai-optimize-10\">Kofmanin mukaan Ven\u00e4j\u00e4n kuukausittaiset peruuttamattomat miestappiot ovat jo sit\u00e4 luokkaa, ett\u00e4 Ven\u00e4j\u00e4 on joutunut keskittym\u00e4\u00e4n joukkojensa kasvattamisen sijasta kaatuneiden korvaamiseen. Ven\u00e4j\u00e4 rekrytoi kuukaudessa noin 30-35 000 uutta sotilasta, ja Kofmanin mukaan tappiot ovat nousseet yli 25 000 sotilaaseen kuukaudessa. Henkil\u00f6st\u00f6n laatu k\u00e4rsii t\u00e4st\u00e4, h\u00e4n toteaa, ja yh\u00e4 useammat ven\u00e4l\u00e4issotilaat karkaavat rintamalta.<\/p>\n<p class=\"ai-optimize-14\">Kofman on kuvaillut ven\u00e4l\u00e4issotilaiden etenev\u00e4n verisesti rintamallan \u201dharmaalla alueella\u201d, jossa ukrainalaisten ja ven\u00e4l\u00e4isten asemat ovat sulautuneet yhteen. Tilanne on sekava, mutta Ven\u00e4j\u00e4n voitot loppupeliss\u00e4 pieni\u00e4, my\u00f6s tappioihin suhteutettuna.<\/p>\n<p class=\"ai-optimize-15\">\u2013 Taktiikkansa ansiosta ven\u00e4l\u00e4isjoukot voivat yll\u00e4pit\u00e4\u00e4 painetta ja pakottautua rintaman l\u00e4pi, mutta se ei ole johtanut momentumiin tai operatiivisesti merkitt\u00e4viin l\u00e4pimurtoihin. T\u00e4st\u00e4 syyst\u00e4 \u201dkes\u00e4n suurhy\u00f6kk\u00e4ys\u201d on enemm\u00e4nkin kokovuotinen juttu.<\/p>\n<p class=\"ai-optimize-18\">Ukrainan ongelmana on t\u00e4ll\u00e4 hetkell\u00e4 yh\u00e4 miespula, mutta Kofman uskoo talven rauhoittavan rintamatilanteen. Ven\u00e4j\u00e4n infiltraatiotaktiikkaa on vaikeaa toteuttaa talvisissa oloissa, vaikka talvi osaltaan my\u00f6s rajoittaa Ukrainan puolustusta.<\/p>\n<p class=\"ai-optimize-20\">\u2013 L\u00e4hikuukaudet tulevat olemaan vaikeita, ja tilanne pahenee entisest\u00e4\u00e4n ennen kuin asiat paranevat tai vakiintuvat. Mutta jatkuvalla tuella ja kohdistamalla Ven\u00e4j\u00e4\u00e4n painetta Ukraina voi vakauttaa suuren osan rintamasta talven aikana, ja sill\u00e4 on mahdolliset jatkaa taistelua vuonna 2026, Kofman arvioi.<\/p>\n<blockquote class=\"twitter-tweet\" data-width=\"550\" data-dnt=\"true\">\n<p lang=\"en\" dir=\"ltr\">Russian unrecoverable casualties (25k+) have been inching up towards their monthly recruitment rate (30-35k) such that in 2025 they had to focus on loss replacement as opposed to force expansion. The quality keeps going down. Desertion has also gone up within Russian ranks. 18\/<\/p>\n<p>\u2014 Michael Kofman (@KofmanMichael) <a href=\"https:\/\/twitter.com\/KofmanMichael\/status\/1989384513181684205?ref_src=twsrc%5Etfw\" rel=\"nofollow noopener\" target=\"_blank\">November 14, 2025<\/a><\/p>\n<\/blockquote>\n<p>\u00a0<\/p>\n<p>\u00a0<\/p>\n<p>\t\t\t\t<script async src=\"https:\/\/platform.twitter.com\/widgets.js\" charset=\"utf-8\"><\/script><\/p>\n","protected":false},"excerpt":{"rendered":"Ukrainan rintamaan paikan p\u00e4\u00e4ll\u00e4 tutustunut sotilasasiantuntija Michael Kofman toteaa Ven\u00e4j\u00e4n kaatuneiden m\u00e4\u00e4r\u00e4n kasvaneen merkitt\u00e4v\u00e4sti vuonna 2025. Samalla haavoittuneiden&hellip;\n","protected":false},"author":2,"featured_media":90895,"comment_status":"","ping_status":"","sticky":false,"template":"","format":"standard","meta":{"footnotes":""},"categories":[14],"tags":[22,23,26,27,33,31,30,17,24,25,28,29,15,18,21,32,19,20,549,56,16,59,60,61],"class_list":{"0":"post-90894","1":"post","2":"type-post","3":"status-publish","4":"format-standard","5":"has-post-thumbnail","7":"category-ulkomaat","8":"tag-breaking-news","9":"tag-breakingnews","10":"tag-featured-news","11":"tag-featurednews","12":"tag-fi","13":"tag-finland","14":"tag-finnish","15":"tag-headlines","16":"tag-latest-news","17":"tag-latestnews","18":"tag-main-news","19":"tag-mainnews","20":"tag-news","21":"tag-otsikot","22":"tag-paauutiset","23":"tag-suomi","24":"tag-top-stories","25":"tag-topstories","26":"tag-ukrainan-sota","27":"tag-ulkomaat","28":"tag-uutiset","29":"tag-world","30":"tag-world-news","31":"tag-worldnews"},"share_on_mastodon":{"url":"https:\/\/pubeurope.com\/@fi\/115554370555659855","error":""},"_links":{"self":[{"href":"https:\/\/www.europesays.com\/fi\/wp-json\/wp\/v2\/posts\/90894","targetHints":{"allow":["GET"]}}],"collection":[{"href":"https:\/\/www.europesays.com\/fi\/wp-json\/wp\/v2\/posts"}],"about":[{"href":"https:\/\/www.europesays.com\/fi\/wp-json\/wp\/v2\/types\/post"}],"author":[{"embeddable":true,"href":"https:\/\/www.europesays.com\/fi\/wp-json\/wp\/v2\/users\/2"}],"replies":[{"embeddable":true,"href":"https:\/\/www.europesays.com\/fi\/wp-json\/wp\/v2\/comments?post=90894"}],"version-history":[{"count":0,"href":"https:\/\/www.europesays.com\/fi\/wp-json\/wp\/v2\/posts\/90894\/revisions"}],"wp:featuredmedia":[{"embeddable":true,"href":"https:\/\/www.europesays.com\/fi\/wp-json\/wp\/v2\/media\/90895"}],"wp:attachment":[{"href":"https:\/\/www.europesays.com\/fi\/wp-json\/wp\/v2\/media?parent=90894"}],"wp:term":[{"taxonomy":"category","embeddable":true,"href":"https:\/\/www.europesays.com\/fi\/wp-json\/wp\/v2\/categories?post=90894"},{"taxonomy":"post_tag","embeddable":true,"href":"https:\/\/www.europesays.com\/fi\/wp-json\/wp\/v2\/tags?post=90894"}],"curies":[{"name":"wp","href":"https:\/\/api.w.org\/{rel}","templated":true}]}}