{"id":90900,"date":"2025-11-15T15:28:07","date_gmt":"2025-11-15T15:28:07","guid":{"rendered":"https:\/\/www.europesays.com\/fi\/90900\/"},"modified":"2025-11-15T15:28:07","modified_gmt":"2025-11-15T15:28:07","slug":"tama-kuva-sampo-kaulasesta-hatkayttaa","status":"publish","type":"post","link":"https:\/\/www.europesays.com\/fi\/90900\/","title":{"rendered":"T\u00e4m\u00e4 kuva Sampo Kaulasesta h\u00e4tk\u00e4ytt\u00e4\u00e4"},"content":{"rendered":"<p>Palkittu yritt\u00e4j\u00e4 ja miljoonikko Sampo Kaulanen on p\u00e4\u00e4tynyt tauluksi.<\/p>\n<p>Kyll\u00e4!<\/p>\n<p>Taiteilija-runoilija Minna Kristiina Pietarinen on ottanut Sampon sek\u00e4 kuvataiteen ett\u00e4 runouden aiheeksi, ja mies esiintyy taulun muodossa kauppakeskus Ainoassa j\u00e4rjestett\u00e4v\u00e4ss\u00e4 n\u00e4yttelyss\u00e4.<\/p>\n<p>Lue my\u00f6s: <a href=\"https:\/\/www.como.fi\/uutiset\/koko-sampo-kaulasen-perhe-ambulanssilla-sairaalaan-meilla-on-perhehuone\/\" title=\"Koko Sampo Kaulasen perhe ambulanssilla sairaalaan: \u201dMeill\u00e4 on perhehuone\u201d\" class=\"underline-custom !font-montserrat !font-bold !underline-offset-4 !decoration-4 !decoration-red-600 !text-md\" rel=\"nofollow noopener\" target=\"_blank\">Koko Sampo Kaulasen perhe ambulanssilla sairaalaan: \u201dMeill\u00e4 on perhehuone\u201d<\/a><\/p>\n<p>-Upea Sampo kertoo oman tarinansa hyvin avoimesti maalaamassani ja runoilemassani yritt\u00e4jien tarinoista kertovassa Kiitos-n\u00e4yttelyss\u00e4ni Kauppakeskus Ainoassa. Ikuistin maalaukseen Sampon el\u00e4m\u00e4n yhden merkityksillimm\u00e4n hetken ja kirjoitin h\u00e4nelle my\u00f6s runon, taiteilija kertoo.<\/p>\n<p>Lue my\u00f6s: <a href=\"https:\/\/www.como.fi\/uutiset\/sampo-kaulaselle-ja-perheelle-totaalinen-elamanmuutos-yllattaa-monet\/\" title=\"Sampo Kaulaselle ja perheelle totaalinen el\u00e4m\u00e4nmuutos \u2013 yll\u00e4tt\u00e4\u00e4 monet!\" class=\"underline-custom !font-montserrat !font-bold !underline-offset-4 !decoration-4 !decoration-red-600 !text-md\" rel=\"nofollow noopener\" target=\"_blank\">Sampo Kaulaselle ja perheelle totaalinen el\u00e4m\u00e4nmuutos \u2013 yll\u00e4tt\u00e4\u00e4 monet!<\/a><\/p>\n<p>Runon voi lukea alta p\u00e4ivityksest\u00e4 tai <strong><a href=\"https:\/\/www.instagram.com\/p\/DRE1HmrjCDS\/\" rel=\"nofollow noopener\" target=\"_blank\">t\u00e4st\u00e4.<\/a><\/strong><\/p>\n<p>Kuvassa Sampon el\u00e4m\u00e4 muuttuu, kun h\u00e4n k\u00e4y rituaaliretriitiss\u00e4 Kolumbian viidakossa.<\/p>\n<p>Lue my\u00f6s: <a href=\"https:\/\/www.como.fi\/tilaa-comon-uutiskirje\/\" title=\"Tilaa Comon uutiskirje ja tied\u00e4t mist\u00e4 kahvitauolla puhutaan! Nappaa kotimaan tv-vinkit ja puheenaiheet suoraan s\u00e4hk\u00f6postiin t\u00e4st\u00e4.\" class=\"underline-custom !font-montserrat !font-bold !underline-offset-4 !decoration-4 !decoration-red-600 !text-md\" rel=\"nofollow noopener\" target=\"_blank\">Tilaa Comon uutiskirje ja tied\u00e4t mist\u00e4 kahvitauolla puhutaan! Nappaa kotimaan tv-vinkit ja puheenaiheet suoraan s\u00e4hk\u00f6postiin t\u00e4st\u00e4.<\/a><\/p>\n<p>\t\t\t<script async src=\"\/\/www.instagram.com\/embed.js\"><\/script><\/p>\n","protected":false},"excerpt":{"rendered":"Palkittu yritt\u00e4j\u00e4 ja miljoonikko Sampo Kaulanen on p\u00e4\u00e4tynyt tauluksi. Kyll\u00e4! Taiteilija-runoilija Minna Kristiina Pietarinen on ottanut Sampon sek\u00e4&hellip;\n","protected":false},"author":2,"featured_media":90901,"comment_status":"","ping_status":"","sticky":false,"template":"","format":"standard","meta":{"footnotes":""},"categories":[136],"tags":[407,137,33,31,30,408,2922,32,109],"class_list":{"0":"post-90900","1":"post","2":"type-post","3":"status-publish","4":"format-standard","5":"has-post-thumbnail","7":"category-julkkikset","8":"tag-celebrities","9":"tag-entertainment","10":"tag-fi","11":"tag-finland","12":"tag-finnish","13":"tag-julkkikset","14":"tag-sampo-kaulanen","15":"tag-suomi","16":"tag-viihde"},"share_on_mastodon":{"url":"https:\/\/pubeurope.com\/@fi\/115554425641136928","error":""},"_links":{"self":[{"href":"https:\/\/www.europesays.com\/fi\/wp-json\/wp\/v2\/posts\/90900","targetHints":{"allow":["GET"]}}],"collection":[{"href":"https:\/\/www.europesays.com\/fi\/wp-json\/wp\/v2\/posts"}],"about":[{"href":"https:\/\/www.europesays.com\/fi\/wp-json\/wp\/v2\/types\/post"}],"author":[{"embeddable":true,"href":"https:\/\/www.europesays.com\/fi\/wp-json\/wp\/v2\/users\/2"}],"replies":[{"embeddable":true,"href":"https:\/\/www.europesays.com\/fi\/wp-json\/wp\/v2\/comments?post=90900"}],"version-history":[{"count":0,"href":"https:\/\/www.europesays.com\/fi\/wp-json\/wp\/v2\/posts\/90900\/revisions"}],"wp:featuredmedia":[{"embeddable":true,"href":"https:\/\/www.europesays.com\/fi\/wp-json\/wp\/v2\/media\/90901"}],"wp:attachment":[{"href":"https:\/\/www.europesays.com\/fi\/wp-json\/wp\/v2\/media?parent=90900"}],"wp:term":[{"taxonomy":"category","embeddable":true,"href":"https:\/\/www.europesays.com\/fi\/wp-json\/wp\/v2\/categories?post=90900"},{"taxonomy":"post_tag","embeddable":true,"href":"https:\/\/www.europesays.com\/fi\/wp-json\/wp\/v2\/tags?post=90900"}],"curies":[{"name":"wp","href":"https:\/\/api.w.org\/{rel}","templated":true}]}}