{"id":90904,"date":"2025-11-15T15:31:07","date_gmt":"2025-11-15T15:31:07","guid":{"rendered":"https:\/\/www.europesays.com\/fi\/90904\/"},"modified":"2025-11-15T15:31:07","modified_gmt":"2025-11-15T15:31:07","slug":"kalpa-jyp-mtv-katsomo","status":"publish","type":"post","link":"https:\/\/www.europesays.com\/fi\/90904\/","title":{"rendered":"KalPa &#8211; JYP &#8211; MTV Katsomo"},"content":{"rendered":"<ol>\n<li><a href=\"https:\/\/news.google.com\/rss\/articles\/CBMiaEFVX3lxTE5LOU1GRnNDY2NzaVlWSXdMWV9JNjZWQTFlcDlHdTctbTBsNFp5NDc5VkFDb2xuY3lSRFZ3RW1qLVRJRVRudnJhMERKZThISmNPejRRNlRjUk0yUDlEYlRINVNUQnU2RUhW?oc=5\" target=\"_blank\" rel=\"nofollow noopener\">KalPa &#8211; JYP<\/a>&nbsp;&nbsp;MTV Katsomo<\/li>\n<li><a href=\"https:\/\/news.google.com\/rss\/articles\/CBMiXkFVX3lxTE5pSkZTWGJaZmx6OUhPeC1kU2ViVWJfcHM0b0tLQ2FPbkdRWndCa1dHcFpvWHhsTTM5bVZKX21mRVp6bHZEZzBNZmljdEROZk5XbjhWVjJGUUZKalR4c1E?oc=5\" target=\"_blank\" rel=\"nofollow noopener\">K\u00e4rppien ottelussa paloh\u00e4lytys \u2013 joukkueet ulos j\u00e4\u00e4lt\u00e4<\/a>&nbsp;&nbsp;Ilta-Sanomat<\/li>\n<li><a href=\"https:\/\/news.google.com\/rss\/articles\/CBMiiAFBVV95cUxQZnZKc09nbzZiWVYyMC1tYkZZWjYxZ2RvU2l1ZDV3dVJWRm5RSmRiSFBqVWFqd1Z5TDM3RmgzMGRTdWt1VDQwdDRITlljZTZBSm9CVmZIU1hVMmJ1WFdDbTVaU29jUzJfSDM3T1hnaldyRXp6NHpQakpiUll0dWlBbk1DRlJvSzdM?oc=5\" target=\"_blank\" rel=\"nofollow noopener\">HIFK-kannattajien soihtujen aiheuttama paloh\u00e4lytys ohi \u2013 K\u00e4rppien ottelu p\u00e4\u00e4see alkamaan<\/a>&nbsp;&nbsp;Kaleva<\/li>\n<li><a href=\"https:\/\/news.google.com\/rss\/articles\/CBMigAFBVV95cUxPT1pSTEJ3WmJUWHBKM3pTNFp4NVRzelc0SkZsVy04UjVONGNhc29ta2ZoMUZwN2lQeUZmRUQ1VU9YQWpKOXRkUk96NXhzZW51SG9vZzRtNEhySHluZzRFek5hOE5VWGswTGZOZEZBejBIVnZ2Vzd1bkJwV2kwd1ZRSw?oc=5\" target=\"_blank\" rel=\"nofollow noopener\">K\u00e4ytt\u00e4\u00e4k\u00f6 K\u00e4rp\u00e4t revanssimahdollisuutensa hyv\u00e4kseen?<\/a>&nbsp;&nbsp;Iltalehti<\/li>\n<li><a href=\"https:\/\/news.google.com\/rss\/articles\/CBMiXEFVX3lxTE9aZmVCemZtM1k2bmloUGd6NFRUVEktYUNzNVhrUUNvZVBWcHBPTjdZUkllSXRycDRPa1hUU2JPNVo5VTl1NkRfWlJ3akJjNUtTd2N4RWt6X3N3a2cw?oc=5\" target=\"_blank\" rel=\"nofollow noopener\">Kommentti | HIFK:n touhu on tragikoomista<\/a>&nbsp;&nbsp;HS.fi<\/li>\n<\/ol>\n","protected":false},"excerpt":{"rendered":"KalPa &#8211; JYP&nbsp;&nbsp;MTV Katsomo K\u00e4rppien ottelussa paloh\u00e4lytys \u2013 joukkueet ulos j\u00e4\u00e4lt\u00e4&nbsp;&nbsp;Ilta-Sanomat HIFK-kannattajien soihtujen aiheuttama paloh\u00e4lytys ohi \u2013 K\u00e4rppien&hellip;\n","protected":false},"author":2,"featured_media":90905,"comment_status":"","ping_status":"","sticky":false,"template":"","format":"standard","meta":{"footnotes":""},"categories":[133],"tags":[137,33,31,30,32,206,156,109],"class_list":{"0":"post-90904","1":"post","2":"type-post","3":"status-publish","4":"format-standard","5":"has-post-thumbnail","7":"category-televisiot","8":"tag-entertainment","9":"tag-fi","10":"tag-finland","11":"tag-finnish","12":"tag-suomi","13":"tag-televisiot","14":"tag-tv","15":"tag-viihde"},"share_on_mastodon":{"url":"https:\/\/pubeurope.com\/@fi\/115554437281029952","error":""},"_links":{"self":[{"href":"https:\/\/www.europesays.com\/fi\/wp-json\/wp\/v2\/posts\/90904","targetHints":{"allow":["GET"]}}],"collection":[{"href":"https:\/\/www.europesays.com\/fi\/wp-json\/wp\/v2\/posts"}],"about":[{"href":"https:\/\/www.europesays.com\/fi\/wp-json\/wp\/v2\/types\/post"}],"author":[{"embeddable":true,"href":"https:\/\/www.europesays.com\/fi\/wp-json\/wp\/v2\/users\/2"}],"replies":[{"embeddable":true,"href":"https:\/\/www.europesays.com\/fi\/wp-json\/wp\/v2\/comments?post=90904"}],"version-history":[{"count":0,"href":"https:\/\/www.europesays.com\/fi\/wp-json\/wp\/v2\/posts\/90904\/revisions"}],"wp:featuredmedia":[{"embeddable":true,"href":"https:\/\/www.europesays.com\/fi\/wp-json\/wp\/v2\/media\/90905"}],"wp:attachment":[{"href":"https:\/\/www.europesays.com\/fi\/wp-json\/wp\/v2\/media?parent=90904"}],"wp:term":[{"taxonomy":"category","embeddable":true,"href":"https:\/\/www.europesays.com\/fi\/wp-json\/wp\/v2\/categories?post=90904"},{"taxonomy":"post_tag","embeddable":true,"href":"https:\/\/www.europesays.com\/fi\/wp-json\/wp\/v2\/tags?post=90904"}],"curies":[{"name":"wp","href":"https:\/\/api.w.org\/{rel}","templated":true}]}}