{"id":9091,"date":"2025-08-18T08:50:09","date_gmt":"2025-08-18T08:50:09","guid":{"rendered":"https:\/\/www.europesays.com\/fi\/9091\/"},"modified":"2025-08-18T08:50:09","modified_gmt":"2025-08-18T08:50:09","slug":"prh-alkaa-rokottaa-myohastymisesta-toimita-tilinpaatos-ajoissa-ja-valta-uusi-maksu","status":"publish","type":"post","link":"https:\/\/www.europesays.com\/fi\/9091\/","title":{"rendered":"PRH alkaa rokottaa my\u00f6h\u00e4stymisest\u00e4 \u2013 Toimita tilinp\u00e4\u00e4t\u00f6s ajoissa ja v\u00e4lt\u00e4 uusi maksu"},"content":{"rendered":"<p>Tilinp\u00e4\u00e4t\u00f6ksen my\u00f6h\u00e4stymismaksu koskee 1.12.2024 ja sen j\u00e4lkeen p\u00e4\u00e4ttyvien tilikausien tilinp\u00e4\u00e4t\u00f6ksi\u00e4.<\/p>\n<p>PRH m\u00e4\u00e4r\u00e4\u00e4 tilinp\u00e4\u00e4t\u00f6ksen my\u00f6h\u00e4stymismaksun, jos osakeyhti\u00f6, osuuskunta, eurooppayhti\u00f6 tai eurooppaosuuskunta ei ilmoita tilinp\u00e4\u00e4t\u00f6st\u00e4 kaupparekisteriin kahdeksan kuukauden kuluessa tilikauden p\u00e4\u00e4ttymisest\u00e4.<\/p>\n<p>\t\t\tMy\u00f6h\u00e4stymismaksu\t\t<\/p>\n<p>Maksun suuruus on m\u00e4\u00e4r\u00e4tty kaupparekisterilaissa ja riippuu my\u00f6h\u00e4stymisen kestosta:<br \/>150 euroa, jos tilinp\u00e4\u00e4t\u00f6s on ilmoitettu enint\u00e4\u00e4n 2 kuukautta my\u00f6h\u00e4ss\u00e4<br \/>300 euroa, jos tilinp\u00e4\u00e4t\u00f6s on ilmoitettu 2\u20134 kuukautta my\u00f6h\u00e4ss\u00e4<br \/>600 euroa, jos tilinp\u00e4\u00e4t\u00f6s on ilmoitettu yli 4 kuukautta my\u00f6h\u00e4ss\u00e4 tai tilinp\u00e4\u00e4t\u00f6st\u00e4 ei ole ilmoitettu.<\/p>\n<p>Maksu on kaksinkertainen, jos yritysmuoto on julkinen osakeyhti\u00f6 tai eurooppayhti\u00f6.<\/p>\n<p>PRH m\u00e4\u00e4r\u00e4\u00e4 kaksinkertaisen maksun my\u00f6s, jos tilinp\u00e4\u00e4t\u00f6st\u00e4 ei ole ilmoitettu ajoissa kahdelta tai useammalta per\u00e4kk\u00e4iselt\u00e4 tilikaudelta.<\/p>\n<p>PRH on t\u00e4st\u00e4 vuodesta alkaen voinut m\u00e4\u00e4r\u00e4t\u00e4 maksun my\u00f6s yrityksille, jotka eiv\u00e4t kehotuksesta huolimatta korjaa kaupparekisteritiedoissa olevia puutteita tai virheit\u00e4. T\u00e4m\u00e4 laiminly\u00f6ntimaksu koskee kaikkia yritysmuotoja.<\/p>\n<p>PRH voi m\u00e4\u00e4r\u00e4t\u00e4 300 euron laiminly\u00f6ntimaksun esimerkiksi, jos osoite, p\u00e4\u00e4t\u00f6svaltainen hallitus tai edunsaajatiedot puuttuvat, jos rekisteritiedoissa on virheit\u00e4 (esimerkiksi tilintarkastaja ei ole hyv\u00e4ksytty) tai jos vastuuhenkil\u00f6 tai tilintarkastaja on liiketoimintakiellossa. Laiminly\u00f6ntimaksu on kaksinkertainen, jos yritysmuoto on julkinen osakeyhti\u00f6 tai eurooppayhti\u00f6.<\/p>\n<p>Laiminly\u00f6ntimaksulta puolestaan v\u00e4lttyy pit\u00e4m\u00e4ll\u00e4 yrityksen kaupparekisteritiedot ajan tasalla ja ilmoittamalla puuttuvat tiedot viimeist\u00e4\u00e4n heti sen j\u00e4lkeen, kun yritys on saanut kehotuksen PRH:lta. Kehotus l\u00e4hetet\u00e4\u00e4n kirjepostina.<\/p>\n","protected":false},"excerpt":{"rendered":"Tilinp\u00e4\u00e4t\u00f6ksen my\u00f6h\u00e4stymismaksu koskee 1.12.2024 ja sen j\u00e4lkeen p\u00e4\u00e4ttyvien tilikausien tilinp\u00e4\u00e4t\u00f6ksi\u00e4. PRH m\u00e4\u00e4r\u00e4\u00e4 tilinp\u00e4\u00e4t\u00f6ksen my\u00f6h\u00e4stymismaksun, jos osakeyhti\u00f6, osuuskunta, eurooppayhti\u00f6&hellip;\n","protected":false},"author":2,"featured_media":9092,"comment_status":"","ping_status":"","sticky":false,"template":"","format":"standard","meta":{"footnotes":"","_share_on_mastodon":"0"},"categories":[76],"tags":[79,77,33,31,30,4393,32,78],"class_list":["post-9091","post","type-post","status-publish","format-standard","has-post-thumbnail","category-talous","tag-business","tag-economy","tag-fi","tag-finland","tag-finnish","tag-prh","tag-suomi","tag-talous"],"share_on_mastodon":{"url":"","error":""},"_links":{"self":[{"href":"https:\/\/www.europesays.com\/fi\/wp-json\/wp\/v2\/posts\/9091","targetHints":{"allow":["GET"]}}],"collection":[{"href":"https:\/\/www.europesays.com\/fi\/wp-json\/wp\/v2\/posts"}],"about":[{"href":"https:\/\/www.europesays.com\/fi\/wp-json\/wp\/v2\/types\/post"}],"author":[{"embeddable":true,"href":"https:\/\/www.europesays.com\/fi\/wp-json\/wp\/v2\/users\/2"}],"replies":[{"embeddable":true,"href":"https:\/\/www.europesays.com\/fi\/wp-json\/wp\/v2\/comments?post=9091"}],"version-history":[{"count":0,"href":"https:\/\/www.europesays.com\/fi\/wp-json\/wp\/v2\/posts\/9091\/revisions"}],"wp:featuredmedia":[{"embeddable":true,"href":"https:\/\/www.europesays.com\/fi\/wp-json\/wp\/v2\/media\/9092"}],"wp:attachment":[{"href":"https:\/\/www.europesays.com\/fi\/wp-json\/wp\/v2\/media?parent=9091"}],"wp:term":[{"taxonomy":"category","embeddable":true,"href":"https:\/\/www.europesays.com\/fi\/wp-json\/wp\/v2\/categories?post=9091"},{"taxonomy":"post_tag","embeddable":true,"href":"https:\/\/www.europesays.com\/fi\/wp-json\/wp\/v2\/tags?post=9091"}],"curies":[{"name":"wp","href":"https:\/\/api.w.org\/{rel}","templated":true}]}}