{"id":90911,"date":"2025-11-15T15:42:12","date_gmt":"2025-11-15T15:42:12","guid":{"rendered":"https:\/\/www.europesays.com\/fi\/90911\/"},"modified":"2025-11-15T15:42:12","modified_gmt":"2025-11-15T15:42:12","slug":"antti-lindtman-suomi-on-vaikeimmassa-paikassa-vuosikymmeniin","status":"publish","type":"post","link":"https:\/\/www.europesays.com\/fi\/90911\/","title":{"rendered":"Antti Lindtman: Suomi on vaikeimmassa paikassa vuosikymmeniin"},"content":{"rendered":"<p class=\"ai-optimize-6 ai-optimize-introduction\">SDP:n puheenjohtajan <strong>Antti Lindtmanin<\/strong> mukaan Suomi tarvitsee k\u00e4\u00e4nteen kohti kasvua, luottamusta ja rakentavaa yhteisty\u00f6t\u00e4 niin kotimaassa kuin Euroopassa<\/p>\n<p class=\"ai-optimize-7\">Lindtman puhui lauantaina SDP:n puoluevaltuuston kokouksessa Espoossa.<\/p>\n<p class=\"ai-optimize-8\">Lindtman korosti aitoa julkisen talouden vahvistamista, ty\u00f6llisyyden parantamista ja vihre\u00e4n siirtym\u00e4n vauhdittamista sek\u00e4 vetosi Euroopan maltillisen oikeiston johtoon yhteisty\u00f6n jatkamiseksi.<\/p>\n<p class=\"ai-optimize-9\">Puheenjohtajan mukaan Suomi on vaikeimmassa paikassa vuosikymmeniin, ja hallitus on ep\u00e4onnistunut t\u00e4rkeimmiss\u00e4 tavoitteissaan: talouden, kasvun ja ty\u00f6llisyyden vahvistamisessa.<\/p>\n<p class=\"ai-optimize-10\">Lindtman painotti, ett\u00e4 k\u00e4\u00e4nne parempaan on mahdollinen ainoastaan palauttamalla kansalaisten ja yritysten luottamus ja tekem\u00e4ll\u00e4 pitk\u00e4j\u00e4nteist\u00e4 sek\u00e4 vastuullista politiikkaa.<\/p>\n<p class=\"ai-optimize-11\">\u2013 Luottamus on talouden parasta valuuttaa. Suomi ei nouse saksimalla, vaan rakentamalla, Lindtman sanoi.<\/p>\n<p class=\"ai-optimize-12\">Puheessaan Lindtman varoitti Euroopan parlamentin siirtymisest\u00e4 oikealle ja EPP:n yhteisty\u00f6st\u00e4 laitaoikeiston \u201dm\u00f6rk\u00f6oopperan\u201d kanssa. H\u00e4nen mukaansa t\u00e4m\u00e4 kehitys vaarantaa niin ilmastotavoitteet kuin Euroopan kilpailukyvyn.<\/p>\n<p class=\"ai-optimize-13\">Lindtman per\u00e4\u00e4nkuulutti vahvempaa eurooppalaista yhteisvastuuta ja muistutti, ett\u00e4 Suomen \u00e4\u00e4ni kuuluu vain aktiivisena osana unionia.<\/p>\n<p class=\"ai-optimize-14\">SDP aikoo julkaista pian kolmannen vaihtoehtobudjettinsa.<\/p>\n","protected":false},"excerpt":{"rendered":"SDP:n puheenjohtajan Antti Lindtmanin mukaan Suomi tarvitsee k\u00e4\u00e4nteen kohti kasvua, luottamusta ja rakentavaa yhteisty\u00f6t\u00e4 niin kotimaassa kuin Euroopassa&hellip;\n","protected":false},"author":2,"featured_media":90912,"comment_status":"","ping_status":"","sticky":false,"template":"","format":"standard","meta":{"footnotes":""},"categories":[5],"tags":[22,23,26,27,33,31,30,17,24,25,28,29,15,18,21,637,32,19,20,16],"class_list":{"0":"post-90911","1":"post","2":"type-post","3":"status-publish","4":"format-standard","5":"has-post-thumbnail","7":"category-otsikot","8":"tag-breaking-news","9":"tag-breakingnews","10":"tag-featured-news","11":"tag-featurednews","12":"tag-fi","13":"tag-finland","14":"tag-finnish","15":"tag-headlines","16":"tag-latest-news","17":"tag-latestnews","18":"tag-main-news","19":"tag-mainnews","20":"tag-news","21":"tag-otsikot","22":"tag-paauutiset","23":"tag-politiikka","24":"tag-suomi","25":"tag-top-stories","26":"tag-topstories","27":"tag-uutiset"},"share_on_mastodon":{"url":"https:\/\/pubeurope.com\/@fi\/115554480523531607","error":""},"_links":{"self":[{"href":"https:\/\/www.europesays.com\/fi\/wp-json\/wp\/v2\/posts\/90911","targetHints":{"allow":["GET"]}}],"collection":[{"href":"https:\/\/www.europesays.com\/fi\/wp-json\/wp\/v2\/posts"}],"about":[{"href":"https:\/\/www.europesays.com\/fi\/wp-json\/wp\/v2\/types\/post"}],"author":[{"embeddable":true,"href":"https:\/\/www.europesays.com\/fi\/wp-json\/wp\/v2\/users\/2"}],"replies":[{"embeddable":true,"href":"https:\/\/www.europesays.com\/fi\/wp-json\/wp\/v2\/comments?post=90911"}],"version-history":[{"count":0,"href":"https:\/\/www.europesays.com\/fi\/wp-json\/wp\/v2\/posts\/90911\/revisions"}],"wp:featuredmedia":[{"embeddable":true,"href":"https:\/\/www.europesays.com\/fi\/wp-json\/wp\/v2\/media\/90912"}],"wp:attachment":[{"href":"https:\/\/www.europesays.com\/fi\/wp-json\/wp\/v2\/media?parent=90911"}],"wp:term":[{"taxonomy":"category","embeddable":true,"href":"https:\/\/www.europesays.com\/fi\/wp-json\/wp\/v2\/categories?post=90911"},{"taxonomy":"post_tag","embeddable":true,"href":"https:\/\/www.europesays.com\/fi\/wp-json\/wp\/v2\/tags?post=90911"}],"curies":[{"name":"wp","href":"https:\/\/api.w.org\/{rel}","templated":true}]}}