{"id":90917,"date":"2025-11-15T16:02:08","date_gmt":"2025-11-15T16:02:08","guid":{"rendered":"https:\/\/www.europesays.com\/fi\/90917\/"},"modified":"2025-11-15T16:02:08","modified_gmt":"2025-11-15T16:02:08","slug":"hurme-paivittaa-kiven-mestariteoksen-nykypaivaan","status":"publish","type":"post","link":"https:\/\/www.europesays.com\/fi\/90917\/","title":{"rendered":"Hurme p\u00e4ivitt\u00e4\u00e4 Kiven mestariteoksen nykyp\u00e4iv\u00e4\u00e4n"},"content":{"rendered":"<p>Teatteriarvio|Juha Hurmeen tulkinta Aleksis Kiven romaanista avautuu vaivatta kaikenik\u00e4iselle yleis\u00f6lle joukkuepelien ja kamppailulajien kautta.<\/p>\n<p class=\"article-body mb-nof-24 px-nof-16\">Draama<\/p>\n<p class=\"article-body mb-nof-24 px-nof-16\">Seitsem\u00e4n veljest\u00e4. Ensi-ilta Jyv\u00e4skyl\u00e4n kaupunginteatterin v\u00e4ist\u00f6tiloissa Paviljongin Aune-n\u00e4ytt\u00e4m\u00f6ll\u00e4 14.11. Aleksis Kiven romaanin nykysuomeksi k\u00e4\u00e4nt\u00e4nyt, sovittanut ja ohjannut Juha Hurme. \u2605\u2605\u2605<\/p>\n<p class=\"article-body mb-nof-24 px-nof-16\">Jyv\u00e4skyl\u00e4n yliopistossa aikanaan opiskellut ja Jyv\u00e4skyl\u00e4n ylioppilasteatterissa teatteriuransa aloittanut <a class=\"article-personlink\" href=\"https:\/\/www.hs.fi\/haku\/?query=Juha%20Hurme\" rel=\"nofollow noopener\" target=\"_blank\">Juha Hurme<\/a> tunnetaan t\u00e4n\u00e4 p\u00e4iv\u00e4n\u00e4 paremmin uskomattoman laajasta kirjallisesta tuotannostaan, mutta h\u00e4n on tehnyt koko ajan my\u00f6s monipuolisesti teatteria.<\/p>\n","protected":false},"excerpt":{"rendered":"Teatteriarvio|Juha Hurmeen tulkinta Aleksis Kiven romaanista avautuu vaivatta kaikenik\u00e4iselle yleis\u00f6lle joukkuepelien ja kamppailulajien kautta. Draama Seitsem\u00e4n veljest\u00e4. Ensi-ilta&hellip;\n","protected":false},"author":2,"featured_media":90918,"comment_status":"","ping_status":"","sticky":false,"template":"","format":"standard","meta":{"footnotes":""},"categories":[130],"tags":[137,33,31,30,46,32,109],"class_list":{"0":"post-90917","1":"post","2":"type-post","3":"status-publish","4":"format-standard","5":"has-post-thumbnail","7":"category-viihde","8":"tag-entertainment","9":"tag-fi","10":"tag-finland","11":"tag-finnish","12":"tag-helsingin-sanomat","13":"tag-suomi","14":"tag-viihde"},"share_on_mastodon":{"url":"https:\/\/pubeurope.com\/@fi\/115554559124646712","error":""},"_links":{"self":[{"href":"https:\/\/www.europesays.com\/fi\/wp-json\/wp\/v2\/posts\/90917","targetHints":{"allow":["GET"]}}],"collection":[{"href":"https:\/\/www.europesays.com\/fi\/wp-json\/wp\/v2\/posts"}],"about":[{"href":"https:\/\/www.europesays.com\/fi\/wp-json\/wp\/v2\/types\/post"}],"author":[{"embeddable":true,"href":"https:\/\/www.europesays.com\/fi\/wp-json\/wp\/v2\/users\/2"}],"replies":[{"embeddable":true,"href":"https:\/\/www.europesays.com\/fi\/wp-json\/wp\/v2\/comments?post=90917"}],"version-history":[{"count":0,"href":"https:\/\/www.europesays.com\/fi\/wp-json\/wp\/v2\/posts\/90917\/revisions"}],"wp:featuredmedia":[{"embeddable":true,"href":"https:\/\/www.europesays.com\/fi\/wp-json\/wp\/v2\/media\/90918"}],"wp:attachment":[{"href":"https:\/\/www.europesays.com\/fi\/wp-json\/wp\/v2\/media?parent=90917"}],"wp:term":[{"taxonomy":"category","embeddable":true,"href":"https:\/\/www.europesays.com\/fi\/wp-json\/wp\/v2\/categories?post=90917"},{"taxonomy":"post_tag","embeddable":true,"href":"https:\/\/www.europesays.com\/fi\/wp-json\/wp\/v2\/tags?post=90917"}],"curies":[{"name":"wp","href":"https:\/\/api.w.org\/{rel}","templated":true}]}}