{"id":90919,"date":"2025-11-15T16:07:10","date_gmt":"2025-11-15T16:07:10","guid":{"rendered":"https:\/\/www.europesays.com\/fi\/90919\/"},"modified":"2025-11-15T16:07:10","modified_gmt":"2025-11-15T16:07:10","slug":"vaasan-vuokra-asuntopula-iskee-opiskelijoihin-topi-laaksonen-joutuu-muuttamaan-kolmannen-kerran-puolessa-vuodessa-kotimaa","status":"publish","type":"post","link":"https:\/\/www.europesays.com\/fi\/90919\/","title":{"rendered":"Vaasan vuokra-asuntopula iskee opiskelijoihin \u2013 Topi Laaksonen joutuu muuttamaan kolmannen kerran puolessa vuodessa | Kotimaa"},"content":{"rendered":"<p class=\"aw-1gybjub aw-5vja16 kEtdKx kmuxyA yle__article__paragraph\">Topi Laaksonen alkoi hein\u00e4kuussa etsi\u00e4 vuokra-asuntoa Vaasasta. H\u00e4n p\u00e4\u00e4see toivomaansa asuntoon ensi vuoden alussa.<\/p>\n<p><img decoding=\"async\" alt=\"Topi Laaksonen opiskelee Vaasan ammattikorkeakoulussa ja asuu vuokra-asunnossa Vaasassa.\" src=\"https:\/\/www.europesays.com\/fi\/wp-content\/uploads\/2025\/11\/39-15537166916ea3648b5a.jpeg\" class=\"aw-1l9m598 hKVVvP\"\/><\/p>\n<p>Avaa kuvien katselu<\/p>\n<p>Topi Laaksonen joutuu muuttamaan viel\u00e4 kolmannen kerran puolen vuoden aikana p\u00e4\u00e4st\u00e4kseen sopivaan asuntoon. Kuva: Matti Rinnekangas \/ Yle<\/p>\n<p>Juttu tiivistettyn\u00e4<\/p>\n<ul class=\"aw-1jjocuh iJTSwP yle__article__list yle__article__list--ul\">\n<li class=\"aw-1j7gwms gNYKfi\">Vaasa k\u00e4rsii vuokra-asuntopulasta, kun v\u00e4kiluku kasvaa nopeasti.<\/li>\n<li class=\"aw-1j7gwms gNYKfi\">Erityisesti opiskelijat ja nuoret ovat vaikeassa asemassa asunnon suhteen.<\/li>\n<li class=\"aw-1j7gwms gNYKfi\">Topi Laaksonen joutuu muuttamaan kolme kertaa puolen vuoden sis\u00e4ll\u00e4.<\/li>\n<li class=\"aw-1j7gwms gNYKfi\">Helsinkil\u00e4isl\u00e4ht\u00f6inen Laaksonen ep\u00e4ilee, ett\u00e4 p\u00e4\u00e4kaupunkiseudulta h\u00e4n olisi saanut asunnon heti.<\/li>\n<\/ul>\n<p class=\"aw-1gybjub aw-1p7kakr kEtdKx cEmitX yle__article__paragraph\">T\u00e4m\u00e4 on teko\u00e4lyn avulla tuotettu, toimittajan tarkistama tiivistelm\u00e4.<\/p>\n<p class=\"aw-1gybjub aw-1p7kakr kEtdKx cEmitX yle__article__paragraph\">Vaasassa k\u00e4rsit\u00e4\u00e4n <a class=\"aw-iao6s4 iHOxEa yle__article__link\" href=\"https:\/\/yle.fi\/a\/74-20193698\" role=\"link\" rel=\"nofollow noopener\" target=\"_blank\">vuokra-asuntopulasta<\/a> kaupungin v\u00e4kiluvun kasvaessa enn\u00e4tysvauhdilla. Erityisesti opiskelijat ja nuoret ovat hankalassa tilanteessa.<\/p>\n<p class=\"aw-1gybjub aw-1p7kakr kEtdKx cEmitX yle__article__paragraph\">Vaasan ammattikorkeakoulussa ensimm\u00e4ist\u00e4 vuotta opiskeleva <strong class=\"aw-ak79eh KyCXm yle__article__strong\">Topi Laaksonen<\/strong> on joutunut turvautumaan v\u00e4liaikaisratkaisuihin asumisj\u00e4rjestelyiss\u00e4\u00e4n. H\u00e4n joutuu muuttamaan viel\u00e4 kolmannen kerran puolen vuoden aikana p\u00e4\u00e4st\u00e4kseen sopivaan asuntoon.<\/p>\n<p class=\"aw-1gybjub aw-1p7kakr kEtdKx cEmitX yle__article__paragraph\">Vaasassa noin 45 prosenttia kotitalouksista ja kolmasosa v\u00e4est\u00f6st\u00e4 asuu vuokralla. Yli 60 prosenttia kaupungin uusista asukkaista on 20\u201330-vuotiaita, jotka tarvitsevat nimenomaan vuokra-asuntoja. Kohtuuhintaisista vuokra-asunnoista on kaupungissa huutava pula.<\/p>\n<p class=\"aw-1gybjub aw-1p7kakr kEtdKx cEmitX yle__article__paragraph\">Laaksonen kertoo aloittaneensa asunnonhaun heti saatuaan tiedon opiskelupaikasta viime hein\u00e4kuussa.<\/p>\n<p class=\"aw-1gybjub aw-1p7kakr kEtdKx cEmitX yle__article__paragraph\">\u2013 Ensimm\u00e4isen\u00e4 tarkistin, onko Vaasassa paikallista opiskelijas\u00e4\u00e4ti\u00f6t\u00e4. L\u00f6ysin Vaasan opiskelija-asuntos\u00e4\u00e4ti\u00f6n Voasin ja laitoin hakemuksen k\u00e4yt\u00e4nn\u00f6ss\u00e4 kaikkiin tarjolla oleviin kohteisiin, Laaksonen kertoo.<\/p>\n<p>V\u00e4liaikaisratkaisu ja h\u00e4t\u00e4majoitus<\/p>\n<p class=\"aw-1gybjub aw-1p7kakr kEtdKx cEmitX yle__article__paragraph\">Asunnon l\u00f6yt\u00e4minen osoittautui kuitenkin odotettua vaikeammaksi. Laaksonen joutui ensin turvautumaan yksityishenkil\u00f6n tarjoamaan huoneeseen omakotitalon yl\u00e4kerrassa.<\/p>\n<p class=\"aw-1gybjub aw-1p7kakr kEtdKx cEmitX yle__article__paragraph\">\u2013 Olin siin\u00e4 vaiheessa jo v\u00e4h\u00e4n ep\u00e4toivoinen. Olin katsonut my\u00f6s yksityisilt\u00e4, mutta niiden vuokrat ovat paljon korkeammat kuin Voasin, h\u00e4n sanoo.<\/p>\n<p class=\"aw-1gybjub aw-1p7kakr kEtdKx cEmitX yle__article__paragraph\">J\u00e4rjestely kesti vain kuukauden, koska vuokranantajalle tuli esteit\u00e4 jatkaa sopimusta. Seuraavaksi Laaksoselle tarjottiin soluasuntoa.<\/p>\n<p class=\"aw-1gybjub aw-1p7kakr kEtdKx cEmitX yle__article__paragraph\">\u2013 Otin sen vastaan, koska tilanne oli jo kiireellinen ja tarvitsin h\u00e4t\u00e4majoituksen, h\u00e4n kertoo.<\/p>\n<p class=\"aw-1gybjub aw-1p7kakr kEtdKx cEmitX yle__article__paragraph\">Lopulta, puolen vuoden etsinn\u00e4n ja kahden v\u00e4liaikaisratkaisun j\u00e4lkeen, Laaksonen sai tiedon Voasin uudesta, Palosaarelle rakentuvasta Merit\u00e4hti-kohteesta. Sielt\u00e4 h\u00e4n saa yksi\u00f6n ensi vuoden alussa.<\/p>\n<p class=\"aw-1gybjub aw-1p7kakr kEtdKx cEmitX yle__article__paragraph\">\u2013 Vaasassa on niin tiukka t\u00e4m\u00e4 asumistilanne, ett\u00e4 periaatteessa kaikki keinot piti ottaa k\u00e4ytt\u00f6\u00f6n, Laaksonen tiivist\u00e4\u00e4 kokemuksensa.<\/p>\n<p><img decoding=\"async\" alt=\"Voasin Merit\u00e4hti rakennus Palosaarella Vaasassa.\" src=\"https:\/\/www.europesays.com\/fi\/wp-content\/uploads\/2025\/11\/39-15538066916fd8929b8d.jpeg\" loading=\"lazy\" class=\"aw-1l9m598 hKVVvP\"\/><\/p>\n<p>Avaa kuvien katselu<\/p>\n<p>Vaasan opiskelija-asuntos\u00e4\u00e4ti\u00f6n uusin kohde, Palosaarella sijaitseva Merit\u00e4hti on pian valmis. Kuva: Jarkko Heikkinen \/ YleVaasan tilanne yll\u00e4tti<\/p>\n<p class=\"aw-1gybjub aw-1p7kakr kEtdKx cEmitX yle__article__paragraph\">Helsinkil\u00e4isl\u00e4ht\u00f6iselle nuorelle Vaasan asuntotilanne tuli yll\u00e4tyksen\u00e4. H\u00e4n arvelee, ett\u00e4 olisi saanut asunnon p\u00e4\u00e4kaupunkiseudulta vaikka heti.<\/p>\n<p class=\"aw-1gybjub aw-1p7kakr kEtdKx cEmitX yle__article__paragraph\">\u2013 Oletin, ett\u00e4 opiskelijakaupungissa olisi kuntatasolla varauduttu siihen, ett\u00e4 olisi tarpeeksi asuntoja ihmisille, Laaksonen ihmettelee Vaasan tilannetta.<\/p>\n<p class=\"aw-1gybjub aw-1p7kakr kEtdKx cEmitX yle__article__paragraph\">H\u00e4n joutui joustamaan my\u00f6s toiveistaan asunnon sijainnin suhteen. Laaksonen katseli aluksi asuntoja Palosaarelta ja keskustasta, ett\u00e4 p\u00e4\u00e4sisin k\u00e4vellen kouluun.<\/p>\n<p class=\"aw-1gybjub aw-1p7kakr kEtdKx cEmitX yle__article__paragraph\">\u2013 Kun aikaraja tuli vastaan, piti ottaa asunto kauempaa Kotirannalta, h\u00e4n kertoo ensimm\u00e4isest\u00e4 asunnostaan Vaasassa.<\/p>\n<p class=\"aw-1gybjub aw-1p7kakr kEtdKx cEmitX yle__article__paragraph\">Laaksonen aikoo pysy\u00e4 tulevassa yksi\u00f6ss\u00e4\u00e4n Palosaarella mieluusti koko nelivuotisen opiskeluaikansa ajan.<\/p>\n","protected":false},"excerpt":{"rendered":"Topi Laaksonen alkoi hein\u00e4kuussa etsi\u00e4 vuokra-asuntoa Vaasasta. H\u00e4n p\u00e4\u00e4see toivomaansa asuntoon ensi vuoden alussa. Avaa kuvien katselu Topi&hellip;\n","protected":false},"author":2,"featured_media":90920,"comment_status":"","ping_status":"","sticky":false,"template":"","format":"standard","meta":{"footnotes":""},"categories":[12],"tags":[542,1983,22,23,26,27,33,31,30,17,543,71,24,25,28,29,15,18175,97,18,21,18174,449,32,19,20,16,859,3935],"class_list":{"0":"post-90919","1":"post","2":"type-post","3":"status-publish","4":"format-standard","5":"has-post-thumbnail","7":"category-suomi","8":"tag-asuminen","9":"tag-asunnot","10":"tag-breaking-news","11":"tag-breakingnews","12":"tag-featured-news","13":"tag-featurednews","14":"tag-fi","15":"tag-finland","16":"tag-finnish","17":"tag-headlines","18":"tag-koti-ja-asuminen","19":"tag-kotimaa","20":"tag-latest-news","21":"tag-latestnews","22":"tag-main-news","23":"tag-mainnews","24":"tag-news","25":"tag-opiskelija-asunnot","26":"tag-opiskelijat","27":"tag-otsikot","28":"tag-paauutiset","29":"tag-palosaari","30":"tag-pohjanmaa","31":"tag-suomi","32":"tag-top-stories","33":"tag-topstories","34":"tag-uutiset","35":"tag-vaasa","36":"tag-vuokra-asunnot"},"share_on_mastodon":{"url":"https:\/\/pubeurope.com\/@fi\/115554579007543305","error":""},"_links":{"self":[{"href":"https:\/\/www.europesays.com\/fi\/wp-json\/wp\/v2\/posts\/90919","targetHints":{"allow":["GET"]}}],"collection":[{"href":"https:\/\/www.europesays.com\/fi\/wp-json\/wp\/v2\/posts"}],"about":[{"href":"https:\/\/www.europesays.com\/fi\/wp-json\/wp\/v2\/types\/post"}],"author":[{"embeddable":true,"href":"https:\/\/www.europesays.com\/fi\/wp-json\/wp\/v2\/users\/2"}],"replies":[{"embeddable":true,"href":"https:\/\/www.europesays.com\/fi\/wp-json\/wp\/v2\/comments?post=90919"}],"version-history":[{"count":0,"href":"https:\/\/www.europesays.com\/fi\/wp-json\/wp\/v2\/posts\/90919\/revisions"}],"wp:featuredmedia":[{"embeddable":true,"href":"https:\/\/www.europesays.com\/fi\/wp-json\/wp\/v2\/media\/90920"}],"wp:attachment":[{"href":"https:\/\/www.europesays.com\/fi\/wp-json\/wp\/v2\/media?parent=90919"}],"wp:term":[{"taxonomy":"category","embeddable":true,"href":"https:\/\/www.europesays.com\/fi\/wp-json\/wp\/v2\/categories?post=90919"},{"taxonomy":"post_tag","embeddable":true,"href":"https:\/\/www.europesays.com\/fi\/wp-json\/wp\/v2\/tags?post=90919"}],"curies":[{"name":"wp","href":"https:\/\/api.w.org\/{rel}","templated":true}]}}