{"id":90925,"date":"2025-11-15T16:20:08","date_gmt":"2025-11-15T16:20:08","guid":{"rendered":"https:\/\/www.europesays.com\/fi\/90925\/"},"modified":"2025-11-15T16:20:08","modified_gmt":"2025-11-15T16:20:08","slug":"julkkikset-ja-tavikset-reissaavat-maailmalla-tv-viihteen-nimissa","status":"publish","type":"post","link":"https:\/\/www.europesays.com\/fi\/90925\/","title":{"rendered":"Julkkikset ja tavikset reissaavat maailmalla tv-viihteen nimiss\u00e4"},"content":{"rendered":"<p>            MTV\n        <\/p>\n<p class=\"subtitle \">Maailmalla on py\u00f6ritty nyt oikein urakalla, huomaa Katson toimitusp\u00e4\u00e4llikk\u00f6.<\/p>\n<p class=\"article-content article-content-width !bg-background\">Tulevana lauantaina alkaa taas jumalaton ravaaminen, kun joukko julkkiksia aisapareineen kilpailee Amazing Race Suomi -ohjelman kolmannella kaudella. Mukana kisassa on muun muassa ex-missi , joka on aiemmin kilpaillut my\u00f6s muun muassa Big Brotherissa ja Selviytyjiss\u00e4. Mutta kuka muistaa, ett\u00e4 h\u00e4n on my\u00f6s juontanut ohjelmia?<\/p>\n<p class=\"article-content article-content-width !bg-background\">Tammikuussa 2016 Sara juonsi unohduksen suohon vajonnutta ohjelmakonseptia Nelosella. Ummikot ulkomailla -ohjelman (melko hauskana) ideana oli vied\u00e4 tavallisia suomalaisia n\u00e4iden el\u00e4m\u00e4n ensimm\u00e4iselle ulkomaanreissulle.<\/p>\n<p>        <a itemprop=\"url\" href=\"https:\/\/www.seiska.fi\/katso\/sara-sieppi-amazing-racessa-minahan-sekosin\/1974911\" rel=\"nofollow noopener\" target=\"_blank\"><\/p>\n<p>\nSara Sieppi Amazing Racessa\n<\/p>\n<p class=\"section-date\">\n        <strong class=\"article-section\" data-section=\"katso\"><br \/>\n            katso<br \/>\n        <\/strong><br \/>\n        28.10. 08:45\n    <\/p>\n<p>Sara Sieppi Amazing Racessa: &#8221;Min\u00e4h\u00e4n sekosin&#8221;\n    <\/p>\n<p itemprop=\"description\" class=\"subtitle \">\n    Amazing Race Suomeen osallistuneen Sara Siepin veli Artturi Sieppi on luonteeltaan siskoaan rauhallisempi.\n<\/p>\n<p>        <\/a><\/p>\n<p class=\"article-content article-content-width !bg-background\">T\u00e4m\u00e4 ohjelma tuli itselleni mieleen niinik\u00e4\u00e4n lauantaina alkavasta uutusohjelmasta Lomalle lompsis. Siin\u00e4kin vied\u00e4\u00e4n ihan tavallisia suomalaisia ulkomaille, joskaan kyseess\u00e4 ei ole osallistujien ensimm\u00e4iset ulkomaanreissut, vaan heid\u00e4n teht\u00e4v\u00e4n\u00e4\u00e4n on arvostella matkakohteet.<\/p>\n<p class=\"article-content article-content-width !bg-background\">N\u00e4kem\u00e4ni kahden ensimm\u00e4isen jakson perusteella kaikki ovat t\u00e4pin\u00f6iss\u00e4\u00e4n siit\u00e4, ett\u00e4 ovat p\u00e4\u00e4sseet reissuun (mit\u00e4 ilmeisemmin tuotantoyhti\u00f6n rahoilla) ja antavat kohteille ainakin nelj\u00e4 t\u00e4hte\u00e4 viidest\u00e4.\u00a0<\/p>\n<p>        <a itemprop=\"url\" href=\"https:\/\/www.seiska.fi\/katso\/nakokulma-alone-suomi-liisa-on-sankari\/1949013\" rel=\"nofollow noopener\" target=\"_blank\"><\/p>\n<p>\nAlone Suomi\n<\/p>\n<p class=\"section-date\">\n        <strong class=\"article-section\" data-section=\"katso\"><br \/>\n            katso<br \/>\n        <\/strong><br \/>\n        8.10. 10:15\n    <\/p>\n<p>N\u00e4k\u00f6kulma: Alone Suomi -Liisa on sankari\n    <\/p>\n<p itemprop=\"description\" class=\"subtitle \">\n    Kiroileva porilainen p\u00e4tk\u00e4ty\u00f6l\u00e4inen on ollut monen suosikki Alone Suomessa.\n<\/p>\n<p>        <\/a><\/p>\n<p>Funktiona kateuden ruokkiminen<\/p>\n<p class=\"article-content article-content-width !bg-background\">T\u00e4st\u00e4 ei synny hyv\u00e4\u00e4 tv-viihdett\u00e4, joten sarjan ainoaksi funktioksi j\u00e4\u00e4neekin muiden taviskatsojien kateuden ruokkiminen. Miksi MIN\u00c4 en ole tuolla!!!???<\/p>\n<p class=\"article-content article-content-width !bg-background\">Mutta ollaan onnellisia siit\u00e4, ett\u00e4 ilmaisturismia tv-viihteen nimiss\u00e4 harrastavat nyt kerrankin tasapuolisesti julkkikset ja tavikset.\u00a0<\/p>\n<p class=\"article-content article-content-width !bg-background\">Tai ei ihan tasapuolisesti kuitenkaan, sill\u00e4 m\u00e4\u00e4r\u00e4llisesti julkkikset voittavat t\u00e4m\u00e4n kisan. Varsinkin kun julkkisreissaajiin voidaan laskea mukaan TV1:ss\u00e4 sunnuntaisin py\u00f6riv\u00e4n Kaikki rakastavat hevosia -sarjan n\u00e4yttelij\u00e4t. Tuo sarja kun on tehty vain siksi, ett\u00e4 tekij\u00e4t ovat saaneet tekosyyn matkustaa eksoottiseen Islantiin.<\/p>\n<p>        <a itemprop=\"url\" href=\"https:\/\/www.seiska.fi\/katso\/uusi-tosi-tv-seuraa-tavan-suomalaisia-ulkomailla-tassa-ovat-osallistujat\/1957672\" rel=\"nofollow noopener\" target=\"_blank\"><\/p>\n<p>\nUusi tosi-tv\n<\/p>\n<p class=\"section-date\">\n        <strong class=\"article-section\" data-section=\"katso\"><br \/>\n            katso<br \/>\n        <\/strong><br \/>\n        10.10. 09:15\n    <\/p>\n<p>Uusi tosi-tv seuraa tavan suomalaisia ulkomailla \u2013 t\u00e4ss\u00e4 ovat osallistujat\n    <\/p>\n<p itemprop=\"description\" class=\"subtitle \">\n    Lomalle lompsis -realityssa nelj\u00e4 reissuporukkaa matkustaa ja pisteytt\u00e4\u00e4 reissujaan. Osalla ei juurikaan ole kokemusta ulkomaista, kun taas toiset ovat kokeneempia reissaajia.\n<\/p>\n<p>        <\/a><\/p>\n","protected":false},"excerpt":{"rendered":"MTV Maailmalla on py\u00f6ritty nyt oikein urakalla, huomaa Katson toimitusp\u00e4\u00e4llikk\u00f6. Tulevana lauantaina alkaa taas jumalaton ravaaminen, kun joukko&hellip;\n","protected":false},"author":2,"featured_media":90926,"comment_status":"","ping_status":"","sticky":false,"template":"","format":"standard","meta":{"footnotes":""},"categories":[136],"tags":[3177,407,137,33,31,30,15226,408,15541,13632,1478,4889,4531,3423,32,18176,18177,109],"class_list":{"0":"post-90925","1":"post","2":"type-post","3":"status-publish","4":"format-standard","5":"has-post-thumbnail","7":"category-julkkikset","8":"tag-amazing-race-suomi","9":"tag-celebrities","10":"tag-entertainment","11":"tag-fi","12":"tag-finland","13":"tag-finnish","14":"tag-islanti","15":"tag-julkkikset","16":"tag-kaikki-rakastavat-hevosia","17":"tag-lomalle-lompsis","18":"tag-matkailu","19":"tag-matkailuohjelma","20":"tag-nakokulma","21":"tag-sara-sieppi","22":"tag-suomi","23":"tag-tv-viihde","24":"tag-ummikot-ulkomailla","25":"tag-viihde"},"share_on_mastodon":{"url":"https:\/\/pubeurope.com\/@fi\/115554629903185027","error":""},"_links":{"self":[{"href":"https:\/\/www.europesays.com\/fi\/wp-json\/wp\/v2\/posts\/90925","targetHints":{"allow":["GET"]}}],"collection":[{"href":"https:\/\/www.europesays.com\/fi\/wp-json\/wp\/v2\/posts"}],"about":[{"href":"https:\/\/www.europesays.com\/fi\/wp-json\/wp\/v2\/types\/post"}],"author":[{"embeddable":true,"href":"https:\/\/www.europesays.com\/fi\/wp-json\/wp\/v2\/users\/2"}],"replies":[{"embeddable":true,"href":"https:\/\/www.europesays.com\/fi\/wp-json\/wp\/v2\/comments?post=90925"}],"version-history":[{"count":0,"href":"https:\/\/www.europesays.com\/fi\/wp-json\/wp\/v2\/posts\/90925\/revisions"}],"wp:featuredmedia":[{"embeddable":true,"href":"https:\/\/www.europesays.com\/fi\/wp-json\/wp\/v2\/media\/90926"}],"wp:attachment":[{"href":"https:\/\/www.europesays.com\/fi\/wp-json\/wp\/v2\/media?parent=90925"}],"wp:term":[{"taxonomy":"category","embeddable":true,"href":"https:\/\/www.europesays.com\/fi\/wp-json\/wp\/v2\/categories?post=90925"},{"taxonomy":"post_tag","embeddable":true,"href":"https:\/\/www.europesays.com\/fi\/wp-json\/wp\/v2\/tags?post=90925"}],"curies":[{"name":"wp","href":"https:\/\/api.w.org\/{rel}","templated":true}]}}